{"id":72361,"date":"2015-09-18T21:30:16","date_gmt":"2015-09-19T00:30:16","guid":{"rendered":"http:\/\/www.24baires.com\/?p=72361"},"modified":"2015-09-18T20:32:33","modified_gmt":"2015-09-18T23:32:33","slug":"cristina-viaja-a-cuba-a-presenciar-la-misa-que-dara-francisco","status":"publish","type":"post","link":"http:\/\/www.24baires.com\/?p=72361","title":{"rendered":"Cristina viaja a Cuba a presenciar la misa que dar\u00e1 Francisco"},"content":{"rendered":"<p><img data-recalc-dims=\"1\" loading=\"lazy\" decoding=\"async\" class=\"aligncenter size-full wp-image-71658\" src=\"https:\/\/i0.wp.com\/www.24baires.com\/wp-content\/uploads\/2015\/09\/cristina-energia.jpg?resize=560%2C373\" alt=\"cristina energia\" width=\"560\" height=\"373\" srcset=\"https:\/\/i0.wp.com\/www.24baires.com\/wp-content\/uploads\/2015\/09\/cristina-energia.jpg?w=560 560w, https:\/\/i0.wp.com\/www.24baires.com\/wp-content\/uploads\/2015\/09\/cristina-energia.jpg?resize=300%2C200 300w\" sizes=\"auto, (max-width: 560px) 100vw, 560px\" \/>La Presidenta partir\u00e1 a Cuba para presenciar la misa que Francisco oficiar\u00e1 el domingo en la Plaza de la Revoluci\u00f3n, en donde est\u00e1 todo listo para celebrar la ceremonia que ser\u00e1 presenciada por un mill\u00f3n de fieles.<!--more--><\/p>\n<p>La presidenta Cristina Fern\u00e1ndez de Kirchner partir\u00e1 esta noche a Cuba para presenciar la Misa que el papa Francisco oficiar\u00e1 el domingo en la Plaza de la Revoluci\u00f3n de La Habana, en donde est\u00e1 todo listo para celebrar la ceremonia que ser\u00e1 presenciada por un mill\u00f3n de fieles, en una ciudad vestida de fiesta que aguarda con expectativa esa jornada hist\u00f3rica.<\/p>\n<p>Cristina arribar\u00e1 ma\u00f1ana al aeropuerto internacional Jos\u00e9 Mart\u00ed de La Habana alrededor de las 5 de la ma\u00f1ana y se alojar\u00e1 en el tradicional Hotel Nacional, en donde se mont\u00f3 una gigantesca sala de prensa que reunir\u00e1 a m\u00e1s de 400 periodistas acreditados de todo el mundo.<\/p>\n<p>Es que este pa\u00eds se encuentra conmovido por el inicio del di\u00e1logo diplom\u00e1tico con Estados Unidos, tras d\u00e9cadas de bloqueo de Washington a la isla; negociaciones en las que el Papa argentino cumpli\u00f3 un rol trascendental.<\/p>\n<p>En un denso clima h\u00famedo que por momentos alivia una espor\u00e1dica lluvia tropical, los cubanos se encuentran expectantes por la tercera visita de un sumo pont\u00edfice a la isla, tras el paso de Juan Pablo II en 1998 y Benedicto XVI en 2012.<\/p>\n<p>En los centros comerciales de las calles c\u00e9ntricas, distintos afiches que le dan la bienvenida al Papa a Cuba se convierten en una met\u00e1fora de la expectativa cubana, que se hace evidente al dialogar con los habaneros, que encuentran como novedad el origen latinoamericano del sumo pont\u00edfice.<\/p>\n<p>El arribo de la presidenta Cristina Fern\u00e1ndez de Kirchner tambi\u00e9n atrajo la atenci\u00f3n de los cubanos, ya que, seg\u00fan cont\u00f3 Carlos -un cubano de 50 a\u00f1os- a T\u00e9lam, la mandataria argentina despierta \u00abadmiraci\u00f3n\u00bb entre sus familiares y amigos.<\/p>\n<p>Asimismo, en el centro de acreditaci\u00f3n de prensa internacional, un cartel que anuncia la llegada de Cristina en la madrugada de ma\u00f1ana, despert\u00f3 el di\u00e1logo de varios de los periodistas, quienes se volcaron a contar an\u00e9cdotas de la cobertura de la mandataria durante sus distintos encuentros con el papa Francisco.<\/p>\n<p>Es que esta es la s\u00e9ptima vez que Cristina se ver\u00e1 con Francisco desde el inicio del pontificado de Jorge Bergoglio; ya que previamente comparti\u00f3 cuatro audiencias privadas y dos encuentros en ocasi\u00f3n de las giras papales por Latinoam\u00e9rica.<\/p>\n<p>En los distintos encuentros con la prensa, la Presidenta ha manifestado el clima de \u00abcalidez\u00bb que mantienen ambos mandatarios, quienes han dialogado sobre diversos temas de relevancia nacional e internacional, tales como la causa Malvinas y los fondos buitre, as\u00ed como tambi\u00e9n la necesidad de la uni\u00f3n latinoamericana y la problem\u00e1tica de la juventud sin trabajo en el mundo.<\/p>\n<p>En esta ocasi\u00f3n, Cristina ser\u00e1 una de las 3.500 invitadas que asistir\u00e1n a la misa que oficiar\u00e1 Francisco este domingo por la ma\u00f1ana, al aceptar la invitaci\u00f3n de visitar la isla por parte del presidente de Cuba, Ra\u00fal Castro.<\/p>\n<p>Este ser\u00e1 el cuarto viaje de Cristina a esta isla caribe\u00f1a durante su mandato: la primera visita oficial tuvo lugar en 2009, y de esa forma se convirti\u00f3 en la primera mandataria argentina en viajar a la isla en 23 a\u00f1os, luego del arribo del entonces presidente Ra\u00fal Alfons\u00edn en 1986.<\/p>\n<p>En 2013 mantuvo un encuentro con los hermanos Fidel y Ra\u00fal Castro y posteriormente visit\u00f3 al ex presidente venezolano Hugo Ch\u00e1vez, quien en ese momento se encontraba en Cuba trat\u00e1ndose la enfermedad que le provocar\u00eda la muerte meses despu\u00e9s; y en 2014 volvi\u00f3 ya que en este pa\u00eds se realiz\u00f3 la cumbre de la Comunidad de Estados Latinoamericanos y Caribe\u00f1os (Celac).<\/p>\n<p>Mientras los mandatarios se preparan para la llegada a Cuba, en la Plaza de la Revoluci\u00f3n ultimaban los preparativos para la misa del Papa, aunque todos los detalles, hasta la colocaci\u00f3n geom\u00e9trica de las sillas para los invitados, ya est\u00e1n listos.<\/p>\n<p>Desde junio, un equipo de trabajadores de Cuba contratados para la ocasi\u00f3n, trabaja en la realizaci\u00f3n de las obras para recibir a Francisco y a cientos de miles de personas que lo ver\u00e1n pasar en el papam\u00f3vil a trav\u00e9s de la Plaza de la Revoluci\u00f3n.<\/p>\n<p>La misa la dar\u00e1 a un costado del Monumento al \u00abChe\u00bb Guevara, en donde se mont\u00f3 un imponente estrado papal cubierto con follaje propio de Cuba, frente a una gigantograf\u00eda de Cristo colocada en el edificio de la Biblioteca Nacional, y delante de un enorme panel que anuncia la llegada del \u00abMisionero de la Misericordia\u00bb, tal el lema de la visita de Francisco.<\/p>\n<p>El Papa visitar\u00e1 la isla durante tres d\u00edas, y estar\u00e1 en La Habana, Holgu\u00edn y Santiago de Cuba, en donde venerar\u00e1 a la Virgen de la Caridad del Cobre, la patrona de ese pa\u00eds; adem\u00e1s de reunirse con j\u00f3venes y sufrientes y tambi\u00e9n con obispos.<\/p>\n<p>Luego de su paso por la isla, Francisco se dirigir\u00e1 hacia Estados Unidos, en una misi\u00f3n que encarar\u00e1 \u00abcon gran esperanza\u00bb, tal como describi\u00f3 d\u00edas atr\u00e1s en el Vaticano.<\/p>\n<p>&nbsp;<\/p>\n<p>&nbsp;<\/p>\n<p>&nbsp;<\/p>\n<p>&nbsp;<\/p>\n<p>&nbsp;<\/p>\n<p>&nbsp;<\/p>\n<p>&nbsp;<\/p>\n<p>&nbsp;<\/p>\n<p>&nbsp;<\/p>\n<p>&nbsp;<\/p>\n<p>&nbsp;<\/p>\n<p>&nbsp;<\/p>\n","protected":false},"excerpt":{"rendered":"<p>La Presidenta partir\u00e1 a Cuba para presenciar la misa que Francisco oficiar\u00e1 el domingo en la Plaza de la Revoluci\u00f3n, en donde est\u00e1 todo listo para celebrar la ceremonia que ser\u00e1 presenciada por un mill\u00f3n de fieles.<\/p>\n","protected":false},"author":8,"featured_media":0,"comment_status":"open","ping_status":"open","sticky":false,"template":"","format":"standard","meta":{"_jetpack_newsletter_access":"","_jetpack_dont_email_post_to_subs":false,"_jetpack_newsletter_tier_id":0,"_jetpack_memberships_contains_paywalled_content":false,"_jetpack_memberships_contains_paid_content":false,"footnotes":""},"categories":[51],"tags":[],"class_list":["post-72361","post","type-post","status-publish","format-standard","hentry","category-politica"],"jetpack_shortlink":"https:\/\/wp.me\/p2JWE0-iP7","jetpack-related-posts":[{"id":68950,"url":"http:\/\/www.24baires.com\/?p=68950","url_meta":{"origin":72361,"position":0},"title":"Cristina salud\u00f3 al Papa tras la misa en Paraguay","author":"AF","date":"12\/07\/2015","format":false,"excerpt":"La Presidenta asisti\u00f3 a la multitudinaria misa celebrada por Francisco en el parque \u00d1u Guas\u00fa y, concluida la ceremonia, salud\u00f3 al sumo pont\u00edfice y le entreg\u00f3 un obsequio. La misa coron\u00f3 la gira del Papa por Ecuador, Bolivia y Paraguay. La misa en el Parque \u00d1u Guasu, en cercan\u00edas de\u2026","rel":"","context":"En \u00abLocales\u00bb","block_context":{"text":"Locales","link":"http:\/\/www.24baires.com\/?cat=38"},"img":{"alt_text":"","src":"","width":0,"height":0},"classes":[]},{"id":72433,"url":"http:\/\/www.24baires.com\/?p=72433","url_meta":{"origin":72361,"position":1},"title":"El Papa recorre Holgu\u00edn, su segunda escala en Cuba","author":"GB","date":"21\/09\/2015","format":false,"excerpt":"El Papa recorre esa ciudad oriental de la isla, que recibe por primera vez la visita de un pont\u00edfice. Francisco oficiar\u00e1 luego otra misa multitudinaria en ese pa\u00eds, del que se despedir\u00e1 ma\u00f1ana ya que continuar\u00e1 su gira por Estados Unidos. All\u00ed le recibieron el primer vicepresidente cubano Miguel D\u00edaz-Canel;\u2026","rel":"","context":"En \u00abSociedad\u00bb","block_context":{"text":"Sociedad","link":"http:\/\/www.24baires.com\/?cat=1"},"img":{"alt_text":"","src":"https:\/\/i0.wp.com\/www.24baires.com\/wp-content\/uploads\/2015\/09\/papa-cuba.jpg?resize=350%2C200","width":350,"height":200,"srcset":"https:\/\/i0.wp.com\/www.24baires.com\/wp-content\/uploads\/2015\/09\/papa-cuba.jpg?resize=350%2C200 1x, https:\/\/i0.wp.com\/www.24baires.com\/wp-content\/uploads\/2015\/09\/papa-cuba.jpg?resize=525%2C300 1.5x"},"classes":[]},{"id":75713,"url":"http:\/\/www.24baires.com\/?p=75713","url_meta":{"origin":72361,"position":2},"title":"Francisco llam\u00f3 a \u00abconstruir una sociedad m\u00e1s justa y sin exclusiones\u00bb en Uganda","author":"GB","date":"28\/11\/2015","format":false,"excerpt":"El Papa ofici\u00f3 hoy una multitudinaria misa en Uganda, donde rindi\u00f3 homenaje a los 45 m\u00e1rtires de asesinados entre 1885 y 1887 en ese pa\u00eds africano por defender su fe cristiana, y pidi\u00f3 abrazar su ejemplo. La ceremonia se celebr\u00f3 en el santuario cat\u00f3lico de los m\u00e1rtires de Namugongo, cerca\u2026","rel":"","context":"En \u00abSociedad\u00bb","block_context":{"text":"Sociedad","link":"http:\/\/www.24baires.com\/?cat=1"},"img":{"alt_text":"","src":"https:\/\/i0.wp.com\/www.24baires.com\/wp-content\/uploads\/2015\/11\/papa-uganda.jpg?resize=350%2C200","width":350,"height":200,"srcset":"https:\/\/i0.wp.com\/www.24baires.com\/wp-content\/uploads\/2015\/11\/papa-uganda.jpg?resize=350%2C200 1x, https:\/\/i0.wp.com\/www.24baires.com\/wp-content\/uploads\/2015\/11\/papa-uganda.jpg?resize=525%2C300 1.5x"},"classes":[]},{"id":18793,"url":"http:\/\/www.24baires.com\/?p=18793","url_meta":{"origin":72361,"position":3},"title":"Vigilias en todas las plazas del pa\u00eds por la asunci\u00f3n de Francisco","author":"Grupo Sierra","date":"18\/03\/2013","format":false,"excerpt":"La misa inaugural del pontificado de Francisco ser\u00e1 desde esta noche el centro de atenci\u00f3n de numerosas vigilias para esperar las palabras que el Sumo Pont\u00edfice pronunciar\u00e1 despu\u00e9s de las 5:30 en el Vaticano. A partir de las 22:30, los fieles se congregar\u00e1n en la Plaza de Mayo, frente a\u2026","rel":"","context":"En \u00abSociedad\u00bb","block_context":{"text":"Sociedad","link":"http:\/\/www.24baires.com\/?cat=1"},"img":{"alt_text":"","src":"","width":0,"height":0},"classes":[]},{"id":18801,"url":"http:\/\/www.24baires.com\/?p=18801","url_meta":{"origin":72361,"position":4},"title":"Emotiva asunci\u00f3n de Francisco: ya comenz\u00f3 oficialmente su papado","author":"AF","date":"19\/03\/2013","format":false,"excerpt":"Francisco, el primer papa latinoamericano y jesuita de la historia, comenz\u00f3 su pontificado con una multitudinaria misa en la plaza San Pedro, ante l\u00edderes pol\u00edticos y religiosos de todo el mundo. Francisco, el primer papa latinoamericano y jesuita de la historia, dio hoy el puntapi\u00e9 inicial a su pontificado con\u2026","rel":"","context":"En \u00abSociedad\u00bb","block_context":{"text":"Sociedad","link":"http:\/\/www.24baires.com\/?cat=1"},"img":{"alt_text":"","src":"https:\/\/i0.wp.com\/www.24baires.com\/wp-content\/uploads\/2013\/03\/bergoglio-asunci%C3%B3n.jpg?resize=350%2C200","width":350,"height":200,"srcset":"https:\/\/i0.wp.com\/www.24baires.com\/wp-content\/uploads\/2013\/03\/bergoglio-asunci%C3%B3n.jpg?resize=350%2C200 1x, https:\/\/i0.wp.com\/www.24baires.com\/wp-content\/uploads\/2013\/03\/bergoglio-asunci%C3%B3n.jpg?resize=525%2C300 1.5x"},"classes":[]},{"id":68589,"url":"http:\/\/www.24baires.com\/?p=68589","url_meta":{"origin":72361,"position":5},"title":"Francisco iniciar\u00e1 el domingo su viaje por Sudam\u00e9rica","author":"GB","date":"04\/07\/2015","format":false,"excerpt":"La gira del Papa incluir\u00e1 tambi\u00e9n a Bolivia y Paraguay. Ser\u00e1 seguida en vivo por millones de fieles de la regi\u00f3n. En total oficiar\u00e1 cinco misas, pronunciar\u00e1 12 discursos y har\u00e1 visitas de cortes\u00eda a los presidentes de los tres Estados. Francisco arribar\u00e1 al aeropuerto internacional Mariscal Sucre de Quito\u2026","rel":"","context":"En \u00abSociedad\u00bb","block_context":{"text":"Sociedad","link":"http:\/\/www.24baires.com\/?cat=1"},"img":{"alt_text":"papa francisco","src":"https:\/\/i0.wp.com\/www.24baires.com\/wp-content\/uploads\/2014\/03\/papa-francisco.jpg?resize=350%2C200","width":350,"height":200,"srcset":"https:\/\/i0.wp.com\/www.24baires.com\/wp-content\/uploads\/2014\/03\/papa-francisco.jpg?resize=350%2C200 1x, https:\/\/i0.wp.com\/www.24baires.com\/wp-content\/uploads\/2014\/03\/papa-francisco.jpg?resize=525%2C300 1.5x"},"classes":[]}],"jetpack_sharing_enabled":true,"jetpack_likes_enabled":true,"jetpack_featured_media_url":"","_links":{"self":[{"href":"http:\/\/www.24baires.com\/index.php?rest_route=\/wp\/v2\/posts\/72361","targetHints":{"allow":["GET"]}}],"collection":[{"href":"http:\/\/www.24baires.com\/index.php?rest_route=\/wp\/v2\/posts"}],"about":[{"href":"http:\/\/www.24baires.com\/index.php?rest_route=\/wp\/v2\/types\/post"}],"author":[{"embeddable":true,"href":"http:\/\/www.24baires.com\/index.php?rest_route=\/wp\/v2\/users\/8"}],"replies":[{"embeddable":true,"href":"http:\/\/www.24baires.com\/index.php?rest_route=%2Fwp%2Fv2%2Fcomments&post=72361"}],"version-history":[{"count":1,"href":"http:\/\/www.24baires.com\/index.php?rest_route=\/wp\/v2\/posts\/72361\/revisions"}],"predecessor-version":[{"id":72362,"href":"http:\/\/www.24baires.com\/index.php?rest_route=\/wp\/v2\/posts\/72361\/revisions\/72362"}],"wp:attachment":[{"href":"http:\/\/www.24baires.com\/index.php?rest_route=%2Fwp%2Fv2%2Fmedia&parent=72361"}],"wp:term":[{"taxonomy":"category","embeddable":true,"href":"http:\/\/www.24baires.com\/index.php?rest_route=%2Fwp%2Fv2%2Fcategories&post=72361"},{"taxonomy":"post_tag","embeddable":true,"href":"http:\/\/www.24baires.com\/index.php?rest_route=%2Fwp%2Fv2%2Ftags&post=72361"}],"curies":[{"name":"wp","href":"https:\/\/api.w.org\/{rel}","templated":true}]}}