{"id":72343,"date":"2015-09-18T19:40:15","date_gmt":"2015-09-18T22:40:15","guid":{"rendered":"http:\/\/www.24baires.com\/?p=72343"},"modified":"2015-09-18T18:41:19","modified_gmt":"2015-09-18T21:41:19","slug":"no-dejemos-que-dinamiten-lo-que-hemos-hecho-pidio-kicillof","status":"publish","type":"post","link":"http:\/\/www.24baires.com\/?p=72343","title":{"rendered":"\u201cNo dejemos que dinamiten lo que hemos hecho\u00bb, pidi\u00f3 Kicillof"},"content":{"rendered":"<p><img data-recalc-dims=\"1\" loading=\"lazy\" decoding=\"async\" src=\"https:\/\/i0.wp.com\/www.24baires.com\/wp-content\/uploads\/2015\/04\/kicillof-onu.jpg?resize=560%2C373\" alt=\"kicillof onu\" width=\"560\" height=\"373\" class=\"aligncenter size-full wp-image-65088\" srcset=\"https:\/\/i0.wp.com\/www.24baires.com\/wp-content\/uploads\/2015\/04\/kicillof-onu.jpg?w=560 560w, https:\/\/i0.wp.com\/www.24baires.com\/wp-content\/uploads\/2015\/04\/kicillof-onu.jpg?resize=300%2C200 300w\" sizes=\"auto, (max-width: 560px) 100vw, 560px\" \/>l ministro de Econom\u00eda, Axel Kicillof, pidi\u00f3 a los industriales y peque\u00f1os productores agropecuarios santafesinos que \u201cpiensen bien cuando decidan\u201d en las pr\u00f3ximas elecciones, de manera que los candidatos de la oposici\u00f3n \u201cno les vendan espejitos de colores\u201d y \u201cdinamiten lo que hemos hecho\u201d aquellos que \u00abfueron protagonistas del ajuste de los 90\u00bb.<!--more--><\/p>\n<p>\u201cLes digo a ustedes como industriales, como peque\u00f1os chacareros, pi\u00e9nsenlo bien cuando decidan, que no les vendan espejitos de colores, que nos les digan que los problemas de Argentina son un barullo que arm\u00f3 el gobierno\u201d, sostuvo el titular de Econom\u00eda.<\/p>\n<p>Pidi\u00f3 que \u201cno dejemos que dinamiten lo que hemos hecho\u00bb porque \u201cesas pol\u00edticas de los 90 destruyeron la capacidad productiva del pa\u00eds\u201d y \u201cquienes la implementaron son cr\u00edticos de este gobierno pero, adem\u00e1s, se est\u00e1n presentando como un alternativa mejor\u201d.<\/p>\n<p>\u201cEs una alternativa vergonzante, porque estos economistas que fueron protagonistas del ajuste de los 90 no reconocen que lo que vienen a hacer es lo mismo que ya hicieron\u201d, enfatiz\u00f3.<\/p>\n<p>Kicillof particip\u00f3 hoy en la localidad santafesina de Casilda, junto al directivo de la Federaci\u00f3n Industrial de Santa Fe (FISFE) Guillermo Moretti, al titular de Federaci\u00f3n Agraria Argentina (FAA) Omar Pr\u00edncipe, y del titular de la CGT, Antonio Cal\u00f3, de la celebraci\u00f3n local del D\u00eda de la Industria.<\/p>\n<p>El ministro defendi\u00f3 las pol\u00edticas productivas del Gobierno, tanto en materia industrial como agr\u00edcola, y calific\u00f3 como \u201cfalsa dicotom\u00eda\u201d el enfrentamiento entre ambas.<\/p>\n<p>\u201cLo que demostramos en estos 12 a\u00f1os en la pr\u00e1ctica, por su puesto que no sin problemas, sin reclamos y grandes discusiones, es que se pod\u00eda al mismo tiempo producir m\u00e1s en el agro y m\u00e1s en la industria\u201d, dijo.<\/p>\n<p>Puntualiz\u00f3 que en los \u00faltimos 12 a\u00f1os \u201cla producci\u00f3n industrial de la Argentina se multiplic\u00f3 por dos despu\u00e9s de d\u00e9cadas de ca\u00edda en picada\u201d, mientras que \u201cal mismo tiempo, de nuevo con pol\u00e9micas, debates y discusiones, este a\u00f1o tenemos la cosecha m\u00e1s grande de todas la historia, con 123 millones de toneladas\u201d.<\/p>\n<p>Kicillof mencion\u00f3 tambi\u00e9n lo que \u201ctodav\u00eda falta hacer\u201d en materia de reindustrializaci\u00f3n del pa\u00eds \u2013tarea que consider\u00f3 \u201cdif\u00edcil\u201d y sujeta a \u201cequilibrios y balances\u201d de distintas variables-, y pidi\u00f3 acompa\u00f1ar las pol\u00edticas de crecimiento con inclusi\u00f3n.<\/p>\n<p>\u201cMe gusta mucho \u2013dijo- la frase del compa\u00f1ero gobernador de Buenos Aires y desde mi punto de vista futuro presidente de los argentinos, Daniel Scioli, cuando dice \u2018construir sobre lo construido\u2019\u201d.<\/p>\n<p>\u201cNo dejemos que dinamiten lo que hemos hecho\u201d, pidi\u00f3, y asegur\u00f3 que los economistas de la oposici\u00f3n representan \u201cla pol\u00edtica de la desindustrializaci\u00f3n, del reinado de las finanzas, son esta idea de una econom\u00eda de servicios que nunca llega\u201d.<\/p>\n","protected":false},"excerpt":{"rendered":"<p>l ministro de Econom\u00eda, Axel Kicillof, pidi\u00f3 a los industriales y peque\u00f1os productores agropecuarios santafesinos que \u201cpiensen bien cuando decidan\u201d en las pr\u00f3ximas elecciones, de manera que los candidatos de la oposici\u00f3n \u201cno les vendan espejitos de colores\u201d y \u201cdinamiten lo que hemos hecho\u201d aquellos que \u00abfueron protagonistas del ajuste de los 90\u00bb.<\/p>\n","protected":false},"author":8,"featured_media":0,"comment_status":"open","ping_status":"open","sticky":false,"template":"","format":"standard","meta":{"_jetpack_newsletter_access":"","_jetpack_dont_email_post_to_subs":false,"_jetpack_newsletter_tier_id":0,"_jetpack_memberships_contains_paywalled_content":false,"_jetpack_memberships_contains_paid_content":false,"footnotes":""},"categories":[51],"tags":[],"class_list":["post-72343","post","type-post","status-publish","format-standard","hentry","category-politica"],"jetpack_shortlink":"https:\/\/wp.me\/p2JWE0-iOP","jetpack-related-posts":[{"id":56484,"url":"http:\/\/www.24baires.com\/?p=56484","url_meta":{"origin":72343,"position":0},"title":"Kicillof: \u00abEl neoliberalismo dinamit\u00f3 todo en Latinoam\u00e9rica\u00bb","author":"GB","date":"03\/11\/2014","format":false,"excerpt":"El ministro de Econom\u00eda dijo que su adhesi\u00f3n al kichnerismo obedeci\u00f3 a que \"muchos de los que hoy estamos en este proceso, advertimos que con N\u00e9stor Kirchner la pol\u00edtica volv\u00eda a ser una posibilidad de transformaci\u00f3n real frente a los poderes que la limitaban, sean militares o econ\u00f3micos\". \"El desguace\u2026","rel":"","context":"En \u00abEconom\u00eda\u00bb","block_context":{"text":"Econom\u00eda","link":"http:\/\/www.24baires.com\/?cat=45"},"img":{"alt_text":"kicillof","src":"https:\/\/i0.wp.com\/www.24baires.com\/wp-content\/uploads\/2014\/07\/kicillof.jpg?resize=350%2C200","width":350,"height":200,"srcset":"https:\/\/i0.wp.com\/www.24baires.com\/wp-content\/uploads\/2014\/07\/kicillof.jpg?resize=350%2C200 1x, https:\/\/i0.wp.com\/www.24baires.com\/wp-content\/uploads\/2014\/07\/kicillof.jpg?resize=525%2C300 1.5x"},"classes":[]},{"id":39901,"url":"http:\/\/www.24baires.com\/?p=39901","url_meta":{"origin":72343,"position":1},"title":"Cuidemos lo nuestro","author":"GB","date":"05\/02\/2014","format":false,"excerpt":"\u00bfQu\u00e9 puede m\u00e1s? \u00bfTu bolsillo o tus preconceptos con respecto a determinado gobierno? Porque hay empresas, multinacionales, m\u00e1s grandes o m\u00e1s peque\u00f1as, que te est\u00e1n metiendo la mano en el bolsillo a vos y a todos los argentinos. El gobierno nacional, as\u00ed como tambi\u00e9n muchos honestos comerciantes, intenta evitar robo\u2026","rel":"","context":"En \u00abOpini\u00f3n\u00bb","block_context":{"text":"Opini\u00f3n","link":"http:\/\/www.24baires.com\/?cat=64"},"img":{"alt_text":"acuerdo de precios","src":"https:\/\/i0.wp.com\/www.24baires.com\/wp-content\/uploads\/2014\/02\/acuerdo-de-precios.jpg?resize=350%2C200","width":350,"height":200,"srcset":"https:\/\/i0.wp.com\/www.24baires.com\/wp-content\/uploads\/2014\/02\/acuerdo-de-precios.jpg?resize=350%2C200 1x, https:\/\/i0.wp.com\/www.24baires.com\/wp-content\/uploads\/2014\/02\/acuerdo-de-precios.jpg?resize=525%2C300 1.5x"},"classes":[]},{"id":112620,"url":"http:\/\/www.24baires.com\/?p=112620","url_meta":{"origin":72343,"position":2},"title":"Kicillof cerr\u00f3 su campa\u00f1a en La Plata con Cristina: \u00abMacri y Vidal dejan tierra arrasada\u00bb","author":"AF","date":"23\/10\/2019","format":false,"excerpt":"El candidato a gobernador bonaerense asegur\u00f3 que Mar\u00eda Eugenia Vidal endeud\u00f3 la provincia en m\u00e1s de 12 mil millones de d\u00f3lares que vencen en los pr\u00f3ximos 4 a\u00f1os. Acompa\u00f1ado por Cristina Kirchner, Ver\u00f3nica Magario y Florencia Saintout, Axel Kicillof cerr\u00f3 este mi\u00e9rcoles su campa\u00f1a por la gobernaci\u00f3n bonaerense en la\u2026","rel":"","context":"En \u00abPol\u00edtica\u00bb","block_context":{"text":"Pol\u00edtica","link":"http:\/\/www.24baires.com\/?cat=51"},"img":{"alt_text":"","src":"https:\/\/i0.wp.com\/www.24baires.com\/wp-content\/uploads\/2019\/10\/kicillof-cristina.jpg?resize=350%2C200","width":350,"height":200,"srcset":"https:\/\/i0.wp.com\/www.24baires.com\/wp-content\/uploads\/2019\/10\/kicillof-cristina.jpg?resize=350%2C200 1x, https:\/\/i0.wp.com\/www.24baires.com\/wp-content\/uploads\/2019\/10\/kicillof-cristina.jpg?resize=525%2C300 1.5x"},"classes":[]},{"id":32922,"url":"http:\/\/www.24baires.com\/?p=32922","url_meta":{"origin":72343,"position":3},"title":"Stolbizer dijo que la lista de Massa \u00abes un casting de famosos\u00bb","author":"AF","date":"03\/10\/2013","format":false,"excerpt":"La dirigente y candidata del Frente Progresista asegur\u00f3 que la figura del intendente de Tigre \"es muy parecida a la de De Narv\u00e1ez, que fue capaz de ganarle a Kirchner (en las legislativas de 2009) y despu\u00e9s no pas\u00f3 nada\". Tambi\u00e9n dijo que es de los candidatos que \"compiten vendiendo\u2026","rel":"","context":"En \u00abPol\u00edtica\u00bb","block_context":{"text":"Pol\u00edtica","link":"http:\/\/www.24baires.com\/?cat=51"},"img":{"alt_text":"","src":"https:\/\/i0.wp.com\/www.24baires.com\/wp-content\/uploads\/2013\/10\/stolbizer.jpg?resize=350%2C200","width":350,"height":200},"classes":[]},{"id":58059,"url":"http:\/\/www.24baires.com\/?p=58059","url_meta":{"origin":72343,"position":4},"title":"\u00abLes pido a los empresarios que cuando defiendan la industrializaci\u00f3n defiendan tambi\u00e9n la inclusi\u00f3n\u00bb","author":"AF","date":"03\/12\/2014","format":false,"excerpt":"En la conferencia anual de la Uni\u00f3n Industrial Argentina (UIA) que se realiza en Pilar, el ministro de Econom\u00eda, Axel Kicillof, dijo que \u201cla mejor forma de inclusi\u00f3n social es el empleo industrial urbano\u201d. El ministro de Econom\u00eda, Axel Kicillof, pidi\u00f3 hoy a los empresarios que defiendan la industrializaci\u00f3n y\u2026","rel":"","context":"En \u00abEconom\u00eda\u00bb","block_context":{"text":"Econom\u00eda","link":"http:\/\/www.24baires.com\/?cat=45"},"img":{"alt_text":"kicillof","src":"https:\/\/i0.wp.com\/www.24baires.com\/wp-content\/uploads\/2014\/07\/kicillof.jpg?resize=350%2C200","width":350,"height":200,"srcset":"https:\/\/i0.wp.com\/www.24baires.com\/wp-content\/uploads\/2014\/07\/kicillof.jpg?resize=350%2C200 1x, https:\/\/i0.wp.com\/www.24baires.com\/wp-content\/uploads\/2014\/07\/kicillof.jpg?resize=525%2C300 1.5x"},"classes":[]},{"id":40425,"url":"http:\/\/www.24baires.com\/?p=40425","url_meta":{"origin":72343,"position":5},"title":"\u00abEl plan de la derecha es siempre la reducci\u00f3n del gasto p\u00fablico\u00bb dijo Kicillof","author":"GB","date":"14\/02\/2014","format":false,"excerpt":"El ministro de Econom\u00eda, Axel Kicillof, dijo hoy que la oposici\u00f3n tiene planes \"ajustadores, recesivos y regresivos\", y pidi\u00f3 que hablen \"con la verdad a la gente y digan qu\u00e9 partidas quieren reducir\". El ministro de Econom\u00eda, Axel Kicillof, dijo hoy que la oposici\u00f3n tiene planes \"ajustadores, recesivos y regresivos\",\u2026","rel":"","context":"En \u00abEconom\u00eda\u00bb","block_context":{"text":"Econom\u00eda","link":"http:\/\/www.24baires.com\/?cat=45"},"img":{"alt_text":"","src":"","width":0,"height":0},"classes":[]}],"jetpack_sharing_enabled":true,"jetpack_likes_enabled":true,"jetpack_featured_media_url":"","_links":{"self":[{"href":"http:\/\/www.24baires.com\/index.php?rest_route=\/wp\/v2\/posts\/72343","targetHints":{"allow":["GET"]}}],"collection":[{"href":"http:\/\/www.24baires.com\/index.php?rest_route=\/wp\/v2\/posts"}],"about":[{"href":"http:\/\/www.24baires.com\/index.php?rest_route=\/wp\/v2\/types\/post"}],"author":[{"embeddable":true,"href":"http:\/\/www.24baires.com\/index.php?rest_route=\/wp\/v2\/users\/8"}],"replies":[{"embeddable":true,"href":"http:\/\/www.24baires.com\/index.php?rest_route=%2Fwp%2Fv2%2Fcomments&post=72343"}],"version-history":[{"count":1,"href":"http:\/\/www.24baires.com\/index.php?rest_route=\/wp\/v2\/posts\/72343\/revisions"}],"predecessor-version":[{"id":72344,"href":"http:\/\/www.24baires.com\/index.php?rest_route=\/wp\/v2\/posts\/72343\/revisions\/72344"}],"wp:attachment":[{"href":"http:\/\/www.24baires.com\/index.php?rest_route=%2Fwp%2Fv2%2Fmedia&parent=72343"}],"wp:term":[{"taxonomy":"category","embeddable":true,"href":"http:\/\/www.24baires.com\/index.php?rest_route=%2Fwp%2Fv2%2Fcategories&post=72343"},{"taxonomy":"post_tag","embeddable":true,"href":"http:\/\/www.24baires.com\/index.php?rest_route=%2Fwp%2Fv2%2Ftags&post=72343"}],"curies":[{"name":"wp","href":"https:\/\/api.w.org\/{rel}","templated":true}]}}