{"id":72337,"date":"2015-09-18T18:38:34","date_gmt":"2015-09-18T21:38:34","guid":{"rendered":"http:\/\/www.24baires.com\/?p=72337"},"modified":"2015-09-19T09:57:44","modified_gmt":"2015-09-19T12:57:44","slug":"dos-jueces-decidieron-anular-la-voluntad-de-miles-porque-dicen-que-algunos-no-saben-votar-porque-son-pobres","status":"publish","type":"post","link":"http:\/\/www.24baires.com\/?p=72337","title":{"rendered":"\u00abDos jueces decidieron anular la voluntad de miles porque dicen que algunos no saben votar porque son pobres\u00bb"},"content":{"rendered":"<p><img data-recalc-dims=\"1\" loading=\"lazy\" decoding=\"async\" class=\"aligncenter size-full wp-image-72338\" src=\"https:\/\/i0.wp.com\/www.24baires.com\/wp-content\/uploads\/2015\/09\/cristina.jpg?resize=560%2C312\" alt=\"cristina\" width=\"560\" height=\"312\" srcset=\"https:\/\/i0.wp.com\/www.24baires.com\/wp-content\/uploads\/2015\/09\/cristina.jpg?w=560 560w, https:\/\/i0.wp.com\/www.24baires.com\/wp-content\/uploads\/2015\/09\/cristina.jpg?resize=300%2C167 300w\" sizes=\"auto, (max-width: 560px) 100vw, 560px\" \/>Desde La Matanza, donde inaugura un hospital materno-infantil, la jefa de Estado habl\u00f3 del pol\u00e9mico fallo que anul\u00f3 los comicios en Tucum\u00e1n. Tambi\u00e9n se refiri\u00f3 al intento de censura de C5N. Antes, present\u00f3 en videoconferencia el nuevo avi\u00f3n argentino Pampa III.<!--more--><\/p>\n<p>La presidenta Cristina Kirchner cuestion\u00f3 hoy la anulaci\u00f3n de las elecciones de Tucum\u00e1n, al se\u00f1alar que \u00abhoy basta con dos jueces en un &#8216;forum shopping&#8217; para que en una provincia se intente desconocer la voluntad popular\u00bb, tras lo cual se\u00f1al\u00f3 que \u00abperdieron y no soportaron perder, eso fue lo que pas\u00f3\u00bb.<\/p>\n<p>En un discurso pronunciado por la cadena nacional 38 en lo que va del a\u00f1o, plante\u00f3 sobre la decisi\u00f3n de la Justicia tucumana que \u00absi hab\u00eda alguna irregularidad, hab\u00eda 20 formas legales de solucionarlo, dentro de la ley y respetando la voluntad popular\u00bb.<br \/>\nLa mandataria critic\u00f3 el fallo judicial al subrayar que \u00abquieren volver a la etapa del fraude patri\u00f3tico, donde &#8216;si no ganaba yo no hab\u00eda elecciones'\u00bb, sostuvo durante un acto en La Matanza.<\/p>\n<p>&nbsp;<\/p>\n<p>&nbsp;<\/p>\n<p>&nbsp;<\/p>\n<p>&nbsp;<\/p>\n<p>&nbsp;<\/p>\n<p>&nbsp;<\/p>\n<p>&nbsp;<\/p>\n<p>&nbsp;<\/p>\n<p>&nbsp;<\/p>\n<p>&nbsp;<\/p>\n","protected":false},"excerpt":{"rendered":"<p>Desde La Matanza, donde inaugura un hospital materno-infantil, la jefa de Estado habl\u00f3 del pol\u00e9mico fallo que anul\u00f3 los comicios en Tucum\u00e1n. Tambi\u00e9n se refiri\u00f3 al intento de censura de C5N. Antes, present\u00f3 en videoconferencia el nuevo avi\u00f3n argentino Pampa III.<\/p>\n","protected":false},"author":8,"featured_media":0,"comment_status":"open","ping_status":"open","sticky":false,"template":"","format":"standard","meta":{"_jetpack_newsletter_access":"","_jetpack_dont_email_post_to_subs":false,"_jetpack_newsletter_tier_id":0,"_jetpack_memberships_contains_paywalled_content":false,"_jetpack_memberships_contains_paid_content":false,"footnotes":""},"categories":[51],"tags":[],"class_list":["post-72337","post","type-post","status-publish","format-standard","hentry","category-politica"],"jetpack_shortlink":"https:\/\/wp.me\/p2JWE0-iOJ","jetpack-related-posts":[{"id":72243,"url":"http:\/\/www.24baires.com\/?p=72243","url_meta":{"origin":72337,"position":0},"title":"Denunciar\u00e1n por \u00abprevaricato\u00bb a los jueces que anularon la elecci\u00f3n en Tucum\u00e1n","author":"AF","date":"17\/09\/2015","format":false,"excerpt":"El abogado constitucionalista Eduardo Barcesat adelant\u00f3 que adem\u00e1s de apelar el fallo de la C\u00e1mara en lo Contencioso Administrativo que ayer anul\u00f3 las elecciones en la provincia de Tucum\u00e1n, el Frente para la Victoria (FPV) presentar\u00e1 una denuncia penal por \"obrar sedicioso\" y otra denuncia por \"prevaricato\" contra los jueces\u2026","rel":"","context":"En \u00abElecciones 2015\u00bb","block_context":{"text":"Elecciones 2015","link":"http:\/\/www.24baires.com\/?cat=74"},"img":{"alt_text":"","src":"","width":0,"height":0},"classes":[]},{"id":72264,"url":"http:\/\/www.24baires.com\/?p=72264","url_meta":{"origin":72337,"position":1},"title":"Alperovich critic\u00f3 el fallo y dijo que es un \u00abatentado a la democracia\u00bb","author":"GB","date":"17\/09\/2015","format":false,"excerpt":"El gobernador de Tucum\u00e1n, Jos\u00e9 Alperovich, calific\u00f3 como un \"atentado a la democracia\", el fallo de la Sala 1 de la C\u00e1mara en lo Contencioso Administrativo que anul\u00f3 las elecciones provinciales y que orden\u00f3 que se realicen nuevos comicios, y advirti\u00f3 que \"es imposible llamar a nuevas elecciones en 40\u2026","rel":"","context":"En \u00abElecciones 2015\u00bb","block_context":{"text":"Elecciones 2015","link":"http:\/\/www.24baires.com\/?cat=74"},"img":{"alt_text":"","src":"https:\/\/i0.wp.com\/www.24baires.com\/wp-content\/uploads\/2015\/09\/alperovich.jpg?resize=350%2C200","width":350,"height":200,"srcset":"https:\/\/i0.wp.com\/www.24baires.com\/wp-content\/uploads\/2015\/09\/alperovich.jpg?resize=350%2C200 1x, https:\/\/i0.wp.com\/www.24baires.com\/wp-content\/uploads\/2015\/09\/alperovich.jpg?resize=525%2C300 1.5x"},"classes":[]},{"id":72240,"url":"http:\/\/www.24baires.com\/?p=72240","url_meta":{"origin":72337,"position":2},"title":"An\u00edbal calific\u00f3 de \u00abdestituyente\u00bb la anulaci\u00f3n de comicios en Tucum\u00e1n","author":"AF","date":"17\/09\/2015","format":false,"excerpt":"El jefe de Gabinete consider\u00f3 \"de una gravedad institucional inusitada\" a la decisi\u00f3n del Tribunal Contencioso Administrativo de Tucum\u00e1n que anoche anul\u00f3 las elecciones realizadas el 23 de agosto y asegur\u00f3 no tener dudas de que la causa \u201ctiene que llegar a la Corte Suprema de Justicia de la Naci\u00f3n\u201d.\u2026","rel":"","context":"En \u00abElecciones 2015\u00bb","block_context":{"text":"Elecciones 2015","link":"http:\/\/www.24baires.com\/?cat=74"},"img":{"alt_text":"fern\u00e1ndez an\u00edbal2","src":"https:\/\/i0.wp.com\/www.24baires.com\/wp-content\/uploads\/2012\/11\/fern%C3%A1ndez-an%C3%ADbal2.jpg?resize=350%2C200","width":350,"height":200,"srcset":"https:\/\/i0.wp.com\/www.24baires.com\/wp-content\/uploads\/2012\/11\/fern%C3%A1ndez-an%C3%ADbal2.jpg?resize=350%2C200 1x, https:\/\/i0.wp.com\/www.24baires.com\/wp-content\/uploads\/2012\/11\/fern%C3%A1ndez-an%C3%ADbal2.jpg?resize=525%2C300 1.5x"},"classes":[]},{"id":72259,"url":"http:\/\/www.24baires.com\/?p=72259","url_meta":{"origin":72337,"position":3},"title":"Cachetazo a la democracia en Tucum\u00e1n","author":"AF","date":"17\/09\/2015","format":false,"excerpt":"Estamos leyendo las novedades del terremoto en Chile. En las redes sociales esos temas explotan. Adem\u00e1s parece que se sinti\u00f3 en varios puntos de Argentina, como en Tucum\u00e1n, Mendoza, C\u00f3rdoba, Buenos Aires e incluso dicen, aunque no me consta, que en Mar del Plata tambi\u00e9n. Y en eso estamos cuando\u2026","rel":"","context":"En \u00abOpini\u00f3n\u00bb","block_context":{"text":"Opini\u00f3n","link":"http:\/\/www.24baires.com\/?cat=64"},"img":{"alt_text":"","src":"https:\/\/i0.wp.com\/www.24baires.com\/wp-content\/uploads\/2015\/09\/escrutinio3.jpg?resize=350%2C200","width":350,"height":200,"srcset":"https:\/\/i0.wp.com\/www.24baires.com\/wp-content\/uploads\/2015\/09\/escrutinio3.jpg?resize=350%2C200 1x, https:\/\/i0.wp.com\/www.24baires.com\/wp-content\/uploads\/2015\/09\/escrutinio3.jpg?resize=525%2C300 1.5x"},"classes":[]},{"id":113198,"url":"http:\/\/www.24baires.com\/?p=113198","url_meta":{"origin":72337,"position":4},"title":"Milani fue absuelto por la desaparici\u00f3n del soldado Ledo","author":"AF","date":"29\/11\/2019","format":false,"excerpt":"C\u00e9sar Milani, ex jefe del Ej\u00e9rcito del gobierno de Cristina Fern\u00e1ndez de Kirchner, acusado de falsear un acta sobre la presunta \"deserci\u00f3n\" del soldado Alberto Agapito Ledo, desaparecido en 1976, fue absuelto por el Tribunal Oral Federal de Tucum\u00e1n. \"Fue una campa\u00f1a pol\u00edtica, medi\u00e1tica y judicial in\u00e9dita contra un jefe\u2026","rel":"","context":"En \u00abJUDICIALES\u00bb","block_context":{"text":"JUDICIALES","link":"http:\/\/www.24baires.com\/?cat=68"},"img":{"alt_text":"","src":"https:\/\/i0.wp.com\/www.24baires.com\/wp-content\/uploads\/2015\/06\/milani2.jpg?resize=350%2C200","width":350,"height":200,"srcset":"https:\/\/i0.wp.com\/www.24baires.com\/wp-content\/uploads\/2015\/06\/milani2.jpg?resize=350%2C200 1x, https:\/\/i0.wp.com\/www.24baires.com\/wp-content\/uploads\/2015\/06\/milani2.jpg?resize=525%2C300 1.5x"},"classes":[]},{"id":72452,"url":"http:\/\/www.24baires.com\/?p=72452","url_meta":{"origin":72337,"position":5},"title":"Este martes Manzur ser\u00e1 proclamado gobernador electo de Tucum\u00e1n","author":"AF","date":"21\/09\/2015","format":false,"excerpt":"La Junta Electoral de Tucum\u00e1n proclamar\u00e1 ma\u00f1ana como gobernador electo de la provincia al candidato del Frente para la Victoria Juan Manzur, luego de que la Corte Suprema tucumana diera por v\u00e1lidos los comicios de agosto, decisi\u00f3n que fue reconocida por el candidato del opositor Acuerdo por el Bicentenario, Jos\u00e9\u2026","rel":"","context":"En \u00abElecciones 2015\u00bb","block_context":{"text":"Elecciones 2015","link":"http:\/\/www.24baires.com\/?cat=74"},"img":{"alt_text":"manzur votando","src":"https:\/\/i0.wp.com\/www.24baires.com\/wp-content\/uploads\/2015\/08\/manzur-votando.jpg?resize=350%2C200","width":350,"height":200,"srcset":"https:\/\/i0.wp.com\/www.24baires.com\/wp-content\/uploads\/2015\/08\/manzur-votando.jpg?resize=350%2C200 1x, https:\/\/i0.wp.com\/www.24baires.com\/wp-content\/uploads\/2015\/08\/manzur-votando.jpg?resize=525%2C300 1.5x"},"classes":[]}],"jetpack_sharing_enabled":true,"jetpack_likes_enabled":true,"jetpack_featured_media_url":"","_links":{"self":[{"href":"http:\/\/www.24baires.com\/index.php?rest_route=\/wp\/v2\/posts\/72337","targetHints":{"allow":["GET"]}}],"collection":[{"href":"http:\/\/www.24baires.com\/index.php?rest_route=\/wp\/v2\/posts"}],"about":[{"href":"http:\/\/www.24baires.com\/index.php?rest_route=\/wp\/v2\/types\/post"}],"author":[{"embeddable":true,"href":"http:\/\/www.24baires.com\/index.php?rest_route=\/wp\/v2\/users\/8"}],"replies":[{"embeddable":true,"href":"http:\/\/www.24baires.com\/index.php?rest_route=%2Fwp%2Fv2%2Fcomments&post=72337"}],"version-history":[{"count":1,"href":"http:\/\/www.24baires.com\/index.php?rest_route=\/wp\/v2\/posts\/72337\/revisions"}],"predecessor-version":[{"id":72339,"href":"http:\/\/www.24baires.com\/index.php?rest_route=\/wp\/v2\/posts\/72337\/revisions\/72339"}],"wp:attachment":[{"href":"http:\/\/www.24baires.com\/index.php?rest_route=%2Fwp%2Fv2%2Fmedia&parent=72337"}],"wp:term":[{"taxonomy":"category","embeddable":true,"href":"http:\/\/www.24baires.com\/index.php?rest_route=%2Fwp%2Fv2%2Fcategories&post=72337"},{"taxonomy":"post_tag","embeddable":true,"href":"http:\/\/www.24baires.com\/index.php?rest_route=%2Fwp%2Fv2%2Ftags&post=72337"}],"curies":[{"name":"wp","href":"https:\/\/api.w.org\/{rel}","templated":true}]}}