{"id":72319,"date":"2015-09-18T13:00:38","date_gmt":"2015-09-18T16:00:38","guid":{"rendered":"http:\/\/www.24baires.com\/?p=72319"},"modified":"2015-09-18T18:37:08","modified_gmt":"2015-09-18T21:37:08","slug":"cristina-inaugura-obras-en-el-hospital-materno-de-laferrere","status":"publish","type":"post","link":"http:\/\/www.24baires.com\/?p=72319","title":{"rendered":"Cristina inaugura obras en el hospital materno de Laferrere"},"content":{"rendered":"<p><img data-recalc-dims=\"1\" loading=\"lazy\" decoding=\"async\" class=\"aligncenter size-full wp-image-71658\" src=\"https:\/\/i0.wp.com\/www.24baires.com\/wp-content\/uploads\/2015\/09\/cristina-energia.jpg?resize=560%2C373\" alt=\"cristina energia\" width=\"560\" height=\"373\" srcset=\"https:\/\/i0.wp.com\/www.24baires.com\/wp-content\/uploads\/2015\/09\/cristina-energia.jpg?w=560 560w, https:\/\/i0.wp.com\/www.24baires.com\/wp-content\/uploads\/2015\/09\/cristina-energia.jpg?resize=300%2C200 300w\" sizes=\"auto, (max-width: 560px) 100vw, 560px\" \/>La Presidenta visitar\u00e1 esta tarde ese centro asistencial, donde adem\u00e1s mantendr\u00e1 videoconferencias con Misiones y con C\u00f3rdoba, provincia en la que se presentar\u00e1 el Pampa III, hecho en la F\u00e1brica Argentina de Aviones. Por la noche, partir\u00e1 a Cuba. <!--more--><\/p>\n<p>La presidenta Cristina Fern\u00e1ndez de Kirchner encabezar\u00e1 esta tarde el acto de inauguraci\u00f3n del hospital materno infantil \u201cTeresa Germani\u201d, con asiento en Laferrere, partido de La Matanza, y a las 22 partir\u00e1 por v\u00eda a\u00e9rea -desde el Aeroparque metropolitano- con destino a Cuba para participar este domingo de la misa hist\u00f3rica que ofrecer\u00e1 el papa Francisco en la Plaza de la Revoluci\u00f3n en La Habana; seg\u00fan se inform\u00f3.<\/p>\n<p>La ceremonia se llevar\u00e1 a cabo a partir de las 17, con la asistencia del gobernador bonaerense y candidato a presidente Daniel Scioli; el jefe comunal, Fernando Espinosa y otras autoridades civiles; as\u00ed como representantes pol\u00edticos, gremiales y sociales e invitados especiales, en la sede de ese nosocomio ubicado en las calles Pedro Luro y Marcos Paz.<\/p>\n<p>Adem\u00e1s, la jefa de Estado mantendr\u00e1 tres videoconferencias: la primera ser\u00e1 con la planta de la F\u00e1brica Argentina de Aviones, con asiento en C\u00f3rdoba, para la presentaci\u00f3n en sociedad del avi\u00f3n Pampa III, una m\u00e1quina de entrenamiento avanzado.<br \/>\nEn este proceso de modernizaci\u00f3n participaron m\u00e1s de una decena de PyMEs tecnol\u00f3gicas nacionales.<\/p>\n<p>Luego mantendr\u00e1 una segunda videoconferencia con la ciudad santafesina de Armstrong, donde dejar\u00e1 inaugurada una planta procesadora de legumbres, que llev\u00f3 adelante la Federaci\u00f3n de Cooperativas Federadas (FECOFE) con el apoyo de la cartera agropecuaria nacional.<\/p>\n<p>A continuaci\u00f3n mantendr\u00e1 otra videoconferencia con el ministro de Ciencia y Tecnolog\u00eda, Lino Bara\u00f1ao, y el rector de la Universidad Nacional de San Mart\u00edn (Buenos Aires), Carlos Rafael Ruta, con el prop\u00f3sito de dejar inaugurado el edificio de la Fundaci\u00f3n de Tecnolog\u00eda, que incluye nuevos y modernos laboratorios de investigaci\u00f3n cient\u00edfica, con el prop\u00f3sito de permitir y articular conocimientos de ciencia y tecnolog\u00eda para entidades p\u00fablicas y privadas.<\/p>\n","protected":false},"excerpt":{"rendered":"<p>La Presidenta visitar\u00e1 esta tarde ese centro asistencial, donde adem\u00e1s mantendr\u00e1 videoconferencias con Misiones y con C\u00f3rdoba, provincia en la que se presentar\u00e1 el Pampa III, hecho en la F\u00e1brica Argentina de Aviones. Por la noche, partir\u00e1 a Cuba.<\/p>\n","protected":false},"author":4,"featured_media":0,"comment_status":"open","ping_status":"open","sticky":false,"template":"","format":"standard","meta":{"_jetpack_newsletter_access":"","_jetpack_dont_email_post_to_subs":false,"_jetpack_newsletter_tier_id":0,"_jetpack_memberships_contains_paywalled_content":false,"_jetpack_memberships_contains_paid_content":false,"footnotes":""},"categories":[51],"tags":[],"class_list":["post-72319","post","type-post","status-publish","format-standard","hentry","category-politica"],"jetpack_shortlink":"https:\/\/wp.me\/p2JWE0-iOr","jetpack-related-posts":[{"id":114430,"url":"http:\/\/www.24baires.com\/?p=114430","url_meta":{"origin":72319,"position":0},"title":"Alberto Fern\u00e1ndez anunci\u00f3 la construcci\u00f3n de 8 hospitales de emergencia","author":"GB","date":"18\/03\/2020","format":false,"excerpt":"Fue desde su cuenta de Twitter donde, mediante una serie de videos, adem\u00e1s destac\u00f3 que la \"prioridad es fortalecer el sistema p\u00fablico de salud para cuidar a todas y todos los argentinos ante la pandemia del coronavirus\". El presidente Alberto Fern\u00e1ndez anunci\u00f3 la construcci\u00f3n de ocho hospitales modulares de emergencia\u2026","rel":"","context":"En \u00abPol\u00edtica\u00bb","block_context":{"text":"Pol\u00edtica","link":"http:\/\/www.24baires.com\/?cat=51"},"img":{"alt_text":"","src":"https:\/\/i0.wp.com\/www.24baires.com\/wp-content\/uploads\/2019\/12\/alberto-fernandez.jpg?resize=350%2C200","width":350,"height":200,"srcset":"https:\/\/i0.wp.com\/www.24baires.com\/wp-content\/uploads\/2019\/12\/alberto-fernandez.jpg?resize=350%2C200 1x, https:\/\/i0.wp.com\/www.24baires.com\/wp-content\/uploads\/2019\/12\/alberto-fernandez.jpg?resize=525%2C300 1.5x"},"classes":[]},{"id":58356,"url":"http:\/\/www.24baires.com\/?p=58356","url_meta":{"origin":72319,"position":1},"title":"Se reprogram\u00f3 la inauguraci\u00f3n del hospital de Mor\u00f3n","author":"GB","date":"09\/12\/2014","format":false,"excerpt":"Cristina Fern\u00e1ndez de Kirchner dispuso pasar para ma\u00f1ana el acto por las condiciones meteorol\u00f3gicas previstas para el d\u00eda de la fecha. Por la tarde, recibir\u00e1 por separado a los ministros en su gabinete de trabajo de la residencia de Olivos. La presidenta Cristina Fern\u00e1ndez de Kirchner recibir\u00e1 esta tarde, por\u2026","rel":"","context":"En \u00abLocales\u00bb","block_context":{"text":"Locales","link":"http:\/\/www.24baires.com\/?cat=38"},"img":{"alt_text":"cristina23","src":"https:\/\/i0.wp.com\/www.24baires.com\/wp-content\/uploads\/2014\/10\/cristina23.jpg?resize=350%2C200","width":350,"height":200,"srcset":"https:\/\/i0.wp.com\/www.24baires.com\/wp-content\/uploads\/2014\/10\/cristina23.jpg?resize=350%2C200 1x, https:\/\/i0.wp.com\/www.24baires.com\/wp-content\/uploads\/2014\/10\/cristina23.jpg?resize=525%2C300 1.5x"},"classes":[]},{"id":11940,"url":"http:\/\/www.24baires.com\/?p=11940","url_meta":{"origin":72319,"position":2},"title":"Cristina parte hacia Asia luego de estar en Cuba con Fidel y Hugo Ch\u00e1vez","author":"AF","date":"12\/01\/2013","format":false,"excerpt":"La Presidenta parti\u00f3 en el mediod\u00eda de este s\u00e1bado desde el aeropuerto Jos\u00e9 Mart\u00ed de La Habana tras visitar al mandatario venezolano Hugo Ch\u00e1vez y reunirse con el l\u00edder de la revoluci\u00f3n cubana y el titular del gobierno de la isla, Fidel Castro. La Presidenta, quien arrib\u00f3 ayer por la\u2026","rel":"","context":"En \u00abSociedad\u00bb","block_context":{"text":"Sociedad","link":"http:\/\/www.24baires.com\/?cat=1"},"img":{"alt_text":"fidel y cristina","src":"https:\/\/i0.wp.com\/www.24baires.com\/wp-content\/uploads\/2013\/01\/fidel-y-cristina-300x199.jpg?resize=350%2C200","width":350,"height":200},"classes":[]},{"id":48002,"url":"http:\/\/www.24baires.com\/?p=48002","url_meta":{"origin":72319,"position":3},"title":"Cristina viaja a Bolivia para participar de la cumbre del Grupo 77 m\u00e1s China","author":"GB","date":"14\/06\/2014","format":false,"excerpt":"La Presidenta partir\u00e1 este s\u00e1bado rumbo al pa\u00eds vecino para participar del c\u00f3nclave que se realizar\u00e1 en Santa Cruz de la Sierra. El encuentro se realizar\u00e1 con la presencia del titular de la ONU, Ban Ki-Moon. La partida de Cristina est\u00e1 prevista para la tarde despu\u00e9s de inaugurar a las\u2026","rel":"","context":"En \u00abPol\u00edtica\u00bb","block_context":{"text":"Pol\u00edtica","link":"http:\/\/www.24baires.com\/?cat=51"},"img":{"alt_text":"cristina mugica","src":"https:\/\/i0.wp.com\/www.24baires.com\/wp-content\/uploads\/2014\/05\/cristin-mugica.jpg?resize=350%2C200","width":350,"height":200,"srcset":"https:\/\/i0.wp.com\/www.24baires.com\/wp-content\/uploads\/2014\/05\/cristin-mugica.jpg?resize=350%2C200 1x, https:\/\/i0.wp.com\/www.24baires.com\/wp-content\/uploads\/2014\/05\/cristin-mugica.jpg?resize=525%2C300 1.5x"},"classes":[]},{"id":39160,"url":"http:\/\/www.24baires.com\/?p=39160","url_meta":{"origin":72319,"position":4},"title":"Cristina viajar\u00e1 a Cuba para participar de la cumbre de la Celac","author":"GB","date":"24\/01\/2014","format":false,"excerpt":"Cristina Fern\u00e1ndez de Kirchner viajar\u00e1 esta noche con destino a Cuba para participar en la II Cumbre de la Comunidad de Estados Latinoamericanos y Caribe\u00f1os (Celac), que tendr\u00e1 lugar en La Habana, entre el 28 y 29 de enero. La jefa de Estado partir\u00e1 a las 23 desde el sector\u2026","rel":"","context":"En \u00abPol\u00edtica\u00bb","block_context":{"text":"Pol\u00edtica","link":"http:\/\/www.24baires.com\/?cat=51"},"img":{"alt_text":"cris","src":"https:\/\/i0.wp.com\/www.24baires.com\/wp-content\/uploads\/2013\/11\/cris1-300x200.jpg?resize=350%2C200","width":350,"height":200},"classes":[]},{"id":11473,"url":"http:\/\/www.24baires.com\/?p=11473","url_meta":{"origin":72319,"position":5},"title":"Los Reyes Magos tambi\u00e9n recorrieron La Matanza","author":"Grupo Sierra","date":"07\/01\/2013","format":false,"excerpt":"Durante el fin de semana Melchor, Gaspar y Baltasar visitaron el Hospital de Ni\u00f1os de San Justo y los Materno Infantil Germani de Laferrere y Equiza de Gonz\u00e1lez Cat\u00e1n y estuvieron en la Plaza de San Justo con el Intendente Fernando Espinoza donde entregaron juguetes a los chicos. La entrega\u2026","rel":"","context":"En \u00abLocales\u00bb","block_context":{"text":"Locales","link":"http:\/\/www.24baires.com\/?cat=38"},"img":{"alt_text":"","src":"https:\/\/i0.wp.com\/www.24baires.com\/wp-content\/uploads\/2013\/01\/Reyes3-MTZAchica.jpg?resize=350%2C200","width":350,"height":200,"srcset":"https:\/\/i0.wp.com\/www.24baires.com\/wp-content\/uploads\/2013\/01\/Reyes3-MTZAchica.jpg?resize=350%2C200 1x, https:\/\/i0.wp.com\/www.24baires.com\/wp-content\/uploads\/2013\/01\/Reyes3-MTZAchica.jpg?resize=525%2C300 1.5x"},"classes":[]}],"jetpack_sharing_enabled":true,"jetpack_likes_enabled":true,"jetpack_featured_media_url":"","_links":{"self":[{"href":"http:\/\/www.24baires.com\/index.php?rest_route=\/wp\/v2\/posts\/72319","targetHints":{"allow":["GET"]}}],"collection":[{"href":"http:\/\/www.24baires.com\/index.php?rest_route=\/wp\/v2\/posts"}],"about":[{"href":"http:\/\/www.24baires.com\/index.php?rest_route=\/wp\/v2\/types\/post"}],"author":[{"embeddable":true,"href":"http:\/\/www.24baires.com\/index.php?rest_route=\/wp\/v2\/users\/4"}],"replies":[{"embeddable":true,"href":"http:\/\/www.24baires.com\/index.php?rest_route=%2Fwp%2Fv2%2Fcomments&post=72319"}],"version-history":[{"count":1,"href":"http:\/\/www.24baires.com\/index.php?rest_route=\/wp\/v2\/posts\/72319\/revisions"}],"predecessor-version":[{"id":72320,"href":"http:\/\/www.24baires.com\/index.php?rest_route=\/wp\/v2\/posts\/72319\/revisions\/72320"}],"wp:attachment":[{"href":"http:\/\/www.24baires.com\/index.php?rest_route=%2Fwp%2Fv2%2Fmedia&parent=72319"}],"wp:term":[{"taxonomy":"category","embeddable":true,"href":"http:\/\/www.24baires.com\/index.php?rest_route=%2Fwp%2Fv2%2Fcategories&post=72319"},{"taxonomy":"post_tag","embeddable":true,"href":"http:\/\/www.24baires.com\/index.php?rest_route=%2Fwp%2Fv2%2Ftags&post=72319"}],"curies":[{"name":"wp","href":"https:\/\/api.w.org\/{rel}","templated":true}]}}