{"id":72307,"date":"2015-09-18T11:00:02","date_gmt":"2015-09-18T14:00:02","guid":{"rendered":"http:\/\/www.24baires.com\/?p=72307"},"modified":"2015-09-18T10:56:11","modified_gmt":"2015-09-18T13:56:11","slug":"diputados-del-fpv-repudiaron-la-clausura-a-c5n","status":"publish","type":"post","link":"http:\/\/www.24baires.com\/?p=72307","title":{"rendered":"Diputados del FpV repudiaron la clausura a C5N"},"content":{"rendered":"<p>Los diputados del bloque del Frente para la Victoria de la Comisi\u00f3n de Comunicaciones e Inform\u00e1tica de la C\u00e1mara de Diputados expres\u00f3 un \u00aben\u00e9rgico rechazo\u00bb a la intempestiva decisi\u00f3n del Gobierno porte\u00f1a de Mauricio Macri de clausurar ayer las instalaciones del canal de noticias C5N.<!--more--><\/p>\n<p>Mediante un comunicado, los legisladores indicaron que \u00abla decisi\u00f3n de la autoridad porte\u00f1a impide el movimiento de unidades m\u00f3viles de la citada emisora, lo que constituye un claro intento de bloquear el proceso de producci\u00f3n y libre circulaci\u00f3n de informaci\u00f3n\u00bb.<\/p>\n<p>\u00abConsideramos que esta medida del gobierno que encabeza Mauricio Macri es un acto de censura y un ataque certero a la libertad de expresi\u00f3n, y nos remite a las peores \u00e9pocas de nuestra historia\u00bb, afirm\u00f3 el comunicado.<\/p>\n<p>En otro tramo, los diputados expresaron que \u00abexigimos el respeto a todas las voces, tolerando las cr\u00edticas coyunturales que pudieran existir\u00bb.<\/p>\n<p>\u00abLa libertad de prensa, la libertad de expresi\u00f3n y la pluralidad de voces son pilares fundamentales de nuestra democracia, garantizados durante los gobiernos de N\u00e9stor Kirchner y Cristina Fern\u00e1ndez de Kirchner, y ratificados en la Ley de Servicios de Comunicaci\u00f3n Audiovisual, que fuera promovida por el Poder Ejecutivo y sancionada en 2009 por el Congreso de la Naci\u00f3n\u00bb, agreg\u00f3 el comunicado. <\/p>\n<p>Por \u00faltimo, el texto indic\u00f3 que \u00abcualquier intento de avasallar la libertad de prensa, la libertad de expresi\u00f3n o la pluralidad de voces es un ataque al sistema democr\u00e1tico\u00bb.<\/p>\n","protected":false},"excerpt":{"rendered":"<p>Los diputados del bloque del Frente para la Victoria de la Comisi\u00f3n de Comunicaciones e Inform\u00e1tica de la C\u00e1mara de Diputados expres\u00f3 un \u00aben\u00e9rgico rechazo\u00bb a la intempestiva decisi\u00f3n del Gobierno porte\u00f1a de Mauricio Macri de clausurar ayer las instalaciones del canal de noticias C5N.<\/p>\n","protected":false},"author":4,"featured_media":0,"comment_status":"open","ping_status":"open","sticky":false,"template":"","format":"standard","meta":{"_jetpack_newsletter_access":"","_jetpack_dont_email_post_to_subs":false,"_jetpack_newsletter_tier_id":0,"_jetpack_memberships_contains_paywalled_content":false,"_jetpack_memberships_contains_paid_content":false,"footnotes":""},"categories":[51],"tags":[],"class_list":["post-72307","post","type-post","status-publish","format-standard","hentry","category-politica"],"jetpack_shortlink":"https:\/\/wp.me\/p2JWE0-iOf","jetpack-related-posts":[{"id":118220,"url":"http:\/\/www.24baires.com\/?p=118220","url_meta":{"origin":72307,"position":0},"title":"Masivo repudio a la agresi\u00f3n de Macri en Dolores","author":"AF","date":"03\/11\/2021","format":false,"excerpt":"Diputados del Frente de Todos y trabajadores del canal de noticias C5N repudiaron el gesto agresivo que tuvo el expresidente cuando ingresaba a la sede de la Municipalidad de Dolores al quitarle el micr\u00f3fono al periodista de esa se\u00f1al que se encontraba en el lugar. Diputados del Frente de Todos\u2026","rel":"","context":"En \u00abPol\u00edtica\u00bb","block_context":{"text":"Pol\u00edtica","link":"http:\/\/www.24baires.com\/?cat=51"},"img":{"alt_text":"","src":"https:\/\/i0.wp.com\/www.24baires.com\/wp-content\/uploads\/2021\/11\/macri-ataca-c5n-2jpg.jpg?resize=350%2C200","width":350,"height":200,"srcset":"https:\/\/i0.wp.com\/www.24baires.com\/wp-content\/uploads\/2021\/11\/macri-ataca-c5n-2jpg.jpg?resize=350%2C200 1x, https:\/\/i0.wp.com\/www.24baires.com\/wp-content\/uploads\/2021\/11\/macri-ataca-c5n-2jpg.jpg?resize=525%2C300 1.5x"},"classes":[]},{"id":103494,"url":"http:\/\/www.24baires.com\/?p=103494","url_meta":{"origin":72307,"position":1},"title":"Repudian la modificaci\u00f3n para militarizar la seguridad interior","author":"AF","date":"23\/07\/2018","format":false,"excerpt":"Todo el abanico opositor se pronunci\u00f3 en contra de los cambios en la pol\u00edtica de defensa anunciada por el presidente Mauricio Macri, y reclamaron que el tema sea debatido en el Congreso. El bloque de Diputados del Frente para la Victoria consider\u00f3 hoy como una \"degradaci\u00f3n de la democracia y\u2026","rel":"","context":"En \u00abPol\u00edtica\u00bb","block_context":{"text":"Pol\u00edtica","link":"http:\/\/www.24baires.com\/?cat=51"},"img":{"alt_text":"","src":"https:\/\/i0.wp.com\/www.24baires.com\/wp-content\/uploads\/2018\/07\/congreso.jpg?resize=350%2C200","width":350,"height":200,"srcset":"https:\/\/i0.wp.com\/www.24baires.com\/wp-content\/uploads\/2018\/07\/congreso.jpg?resize=350%2C200 1x, https:\/\/i0.wp.com\/www.24baires.com\/wp-content\/uploads\/2018\/07\/congreso.jpg?resize=525%2C300 1.5x"},"classes":[]},{"id":72290,"url":"http:\/\/www.24baires.com\/?p=72290","url_meta":{"origin":72307,"position":2},"title":"Aseguran que la Ciudad actu\u00f3 de modo ilegal y sin orden judicial en la clausura a C5N","author":"GB","date":"17\/09\/2015","format":false,"excerpt":"Al cerrar el galp\u00f3n del canal, el gobierno porte\u00f1o no respet\u00f3 un decreto firmado por Macri que indica que las instalaciones de los medios s\u00f3lo pueden ser clausuradas mediante v\u00eda judicial. Con la clausura de este jueves el galp\u00f3n donde entran y salen los m\u00f3viles de C5N, el gobierno de\u2026","rel":"","context":"En \u00abMedios\u00bb","block_context":{"text":"Medios","link":"http:\/\/www.24baires.com\/?cat=54"},"img":{"alt_text":"","src":"","width":0,"height":0},"classes":[]},{"id":119502,"url":"http:\/\/www.24baires.com\/?p=119502","url_meta":{"origin":72307,"position":3},"title":"El Presidente critic\u00f3 a los jueces que ordenaron liberar a integrantes de Revoluci\u00f3n Federal","author":"AF","date":"02\/11\/2022","format":false,"excerpt":"El Presidente apunt\u00f3 contra la C\u00e1mara Federal porte\u00f1a, al asegurar que est\u00e1n empecinados \"en tapar que una banda criminal con ramificaciones y financiamiento oscuro atent\u00f3 contra la vida de la vicepresidenta de la Naci\u00f3n\". Tambi\u00e9n desarm\u00f3 la maniobra de Macri en el Consejo de la Magistratura para bloquear a los\u2026","rel":"","context":"En \u00abPol\u00edtica\u00bb","block_context":{"text":"Pol\u00edtica","link":"http:\/\/www.24baires.com\/?cat=51"},"img":{"alt_text":"","src":"https:\/\/i0.wp.com\/www.24baires.com\/wp-content\/uploads\/2022\/09\/alberto.jpg?resize=350%2C200","width":350,"height":200,"srcset":"https:\/\/i0.wp.com\/www.24baires.com\/wp-content\/uploads\/2022\/09\/alberto.jpg?resize=350%2C200 1x, https:\/\/i0.wp.com\/www.24baires.com\/wp-content\/uploads\/2022\/09\/alberto.jpg?resize=525%2C300 1.5x, https:\/\/i0.wp.com\/www.24baires.com\/wp-content\/uploads\/2022\/09\/alberto.jpg?resize=700%2C400 2x"},"classes":[]},{"id":72283,"url":"http:\/\/www.24baires.com\/?p=72283","url_meta":{"origin":72307,"position":4},"title":"Clausura a C5N: \u00abEs una situaci\u00f3n muy grave que en el AFSCA estamos analizando\u00bb","author":"GB","date":"17\/09\/2015","format":false,"excerpt":"A ra\u00edz de la grave clausura que sufri\u00f3 el galp\u00f3n de m\u00f3viles de C5N, el titular del AFSCA, Mart\u00edn Sabatella, se\u00f1al\u00f3 que \"desde el organismo estamos muy preocupados y ocupados\". El funcionario dijo que la clausura dispuesta por el Gobierno de la Ciudad de Buenos Aires \"es muy grave\". \"Nos\u2026","rel":"","context":"En \u00abMedios\u00bb","block_context":{"text":"Medios","link":"http:\/\/www.24baires.com\/?cat=54"},"img":{"alt_text":"sabbatella desafio","src":"https:\/\/i0.wp.com\/www.24baires.com\/wp-content\/uploads\/2012\/10\/sabbatella-desafio.jpg?resize=350%2C200","width":350,"height":200,"srcset":"https:\/\/i0.wp.com\/www.24baires.com\/wp-content\/uploads\/2012\/10\/sabbatella-desafio.jpg?resize=350%2C200 1x, https:\/\/i0.wp.com\/www.24baires.com\/wp-content\/uploads\/2012\/10\/sabbatella-desafio.jpg?resize=525%2C300 1.5x"},"classes":[]},{"id":106950,"url":"http:\/\/www.24baires.com\/?p=106950","url_meta":{"origin":72307,"position":5},"title":"Ritondo ser\u00e1 el reemplazante de Monz\u00f3 para manejar la C\u00e1mara de Diputados","author":"GB","date":"22\/02\/2019","format":false,"excerpt":"El actual ministro de Seguridad bonaerense encabezar\u00e1 la lista de diputados nacionales por la Provincia de Buenos Aires en la lista de Cambiemos. Es el elegido por el jefe de Gabinete para comandar la c\u00e1mara baja tras su experiencia como diputado y el manejo de la legislatura porte\u00f1a. Marcos Pe\u00f1a\u2026","rel":"","context":"En \u00abPol\u00edtica\u00bb","block_context":{"text":"Pol\u00edtica","link":"http:\/\/www.24baires.com\/?cat=51"},"img":{"alt_text":"","src":"https:\/\/i0.wp.com\/www.24baires.com\/wp-content\/uploads\/2017\/07\/ritondo.jpg?resize=350%2C200","width":350,"height":200,"srcset":"https:\/\/i0.wp.com\/www.24baires.com\/wp-content\/uploads\/2017\/07\/ritondo.jpg?resize=350%2C200 1x, https:\/\/i0.wp.com\/www.24baires.com\/wp-content\/uploads\/2017\/07\/ritondo.jpg?resize=525%2C300 1.5x"},"classes":[]}],"jetpack_sharing_enabled":true,"jetpack_likes_enabled":true,"jetpack_featured_media_url":"","_links":{"self":[{"href":"http:\/\/www.24baires.com\/index.php?rest_route=\/wp\/v2\/posts\/72307","targetHints":{"allow":["GET"]}}],"collection":[{"href":"http:\/\/www.24baires.com\/index.php?rest_route=\/wp\/v2\/posts"}],"about":[{"href":"http:\/\/www.24baires.com\/index.php?rest_route=\/wp\/v2\/types\/post"}],"author":[{"embeddable":true,"href":"http:\/\/www.24baires.com\/index.php?rest_route=\/wp\/v2\/users\/4"}],"replies":[{"embeddable":true,"href":"http:\/\/www.24baires.com\/index.php?rest_route=%2Fwp%2Fv2%2Fcomments&post=72307"}],"version-history":[{"count":1,"href":"http:\/\/www.24baires.com\/index.php?rest_route=\/wp\/v2\/posts\/72307\/revisions"}],"predecessor-version":[{"id":72308,"href":"http:\/\/www.24baires.com\/index.php?rest_route=\/wp\/v2\/posts\/72307\/revisions\/72308"}],"wp:attachment":[{"href":"http:\/\/www.24baires.com\/index.php?rest_route=%2Fwp%2Fv2%2Fmedia&parent=72307"}],"wp:term":[{"taxonomy":"category","embeddable":true,"href":"http:\/\/www.24baires.com\/index.php?rest_route=%2Fwp%2Fv2%2Fcategories&post=72307"},{"taxonomy":"post_tag","embeddable":true,"href":"http:\/\/www.24baires.com\/index.php?rest_route=%2Fwp%2Fv2%2Ftags&post=72307"}],"curies":[{"name":"wp","href":"https:\/\/api.w.org\/{rel}","templated":true}]}}