{"id":72286,"date":"2015-09-17T19:27:49","date_gmt":"2015-09-17T22:27:49","guid":{"rendered":"http:\/\/www.24baires.com\/?p=72286"},"modified":"2015-09-17T19:27:49","modified_gmt":"2015-09-17T22:27:49","slug":"evo-sobre-scioli-daniel-es-un-revolucionario-de-la-patria-grande","status":"publish","type":"post","link":"http:\/\/www.24baires.com\/?p=72286","title":{"rendered":"Evo sobre Scioli: \u201cDaniel es un revolucionario de la Patria Grande\u201d"},"content":{"rendered":"<p><img data-recalc-dims=\"1\" loading=\"lazy\" decoding=\"async\" class=\"aligncenter size-full wp-image-72287\" src=\"https:\/\/i0.wp.com\/www.24baires.com\/wp-content\/uploads\/2015\/09\/evo-zannini-scioli.jpg?resize=560%2C315\" alt=\"evo zannini scioli\" width=\"560\" height=\"315\" srcset=\"https:\/\/i0.wp.com\/www.24baires.com\/wp-content\/uploads\/2015\/09\/evo-zannini-scioli.jpg?w=560 560w, https:\/\/i0.wp.com\/www.24baires.com\/wp-content\/uploads\/2015\/09\/evo-zannini-scioli.jpg?resize=300%2C169 300w\" sizes=\"auto, (max-width: 560px) 100vw, 560px\" \/><strong>LA PLATA-<\/strong>El presidente de Bolivia fue recibido en La Plata por el candidato presidencial del Frente para la Victoria.<!--more--><\/p>\n<p>Daniel Scioli, candidato presidencial por el Frente para la Victoria -FPV-, recibi\u00f3 este jueves a Evo Morales, presidente de Bolivia. Ambos encabezan un acto en la ciudad de La Plata, donde tambi\u00e9n se encuentra Carlos Zannini, compa\u00f1ero de f\u00f3rmula del gobernador bonaerense.<\/p>\n<p>\u201cDaniel es un referente del pueblo, es un revolucionario de la Patria Grande\u201c, manifest\u00f3 Evo en relaci\u00f3n a Scioli. Adem\u00e1s, el presidente del vecino pa\u00eds se mostr\u00f3 \u201cimpresionado por la presencia de hermanos bolivianos\u201d. Entre otras cuestiones, valor\u00f3 el crecimiento energ\u00e9tico de su pa\u00eds y las relaciones comerciales con la Argentina, adem\u00e1s de destacar el rol de N\u00e9stor Kirchner.<\/p>\n<p>Luego de este encuentro, Evo Morales se reunir\u00e1 en la Residencia de Olivos junto a la presidenta Cristina Fern\u00e1ndez de Kirchner. El mandatario de Bolivia fue distinguido este jueves por las Universidades Nacional de Quilmes -UNQ- y de Jos\u00e9 C. Paz, con los t\u00edtulos de Doctor Honoris Causa por su actuaci\u00f3n en el proceso de resignificaci\u00f3n y revalorizaci\u00f3n de Am\u00e9rica Latina.<\/p>\n<p>&nbsp;<\/p>\n<p>&nbsp;<\/p>\n<p>&nbsp;<\/p>\n<p>&nbsp;<\/p>\n<p>&nbsp;<\/p>\n<p>&nbsp;<\/p>\n<p>&nbsp;<\/p>\n<p>&nbsp;<\/p>\n<p>&nbsp;<\/p>\n<p>&nbsp;<\/p>\n<p>&nbsp;<\/p>\n<p>&nbsp;<\/p>\n<p>&nbsp;<\/p>\n<p>&nbsp;<\/p>\n","protected":false},"excerpt":{"rendered":"<p>LA PLATA-El presidente de Bolivia fue recibido en La Plata por el candidato presidencial del Frente para la Victoria.<\/p>\n","protected":false},"author":8,"featured_media":0,"comment_status":"open","ping_status":"open","sticky":false,"template":"","format":"standard","meta":{"_jetpack_newsletter_access":"","_jetpack_dont_email_post_to_subs":false,"_jetpack_newsletter_tier_id":0,"_jetpack_memberships_contains_paywalled_content":false,"_jetpack_memberships_contains_paid_content":false,"footnotes":""},"categories":[51],"tags":[],"class_list":["post-72286","post","type-post","status-publish","format-standard","hentry","category-politica"],"jetpack_shortlink":"https:\/\/wp.me\/p2JWE0-iNU","jetpack-related-posts":[{"id":116490,"url":"http:\/\/www.24baires.com\/?p=116490","url_meta":{"origin":72286,"position":0},"title":"Evo Morales: \u00abLa prioridad es recuperar la democracia en Bolivia\u00bb","author":"AF","date":"18\/10\/2020","format":false,"excerpt":"Desde la Argentina, el presidente derrocado de Bolivia, Evo Morales, hizo un llamamiento a sus seguidores por las elecciones de este domingo. El mandatario derrocado de Bolivia Evo Morales dijo este domingo sobre las elecciones presidenciales que se celebran en su pa\u00eds y sus actividades a futuro, que \"la prioridad\u2026","rel":"","context":"En \u00abInternacionales\u00bb","block_context":{"text":"Internacionales","link":"http:\/\/www.24baires.com\/?cat=73"},"img":{"alt_text":"","src":"https:\/\/i0.wp.com\/www.24baires.com\/wp-content\/uploads\/2019\/11\/evo-morales.jpg?resize=350%2C200","width":350,"height":200,"srcset":"https:\/\/i0.wp.com\/www.24baires.com\/wp-content\/uploads\/2019\/11\/evo-morales.jpg?resize=350%2C200 1x, https:\/\/i0.wp.com\/www.24baires.com\/wp-content\/uploads\/2019\/11\/evo-morales.jpg?resize=525%2C300 1.5x"},"classes":[]},{"id":112942,"url":"http:\/\/www.24baires.com\/?p=112942","url_meta":{"origin":72286,"position":1},"title":"Lipovetsky toma distancia del Gobierno y pide a la OEA intervenga en Bolivia","author":"GB","date":"11\/11\/2019","format":false,"excerpt":"Preocupado por la situaci\u00f3n que atraviesa el pa\u00eds vecino, el diputado nacional adelant\u00f3 que pidi\u00f3 una sesi\u00f3n especial, en la C\u00e1mara baja, para abordar el hecho. \u201cCuando uno ve que las fuerzas armadas de un pa\u00eds hermano sugieren la renuncia del presidente, estamos hablando de un golpe de un golpe\u2026","rel":"","context":"En \u00abPol\u00edtica\u00bb","block_context":{"text":"Pol\u00edtica","link":"http:\/\/www.24baires.com\/?cat=51"},"img":{"alt_text":"","src":"https:\/\/i0.wp.com\/www.24baires.com\/wp-content\/uploads\/2019\/11\/lipovetsky.jpg?resize=350%2C200","width":350,"height":200,"srcset":"https:\/\/i0.wp.com\/www.24baires.com\/wp-content\/uploads\/2019\/11\/lipovetsky.jpg?resize=350%2C200 1x, https:\/\/i0.wp.com\/www.24baires.com\/wp-content\/uploads\/2019\/11\/lipovetsky.jpg?resize=525%2C300 1.5x"},"classes":[]},{"id":116642,"url":"http:\/\/www.24baires.com\/?p=116642","url_meta":{"origin":72286,"position":2},"title":"Alberto Fern\u00e1ndez particip\u00f3 de la asunci\u00f3n de Luis Arce como presidente de Bolivia","author":"GB","date":"09\/11\/2020","format":false,"excerpt":"El mandatario argentino resalt\u00f3 que el pa\u00eds vecinos \"recupera la democracia que nunca debi\u00f3 perder\". Luis Arce Catacora asumi\u00f3 este domingo al mediod\u00eda como presidente constitucional de Bolivia al prestar juramento ante la Asamblea Legislativa Plurinacional con un discurso de tono conciliador y sin aludir a su mentor pol\u00edtico, el\u2026","rel":"","context":"En \u00abPol\u00edtica\u00bb","block_context":{"text":"Pol\u00edtica","link":"http:\/\/www.24baires.com\/?cat=51"},"img":{"alt_text":"","src":"https:\/\/i0.wp.com\/www.24baires.com\/wp-content\/uploads\/2020\/11\/20201109062815_5fa8543e5f480-1004x565.jpg?resize=350%2C200","width":350,"height":200,"srcset":"https:\/\/i0.wp.com\/www.24baires.com\/wp-content\/uploads\/2020\/11\/20201109062815_5fa8543e5f480-1004x565.jpg?resize=350%2C200 1x, https:\/\/i0.wp.com\/www.24baires.com\/wp-content\/uploads\/2020\/11\/20201109062815_5fa8543e5f480-1004x565.jpg?resize=525%2C300 1.5x"},"classes":[]},{"id":112937,"url":"http:\/\/www.24baires.com\/?p=112937","url_meta":{"origin":72286,"position":3},"title":"\u00abMesa y Camacho pasar\u00e1n a la historia como racistas y golpistas\u00bb, asever\u00f3 Evo Morales","author":"GB","date":"11\/11\/2019","format":false,"excerpt":"El destituido presidente de Bolivia apunt\u00f3 contra sus opositores, a quienes acus\u00f3 de conspirar para consumar el golpe de Estado en su contra. El presidente derrocado de Bolivia, Evo Morales, acus\u00f3 a los jefes de la oposici\u00f3n Carlos Mesa y Luis Fernando Camacho de \"discriminadores y conspiradores\" y afirm\u00f3 que\u2026","rel":"","context":"En \u00abInternacionales\u00bb","block_context":{"text":"Internacionales","link":"http:\/\/www.24baires.com\/?cat=73"},"img":{"alt_text":"","src":"https:\/\/i0.wp.com\/www.24baires.com\/wp-content\/uploads\/2019\/11\/evo-morales.jpg?resize=350%2C200","width":350,"height":200,"srcset":"https:\/\/i0.wp.com\/www.24baires.com\/wp-content\/uploads\/2019\/11\/evo-morales.jpg?resize=350%2C200 1x, https:\/\/i0.wp.com\/www.24baires.com\/wp-content\/uploads\/2019\/11\/evo-morales.jpg?resize=525%2C300 1.5x"},"classes":[]},{"id":116639,"url":"http:\/\/www.24baires.com\/?p=116639","url_meta":{"origin":72286,"position":4},"title":"Fern\u00e1ndez lleg\u00f3 a La Quiaca para despedir a Morales: \u00abMa\u00f1ana Evo vuelve a su casa\u00bb","author":"AF","date":"08\/11\/2020","format":false,"excerpt":"Enfundado en un poncho, y haciendo uso de un barbijo, Fern\u00e1ndez se acerc\u00f3 a saludar a las personas que estuvieron esperando su llegada. El presidente Alberto Fern\u00e1ndez arrib\u00f3 este domingo por la noche a la ciudad juje\u00f1a de La Quiaca para despedir al exmandatario de Bolivia Evo Morales, quien regresar\u00e1\u2026","rel":"","context":"En \u00abPol\u00edtica\u00bb","block_context":{"text":"Pol\u00edtica","link":"http:\/\/www.24baires.com\/?cat=51"},"img":{"alt_text":"","src":"https:\/\/i0.wp.com\/www.24baires.com\/wp-content\/uploads\/2020\/11\/5fa8a007ef5bf_300x168-300x168.jpg?resize=350%2C200","width":350,"height":200},"classes":[]},{"id":113027,"url":"http:\/\/www.24baires.com\/?p=113027","url_meta":{"origin":72286,"position":5},"title":"Evo Morales denunci\u00f3 que ya hubo 24 muertes por la represi\u00f3n en Bolivia","author":"AF","date":"17\/11\/2019","format":false,"excerpt":"El presidente derrocado lo advirti\u00f3 en sus redes sociales desde M\u00e9xico. Un informe de la Defensor\u00eda de Bolivia y de la Comisi\u00f3n Interamericana de Derechos Humanos relev\u00f3 la misma cantidad de v\u00edctimas fatales. Asilado en M\u00e9xico por las amenazas de muerte despu\u00e9s del golpe de Estado, el destituido presidente de\u2026","rel":"","context":"En \u00abInternacionales\u00bb","block_context":{"text":"Internacionales","link":"http:\/\/www.24baires.com\/?cat=73"},"img":{"alt_text":"","src":"https:\/\/i0.wp.com\/www.24baires.com\/wp-content\/uploads\/2019\/11\/evo-morales.jpg?resize=350%2C200","width":350,"height":200,"srcset":"https:\/\/i0.wp.com\/www.24baires.com\/wp-content\/uploads\/2019\/11\/evo-morales.jpg?resize=350%2C200 1x, https:\/\/i0.wp.com\/www.24baires.com\/wp-content\/uploads\/2019\/11\/evo-morales.jpg?resize=525%2C300 1.5x"},"classes":[]}],"jetpack_sharing_enabled":true,"jetpack_likes_enabled":true,"jetpack_featured_media_url":"","_links":{"self":[{"href":"http:\/\/www.24baires.com\/index.php?rest_route=\/wp\/v2\/posts\/72286","targetHints":{"allow":["GET"]}}],"collection":[{"href":"http:\/\/www.24baires.com\/index.php?rest_route=\/wp\/v2\/posts"}],"about":[{"href":"http:\/\/www.24baires.com\/index.php?rest_route=\/wp\/v2\/types\/post"}],"author":[{"embeddable":true,"href":"http:\/\/www.24baires.com\/index.php?rest_route=\/wp\/v2\/users\/8"}],"replies":[{"embeddable":true,"href":"http:\/\/www.24baires.com\/index.php?rest_route=%2Fwp%2Fv2%2Fcomments&post=72286"}],"version-history":[{"count":1,"href":"http:\/\/www.24baires.com\/index.php?rest_route=\/wp\/v2\/posts\/72286\/revisions"}],"predecessor-version":[{"id":72288,"href":"http:\/\/www.24baires.com\/index.php?rest_route=\/wp\/v2\/posts\/72286\/revisions\/72288"}],"wp:attachment":[{"href":"http:\/\/www.24baires.com\/index.php?rest_route=%2Fwp%2Fv2%2Fmedia&parent=72286"}],"wp:term":[{"taxonomy":"category","embeddable":true,"href":"http:\/\/www.24baires.com\/index.php?rest_route=%2Fwp%2Fv2%2Fcategories&post=72286"},{"taxonomy":"post_tag","embeddable":true,"href":"http:\/\/www.24baires.com\/index.php?rest_route=%2Fwp%2Fv2%2Ftags&post=72286"}],"curies":[{"name":"wp","href":"https:\/\/api.w.org\/{rel}","templated":true}]}}