{"id":72234,"date":"2015-09-16T20:35:32","date_gmt":"2015-09-16T23:35:32","guid":{"rendered":"http:\/\/www.24baires.com\/?p=72234"},"modified":"2015-09-16T20:35:32","modified_gmt":"2015-09-16T23:35:32","slug":"el-senado-aprobo-el-proyecto-de-ley-que-protege-las-acciones-del-estado","status":"publish","type":"post","link":"http:\/\/www.24baires.com\/?p=72234","title":{"rendered":"El Senado aprob\u00f3 el proyecto de ley que protege las acciones del Estado"},"content":{"rendered":"<p><img data-recalc-dims=\"1\" loading=\"lazy\" decoding=\"async\" class=\"alignleft size-full wp-image-30945\" src=\"https:\/\/i0.wp.com\/www.24baires.com\/wp-content\/uploads\/2013\/08\/Senado.jpg?resize=320%2C213\" alt=\"Senado\" width=\"320\" height=\"213\" srcset=\"https:\/\/i0.wp.com\/www.24baires.com\/wp-content\/uploads\/2013\/08\/Senado.jpg?w=320 320w, https:\/\/i0.wp.com\/www.24baires.com\/wp-content\/uploads\/2013\/08\/Senado.jpg?resize=300%2C199 300w\" sizes=\"auto, (max-width: 320px) 100vw, 320px\" \/>La C\u00e1mara alta aprob\u00f3 y gir\u00f3 a Diputados un proyecto que declara de inter\u00e9s p\u00fablico la protecci\u00f3n de las participaciones sociales del Estado que integran su cartera de inversiones del Fondo de Garant\u00edas Solidario (FGS).<!--more--><\/p>\n<p>El Senado nacional aprob\u00f3 y gir\u00f3 a Diputados un proyecto de Ley que declara de inter\u00e9s p\u00fablico la protecci\u00f3n de las participaciones sociales del Estado que integran su cartera de inversiones del Fondo de Garant\u00edas Solidario (FGS) y de las participaciones accionarias de empresas donde sea socio minoritario.<\/p>\n<p>La iniciativa proh\u00edbe la transferencia de esas acciones sin previa autorizaci\u00f3n del Congreso por los votos de los dos tercios de sus miembros y crea la Agencia Nacional de Participaciones Estatales en Empresas (ANPEE).<\/p>\n","protected":false},"excerpt":{"rendered":"<p>La C\u00e1mara alta aprob\u00f3 y gir\u00f3 a Diputados un proyecto que declara de inter\u00e9s p\u00fablico la protecci\u00f3n de las participaciones sociales del Estado que integran su cartera de inversiones del Fondo de Garant\u00edas Solidario (FGS).<\/p>\n","protected":false},"author":8,"featured_media":0,"comment_status":"open","ping_status":"open","sticky":false,"template":"","format":"standard","meta":{"_jetpack_newsletter_access":"","_jetpack_dont_email_post_to_subs":false,"_jetpack_newsletter_tier_id":0,"_jetpack_memberships_contains_paywalled_content":false,"_jetpack_memberships_contains_paid_content":false,"footnotes":""},"categories":[51],"tags":[],"class_list":["post-72234","post","type-post","status-publish","format-standard","hentry","category-politica"],"jetpack_shortlink":"https:\/\/wp.me\/p2JWE0-iN4","jetpack-related-posts":[{"id":72513,"url":"http:\/\/www.24baires.com\/?p=72513","url_meta":{"origin":72234,"position":0},"title":"Emitieron dictamen del proyecto que protege acciones del Estado","author":"GB","date":"22\/09\/2015","format":false,"excerpt":"La iniciativa apunta a garantizar que no se puedan vender en el futuro las acciones que posee el Estado de empresas privadas sin el consenso de los dos tercios de ambos cuerpos del Parlamento. La decisi\u00f3n se adopt\u00f3 en un plenario de la comisi\u00f3n, que preside Roberto Feletti, en cuyo\u2026","rel":"","context":"En \u00abPol\u00edtica\u00bb","block_context":{"text":"Pol\u00edtica","link":"http:\/\/www.24baires.com\/?cat=51"},"img":{"alt_text":"c\u00f3digo civil diputados c\u00e1mara","src":"https:\/\/i0.wp.com\/www.24baires.com\/wp-content\/uploads\/2014\/10\/c%C3%B3digo-civil-diputados-c%C3%A1mara.jpg?resize=350%2C200","width":350,"height":200,"srcset":"https:\/\/i0.wp.com\/www.24baires.com\/wp-content\/uploads\/2014\/10\/c%C3%B3digo-civil-diputados-c%C3%A1mara.jpg?resize=350%2C200 1x, https:\/\/i0.wp.com\/www.24baires.com\/wp-content\/uploads\/2014\/10\/c%C3%B3digo-civil-diputados-c%C3%A1mara.jpg?resize=525%2C300 1.5x"},"classes":[]},{"id":112550,"url":"http:\/\/www.24baires.com\/?p=112550","url_meta":{"origin":72234,"position":1},"title":"Procesaron a exfuncionario de Macri por mal manejo de fondos de la Anses","author":"AF","date":"18\/10\/2019","format":false,"excerpt":"Est\u00e1 acusado de haber cometido el delito de negociaciones incompatibles con la funci\u00f3n p\u00fablica. En 2016 suscribi\u00f3 con los fondos de la Anses obligaciones negociables de empresas a las que hab\u00eda estado vinculado. El juez federal Sebastian Casanello dict\u00f3 el procesamiento al ex titular del Fondo de Garant\u00edas de Sustentabilidad\u2026","rel":"","context":"En \u00abJUDICIALES\u00bb","block_context":{"text":"JUDICIALES","link":"http:\/\/www.24baires.com\/?cat=68"},"img":{"alt_text":"","src":"https:\/\/i0.wp.com\/www.24baires.com\/wp-content\/uploads\/2019\/10\/blaquier.jpg?resize=350%2C200","width":350,"height":200,"srcset":"https:\/\/i0.wp.com\/www.24baires.com\/wp-content\/uploads\/2019\/10\/blaquier.jpg?resize=350%2C200 1x, https:\/\/i0.wp.com\/www.24baires.com\/wp-content\/uploads\/2019\/10\/blaquier.jpg?resize=525%2C300 1.5x"},"classes":[]},{"id":29293,"url":"http:\/\/www.24baires.com\/?p=29293","url_meta":{"origin":72234,"position":2},"title":"La Anses rechaz\u00f3 las acusaciones por \u00abdesv\u00edos de fondos\u00bb de la oposici\u00f3n","author":"Grupo Sierra","date":"31\/07\/2013","format":false,"excerpt":"La entidad desestim\u00f3 las denuncias emitidas por dirigentes de la oposici\u00f3n, entre los que se encuentra la diputada de la Coalici\u00f3n C\u00edvica Elisa Carri\u00f3. En tanto, calific\u00f3 la situaci\u00f3n de \"operaci\u00f3n medi\u00e1tica, y desminti\u00f3 que su titular, Diego Bossio, haya sido imputado por la Justicia. La Anses rechaz\u00f3 las acusaciones\u2026","rel":"","context":"En \u00abPol\u00edtica\u00bb","block_context":{"text":"Pol\u00edtica","link":"http:\/\/www.24baires.com\/?cat=51"},"img":{"alt_text":"","src":"","width":0,"height":0},"classes":[]},{"id":94639,"url":"http:\/\/www.24baires.com\/?p=94639","url_meta":{"origin":72234,"position":3},"title":"Allanan Ministerio de Finanzas por una medida PRO que provoc\u00f3 p\u00e9rdidas millonarias a la Anses","author":"GB","date":"19\/05\/2017","format":false,"excerpt":"El juez federal orden\u00f3 registrar el Palacio de Hacienda, el organismo previsional, la CNV y empresas privadas por una causa en la que se investigan operaciones presuntamente irregulares con los activos financieros del Fondo de Garant\u00eda de Sustentabilidad (FGS). Ya est\u00e1n imputados Luis Caputo, Emilio Basavilbaso y Luis Mar\u00eda Blaquier.\u2026","rel":"","context":"En \u00abEconom\u00eda\u00bb","block_context":{"text":"Econom\u00eda","link":"http:\/\/www.24baires.com\/?cat=45"},"img":{"alt_text":"","src":"https:\/\/i0.wp.com\/www.24baires.com\/wp-content\/uploads\/2012\/12\/Policias_federales.jpg?resize=350%2C200","width":350,"height":200,"srcset":"https:\/\/i0.wp.com\/www.24baires.com\/wp-content\/uploads\/2012\/12\/Policias_federales.jpg?resize=350%2C200 1x, https:\/\/i0.wp.com\/www.24baires.com\/wp-content\/uploads\/2012\/12\/Policias_federales.jpg?resize=525%2C300 1.5x"},"classes":[]},{"id":83401,"url":"http:\/\/www.24baires.com\/?p=83401","url_meta":{"origin":72234,"position":4},"title":"Diputados comienza a debatir el proyecto de pago a jubilados","author":"AF","date":"02\/06\/2016","format":false,"excerpt":"El proyecto para pagar sentencias y reajustes por haberes mal liquidados a los jubilados ser\u00e1 solventado con los intereses por el blanqueo de capitales y la rentabilidad del Fondo de Garant\u00eda de Sustentabilidad. Este jueves se abrir\u00e1 la discusi\u00f3n del proyecto de reparaci\u00f3n hist\u00f3rica para jubilados y pensionados con un\u2026","rel":"","context":"En \u00abSociedad\u00bb","block_context":{"text":"Sociedad","link":"http:\/\/www.24baires.com\/?cat=1"},"img":{"alt_text":"diputados","src":"https:\/\/i0.wp.com\/www.24baires.com\/wp-content\/uploads\/2016\/03\/diputados.jpg?resize=350%2C200","width":350,"height":200,"srcset":"https:\/\/i0.wp.com\/www.24baires.com\/wp-content\/uploads\/2016\/03\/diputados.jpg?resize=350%2C200 1x, https:\/\/i0.wp.com\/www.24baires.com\/wp-content\/uploads\/2016\/03\/diputados.jpg?resize=525%2C300 1.5x"},"classes":[]},{"id":116713,"url":"http:\/\/www.24baires.com\/?p=116713","url_meta":{"origin":72234,"position":5},"title":"El impuesto a la riqueza llega al Congreso Nacional","author":"GB","date":"17\/11\/2020","format":false,"excerpt":"Se espera una sesi\u00f3n marat\u00f3nica y el oficialismo conf\u00eda en conseguirlos n\u00fameros para aprobar la iniciativa y girarla al Senado, donde cuenta con mayor\u00eda. El proyecto de los diputados M\u00e1ximo Kirchner y Carlos Heller, para crear un Aporte Solidario Extraordinario a las Grandes Fortunas, ser\u00e1 tratado este martes en la\u2026","rel":"","context":"En \u00abPol\u00edtica\u00bb","block_context":{"text":"Pol\u00edtica","link":"http:\/\/www.24baires.com\/?cat=51"},"img":{"alt_text":"","src":"https:\/\/i0.wp.com\/www.24baires.com\/wp-content\/uploads\/2020\/05\/diputados-virtual.jpg?resize=350%2C200","width":350,"height":200,"srcset":"https:\/\/i0.wp.com\/www.24baires.com\/wp-content\/uploads\/2020\/05\/diputados-virtual.jpg?resize=350%2C200 1x, https:\/\/i0.wp.com\/www.24baires.com\/wp-content\/uploads\/2020\/05\/diputados-virtual.jpg?resize=525%2C300 1.5x"},"classes":[]}],"jetpack_sharing_enabled":true,"jetpack_likes_enabled":true,"jetpack_featured_media_url":"","_links":{"self":[{"href":"http:\/\/www.24baires.com\/index.php?rest_route=\/wp\/v2\/posts\/72234","targetHints":{"allow":["GET"]}}],"collection":[{"href":"http:\/\/www.24baires.com\/index.php?rest_route=\/wp\/v2\/posts"}],"about":[{"href":"http:\/\/www.24baires.com\/index.php?rest_route=\/wp\/v2\/types\/post"}],"author":[{"embeddable":true,"href":"http:\/\/www.24baires.com\/index.php?rest_route=\/wp\/v2\/users\/8"}],"replies":[{"embeddable":true,"href":"http:\/\/www.24baires.com\/index.php?rest_route=%2Fwp%2Fv2%2Fcomments&post=72234"}],"version-history":[{"count":1,"href":"http:\/\/www.24baires.com\/index.php?rest_route=\/wp\/v2\/posts\/72234\/revisions"}],"predecessor-version":[{"id":72235,"href":"http:\/\/www.24baires.com\/index.php?rest_route=\/wp\/v2\/posts\/72234\/revisions\/72235"}],"wp:attachment":[{"href":"http:\/\/www.24baires.com\/index.php?rest_route=%2Fwp%2Fv2%2Fmedia&parent=72234"}],"wp:term":[{"taxonomy":"category","embeddable":true,"href":"http:\/\/www.24baires.com\/index.php?rest_route=%2Fwp%2Fv2%2Fcategories&post=72234"},{"taxonomy":"post_tag","embeddable":true,"href":"http:\/\/www.24baires.com\/index.php?rest_route=%2Fwp%2Fv2%2Ftags&post=72234"}],"curies":[{"name":"wp","href":"https:\/\/api.w.org\/{rel}","templated":true}]}}