{"id":72208,"date":"2015-09-16T15:00:11","date_gmt":"2015-09-16T18:00:11","guid":{"rendered":"http:\/\/www.24baires.com\/?p=72208"},"modified":"2015-09-16T12:20:25","modified_gmt":"2015-09-16T15:20:25","slug":"zaffaroni-yo-soy-mas-populista-y-peronista-y-fayt-era-mas-gorila","status":"publish","type":"post","link":"http:\/\/www.24baires.com\/?p=72208","title":{"rendered":"Zaffaroni: \u201cYo soy m\u00e1s populista y peronista y Fayt era m\u00e1s gorila\u201d"},"content":{"rendered":"<p><img data-recalc-dims=\"1\" loading=\"lazy\" decoding=\"async\" class=\"aligncenter size-full wp-image-4372\" src=\"https:\/\/i0.wp.com\/www.24baires.com\/wp-content\/uploads\/2012\/11\/zaffaroni2.jpg?resize=560%2C372\" alt=\"zaffaroni2\" width=\"560\" height=\"372\" srcset=\"https:\/\/i0.wp.com\/www.24baires.com\/wp-content\/uploads\/2012\/11\/zaffaroni2.jpg?w=560 560w, https:\/\/i0.wp.com\/www.24baires.com\/wp-content\/uploads\/2012\/11\/zaffaroni2.jpg?resize=300%2C199 300w\" sizes=\"auto, (max-width: 560px) 100vw, 560px\" \/>El ex miembro de la Corte Suprema de Justicia de la Naci\u00f3n habl\u00f3 sobre la renuncia del juez Carlos Fayt. Adem\u00e1s, dijo que es \u00abirresponsable\u00bb lo que hace la oposici\u00f3n para no cubrir las vacantes en la Corte Suprema.<!--more--><\/p>\n<p>El ex juez de la Corte Suprema de Justicia de la Naci\u00f3n, Ra\u00fal Zaffaroni se refiri\u00f3 a la renuncia del juez Carlos Fayt. \u201cYo soy m\u00e1s peronista, populista y Fayt era m\u00e1s gorila\u00bb, asegur\u00f3 el funcionario a Radio Am\u00e9rica.<\/p>\n<p>\u201cHay que mirar para adelante, \u00e9l era profesor cuando yo era estudiante. Ahora hay que pensar institucionalmente, qu\u00e9 se hace con la Corte, con la reforma de la constituci\u00f3n\u201d, explic\u00f3 y agreg\u00f3 que \u201cuna Corte de tres personas es inadmisible y una de cinco tambi\u00e9n\u201d.<\/p>\n<p>\u201cLa concentraci\u00f3n de poder siempre es peligrosa. Si no hay tres votos no hay mayor\u00eda, se va a necesitar unanimidad. No se trata de que sean buenas o malas personas\u201d, se\u00f1al\u00f3.<\/p>\n<p>Adem\u00e1s, Zaffaroni dijo que \u00abirresponsable es lo que hace la oposici\u00f3n al decir que no aceptar\u00e1 a nadie para que vaya a la Corte\u00bb y que \u00abdepende de la pol\u00edtica que tengamos una nueva Corte\u00bb.<\/p>\n<p>\u00abEn Am\u00e9rica Latina todos los pa\u00edses tienen cortes numerosas. Deber\u00edamos tener una Corte de 15 ministros y con cupo femenino. En una Corte de quince pensar en cinco ministras no me llamar\u00eda la atenci\u00f3n\u201d, concluy\u00f3.<\/p>\n<p>&nbsp;<\/p>\n<p>&nbsp;<\/p>\n<p>&nbsp;<\/p>\n<p>&nbsp;<\/p>\n<p>&nbsp;<\/p>\n<p>&nbsp;<\/p>\n<p>&nbsp;<\/p>\n<p>&nbsp;<\/p>\n<p>&nbsp;<\/p>\n<p>&nbsp;<\/p>\n<p>&nbsp;<\/p>\n<p>&nbsp;<\/p>\n<p>&nbsp;<\/p>\n","protected":false},"excerpt":{"rendered":"<p>El ex miembro de la Corte Suprema de Justicia de la Naci\u00f3n habl\u00f3 sobre la renuncia del juez Carlos Fayt. Adem\u00e1s, dijo que es \u00abirresponsable\u00bb lo que hace la oposici\u00f3n para no cubrir las vacantes en la Corte Suprema.<\/p>\n","protected":false},"author":4,"featured_media":0,"comment_status":"open","ping_status":"open","sticky":false,"template":"","format":"standard","meta":{"_jetpack_newsletter_access":"","_jetpack_dont_email_post_to_subs":false,"_jetpack_newsletter_tier_id":0,"_jetpack_memberships_contains_paywalled_content":false,"_jetpack_memberships_contains_paid_content":false,"footnotes":""},"categories":[51],"tags":[],"class_list":["post-72208","post","type-post","status-publish","format-standard","hentry","category-politica"],"jetpack_shortlink":"https:\/\/wp.me\/p2JWE0-iME","jetpack-related-posts":[{"id":47206,"url":"http:\/\/www.24baires.com\/?p=47206","url_meta":{"origin":72208,"position":0},"title":"Prescribi\u00f3 causa contra Fayt por un libro sobre \u00abterrorismo sagrado\u00bb","author":"AF","date":"02\/06\/2014","format":false,"excerpt":"En 2001 el integrante de la Corte Suprema public\u00f3 un libro donde escribi\u00f3 sobre los atentados a la AMIA y a la embajada de Isarael. All\u00ed mencion\u00f3 a un exfuncionario iran\u00ed, quien lo demand\u00f3 por da\u00f1os y perjuicios. La Corte Suprema de Justicia de la Naci\u00f3n -en esta oportunidad, integrada\u2026","rel":"","context":"En \u00abJUDICIALES\u00bb","block_context":{"text":"JUDICIALES","link":"http:\/\/www.24baires.com\/?cat=68"},"img":{"alt_text":"","src":"https:\/\/i0.wp.com\/www.24baires.com\/wp-content\/uploads\/2014\/06\/fayt.jpg?resize=350%2C200","width":350,"height":200,"srcset":"https:\/\/i0.wp.com\/www.24baires.com\/wp-content\/uploads\/2014\/06\/fayt.jpg?resize=350%2C200 1x, https:\/\/i0.wp.com\/www.24baires.com\/wp-content\/uploads\/2014\/06\/fayt.jpg?resize=525%2C300 1.5x"},"classes":[]},{"id":56594,"url":"http:\/\/www.24baires.com\/?p=56594","url_meta":{"origin":72208,"position":1},"title":"El juez Carlos Fayt asegur\u00f3 que no renunciar\u00e1 a la Corte","author":"AF","date":"05\/11\/2014","format":false,"excerpt":"El juez del M\u00e1ximo tribunal, Carlos Fayt, de 95 a\u00f1os se diferenci\u00f3 de su par Eugenio Zaffaroni, y tambi\u00e9n asegur\u00f3 que lo ideal es que la Corte \u201ccuente con cinco integrantes\u201d. \"No tengo una fecha de salida. No comparto la opini\u00f3n de (Ra\u00fal) Zaffaroni en relaci\u00f3n a irse a los\u2026","rel":"","context":"En \u00abJUDICIALES\u00bb","block_context":{"text":"JUDICIALES","link":"http:\/\/www.24baires.com\/?cat=68"},"img":{"alt_text":"fayt2","src":"https:\/\/i0.wp.com\/www.24baires.com\/wp-content\/uploads\/2014\/10\/fayt2.jpg?resize=350%2C200","width":350,"height":200,"srcset":"https:\/\/i0.wp.com\/www.24baires.com\/wp-content\/uploads\/2014\/10\/fayt2.jpg?resize=350%2C200 1x, https:\/\/i0.wp.com\/www.24baires.com\/wp-content\/uploads\/2014\/10\/fayt2.jpg?resize=525%2C300 1.5x"},"classes":[]},{"id":55261,"url":"http:\/\/www.24baires.com\/?p=55261","url_meta":{"origin":72208,"position":2},"title":"C\u00f3mo queda la Corte tras el fallecimiento de Petracchi","author":"Grupo Sierra","date":"12\/10\/2014","format":false,"excerpt":"Por el momento, la falta no genera una nueva vacante en el m\u00e1ximo \u00f3rgano del Poder Judicial, que funcionar\u00e1 con cinco integrantes. Pero se anticipa que 2015 ser\u00e1 un a\u00f1o con novedades. La muerte del juez Enrique Petracchi dej\u00f3 a la Corte Suprema de Justicia de la Naci\u00f3n con cinco\u2026","rel":"","context":"En \u00abJUDICIALES\u00bb","block_context":{"text":"JUDICIALES","link":"http:\/\/www.24baires.com\/?cat=68"},"img":{"alt_text":"corte suprema","src":"https:\/\/i0.wp.com\/www.24baires.com\/wp-content\/uploads\/2014\/09\/corte-suprema.jpg?resize=350%2C200","width":350,"height":200,"srcset":"https:\/\/i0.wp.com\/www.24baires.com\/wp-content\/uploads\/2014\/09\/corte-suprema.jpg?resize=350%2C200 1x, https:\/\/i0.wp.com\/www.24baires.com\/wp-content\/uploads\/2014\/09\/corte-suprema.jpg?resize=525%2C300 1.5x"},"classes":[]},{"id":65363,"url":"http:\/\/www.24baires.com\/?p=65363","url_meta":{"origin":72208,"position":3},"title":"La Corte ratific\u00f3 a Lorenzetti como presidente","author":"GB","date":"05\/05\/2015","format":false,"excerpt":"La Corte Suprema de Justicia ratific\u00f3 \"total y absolutamente\" la acordada que reeligi\u00f3 a su presidente Ricardo Lorenzetti y a la vicepresidenta Elena Highton de Nolasco para ocupar nuevamente los cargos a partir del 1 de enero de 2016. Mediante un comunicado de tres l\u00edneas publicado esta ma\u00f1ana en el\u2026","rel":"","context":"En \u00abPol\u00edtica\u00bb","block_context":{"text":"Pol\u00edtica","link":"http:\/\/www.24baires.com\/?cat=51"},"img":{"alt_text":"lorenzetti2","src":"https:\/\/i0.wp.com\/www.24baires.com\/wp-content\/uploads\/2015\/03\/lorenzetti2.jpg?resize=350%2C200","width":350,"height":200,"srcset":"https:\/\/i0.wp.com\/www.24baires.com\/wp-content\/uploads\/2015\/03\/lorenzetti2.jpg?resize=350%2C200 1x, https:\/\/i0.wp.com\/www.24baires.com\/wp-content\/uploads\/2015\/03\/lorenzetti2.jpg?resize=525%2C300 1.5x"},"classes":[]},{"id":69219,"url":"http:\/\/www.24baires.com\/?p=69219","url_meta":{"origin":72208,"position":4},"title":"La Corte Suprema rechaz\u00f3 un pedido de Carri\u00f3 para que no critiquen a Fayt","author":"Grupo Sierra","date":"17\/07\/2015","format":false,"excerpt":"Elisa Carri\u00f3 hab\u00eda solicitado que la Corte Suprema de la Naci\u00f3n intervenga para que cesen las cr\u00edticas al juez Carlos Fayt, el pedido fue denegado. La precandidata a la presidencia por el frente Cambiemos hab\u00eda solicitado que el m\u00e1ximo organismo de justicia intervenga para frenar las cr\u00edticas a Fayt \"por\u2026","rel":"","context":"En \u00abJUDICIALES\u00bb","block_context":{"text":"JUDICIALES","link":"http:\/\/www.24baires.com\/?cat=68"},"img":{"alt_text":"CARRIO","src":"https:\/\/i0.wp.com\/www.24baires.com\/wp-content\/uploads\/2013\/05\/CARRIO.jpg?resize=350%2C200","width":350,"height":200,"srcset":"https:\/\/i0.wp.com\/www.24baires.com\/wp-content\/uploads\/2013\/05\/CARRIO.jpg?resize=350%2C200 1x, https:\/\/i0.wp.com\/www.24baires.com\/wp-content\/uploads\/2013\/05\/CARRIO.jpg?resize=525%2C300 1.5x"},"classes":[]},{"id":60989,"url":"http:\/\/www.24baires.com\/?p=60989","url_meta":{"origin":72208,"position":5},"title":"\u00abNadie sabe si Fayt conserva la idoneidad\u00bb para seguir en la Corte, dijo An\u00edbal Fern\u00e1ndez","author":"GB","date":"30\/01\/2015","format":false,"excerpt":"El secretario general de la Presidencia, An\u00edbal Fern\u00e1ndez, se mostr\u00f3 hoy partidario de efectuar una pericia al ministro decano del tribunal supremo, de 97 a\u00f1os, para evaluar si puede seguir con sus funciones. El secretario General de la Presidencia, An\u00edbal Fern\u00e1ndez, calific\u00f3 hoy de \u201cestupidez\u201d la denuncia de algunos miembros\u2026","rel":"","context":"En \u00abPol\u00edtica\u00bb","block_context":{"text":"Pol\u00edtica","link":"http:\/\/www.24baires.com\/?cat=51"},"img":{"alt_text":"fern\u00e1ndez an\u00edbal","src":"https:\/\/i0.wp.com\/www.24baires.com\/wp-content\/uploads\/2012\/12\/fern%C3%A1ndez-an%C3%ADbal.jpg?resize=350%2C200","width":350,"height":200,"srcset":"https:\/\/i0.wp.com\/www.24baires.com\/wp-content\/uploads\/2012\/12\/fern%C3%A1ndez-an%C3%ADbal.jpg?resize=350%2C200 1x, https:\/\/i0.wp.com\/www.24baires.com\/wp-content\/uploads\/2012\/12\/fern%C3%A1ndez-an%C3%ADbal.jpg?resize=525%2C300 1.5x"},"classes":[]}],"jetpack_sharing_enabled":true,"jetpack_likes_enabled":true,"jetpack_featured_media_url":"","_links":{"self":[{"href":"http:\/\/www.24baires.com\/index.php?rest_route=\/wp\/v2\/posts\/72208","targetHints":{"allow":["GET"]}}],"collection":[{"href":"http:\/\/www.24baires.com\/index.php?rest_route=\/wp\/v2\/posts"}],"about":[{"href":"http:\/\/www.24baires.com\/index.php?rest_route=\/wp\/v2\/types\/post"}],"author":[{"embeddable":true,"href":"http:\/\/www.24baires.com\/index.php?rest_route=\/wp\/v2\/users\/4"}],"replies":[{"embeddable":true,"href":"http:\/\/www.24baires.com\/index.php?rest_route=%2Fwp%2Fv2%2Fcomments&post=72208"}],"version-history":[{"count":1,"href":"http:\/\/www.24baires.com\/index.php?rest_route=\/wp\/v2\/posts\/72208\/revisions"}],"predecessor-version":[{"id":72209,"href":"http:\/\/www.24baires.com\/index.php?rest_route=\/wp\/v2\/posts\/72208\/revisions\/72209"}],"wp:attachment":[{"href":"http:\/\/www.24baires.com\/index.php?rest_route=%2Fwp%2Fv2%2Fmedia&parent=72208"}],"wp:term":[{"taxonomy":"category","embeddable":true,"href":"http:\/\/www.24baires.com\/index.php?rest_route=%2Fwp%2Fv2%2Fcategories&post=72208"},{"taxonomy":"post_tag","embeddable":true,"href":"http:\/\/www.24baires.com\/index.php?rest_route=%2Fwp%2Fv2%2Ftags&post=72208"}],"curies":[{"name":"wp","href":"https:\/\/api.w.org\/{rel}","templated":true}]}}