{"id":72165,"date":"2015-09-15T19:19:32","date_gmt":"2015-09-15T22:19:32","guid":{"rendered":"http:\/\/www.24baires.com\/?p=72165"},"modified":"2015-09-15T19:20:27","modified_gmt":"2015-09-15T22:20:27","slug":"torneos-y-competencias-y-fox-suspendieron-a-niembro","status":"publish","type":"post","link":"http:\/\/www.24baires.com\/?p=72165","title":{"rendered":"Torneos y Fox suspendieron a Niembro"},"content":{"rendered":"<p><img data-recalc-dims=\"1\" loading=\"lazy\" decoding=\"async\" class=\"aligncenter size-full wp-image-71796\" src=\"https:\/\/i0.wp.com\/www.24baires.com\/wp-content\/uploads\/2015\/09\/niembro.jpg?resize=560%2C306\" alt=\"niembro\" width=\"560\" height=\"306\" srcset=\"https:\/\/i0.wp.com\/www.24baires.com\/wp-content\/uploads\/2015\/09\/niembro.jpg?w=560 560w, https:\/\/i0.wp.com\/www.24baires.com\/wp-content\/uploads\/2015\/09\/niembro.jpg?resize=300%2C164 300w\" sizes=\"auto, (max-width: 560px) 100vw, 560px\" \/>S\u00f3lo Mauricio Macri, Mar\u00eda Eugenia Vidal y Horacio Rodr\u00edguez Larreta que atribuyen las denuncias a una supuesta campa\u00f1a sucia sostienen la candidatura del cuestionado periodista deportivo por el esc\u00e1ndalo de contratos millonarios con la Ciudad.<!--more--><\/p>\n<p>En medio del esc\u00e1ndalo que involucra al gobierno de la Ciudad y al periodista y primer candidato a diputado nacional por el frente Cambiemos en provincia de Buenos Aires, Fernando Niembro, Torneos- la empresa que tiene los derechos de transmisi\u00f3n de f\u00fatbol- y Fox, resolvieron suspenderlo hasta tanto se aclare su situaci\u00f3n con la Justicia.<\/p>\n<p>Mientras el macrismo sostiene la candidatura de Niembro a pesar de las numerosas irregularidades en las que se encuentra envuelto, la se\u00f1al internacional suspendi\u00f3 la emisi\u00f3n de su programa \u00abLa Ultima Palabra\u00bb que se emite todos los lunes por Fox Sports.<\/p>\n<p>En la misma l\u00ednea, se preve\u00eda que Niembro se encargara de comentar el partido que ma\u00f1ana jugar\u00e1n Independiente y Arsenal por la Copa Sudamericana, sin embargo tambi\u00e9n se suspendi\u00f3 su participaci\u00f3n en el evento deportivo.<\/p>\n<p>Seg\u00fan indicaron fuentes de Torneos a C5N, este martes Niembro se present\u00f3 junto con sus abogados en las oficinas de la empresa pero le fue impedido el ingreso al edificio ubicado en Balcarce 510.<\/p>\n<p>Asimismo en la p\u00e1gina web de Fox Sports sol\u00eda publicarse una secci\u00f3n que remit\u00eda a un blog del propio Niembro. Desde ayer cuando se intenta ingresar a ese contenido aparece una leyenda que indica \u00abERROR 404. El contenido al que est\u00e1 intentando acceder no est\u00e1 disponible\u00bb.<\/p>\n<p>Niembro y las principales autoridades de la ciudad de Buenos Aires est\u00e1n acusados de haber montado una empresa fantasma, \u00abLa Usina Producciones\u00bb, para desviar a trav\u00e9s de contrataciones directas fondos de las arcas p\u00fablicas. Seg\u00fan revel\u00f3 Tiempo Argentino, la empresa de Niembro se benefici\u00f3 de contrataciones directas del gobierno porte\u00f1o y el Banco Ciudad por m\u00e1s de 23 millones de pesos.<\/p>\n<p>Desde su nacimiento \u00abLa Usina\u00bb no tuvo otros clientes m\u00e1s que el gobierno porte\u00f1o y el Banco Ciudad y no tuvo empleados con los que podr\u00eda habr\u00e1 brindado las supuestas contraprestaciones contratadas.<\/p>\n<p>Cada vez m\u00e1s aislado, s\u00f3lo el n\u00facleo duro del macrismo se muestra decidido a respaldar a su candidato aun cuando desde las mismas filas del PRO se oyeron voces cr\u00edticas como las de Patricia Bullrich, (admiti\u00f3 que Niembro est\u00e1 en \u00abuna situaci\u00f3n complicada\u00bb) y Octavio Frigerio que le pidi\u00f3 que diera un paso al costado.<\/p>\n<p>&nbsp;<\/p>\n<p>&nbsp;<\/p>\n<p>&nbsp;<\/p>\n<p>&nbsp;<\/p>\n<p>&nbsp;<\/p>\n<p>&nbsp;<\/p>\n<p>&nbsp;<\/p>\n<p>&nbsp;<\/p>\n<p>&nbsp;<\/p>\n<p>&nbsp;<\/p>\n<p>&nbsp;<\/p>\n<p>&nbsp;<\/p>\n<p>&nbsp;<\/p>\n<p>&nbsp;<\/p>\n<p>&nbsp;<\/p>\n<p>&nbsp;<\/p>\n","protected":false},"excerpt":{"rendered":"<p>S\u00f3lo Mauricio Macri, Mar\u00eda Eugenia Vidal y Horacio Rodr\u00edguez Larreta que atribuyen las denuncias a una supuesta campa\u00f1a sucia sostienen la candidatura del cuestionado periodista deportivo por el esc\u00e1ndalo de contratos millonarios con la Ciudad.<\/p>\n","protected":false},"author":8,"featured_media":0,"comment_status":"open","ping_status":"open","sticky":false,"template":"","format":"standard","meta":{"_jetpack_newsletter_access":"","_jetpack_dont_email_post_to_subs":false,"_jetpack_newsletter_tier_id":0,"_jetpack_memberships_contains_paywalled_content":false,"_jetpack_memberships_contains_paid_content":false,"footnotes":""},"categories":[51],"tags":[],"class_list":["post-72165","post","type-post","status-publish","format-standard","hentry","category-politica"],"jetpack_shortlink":"https:\/\/wp.me\/p2JWE0-iLX","jetpack-related-posts":[{"id":71713,"url":"http:\/\/www.24baires.com\/?p=71713","url_meta":{"origin":72165,"position":0},"title":"Banco Ciudad y el gobierno porte\u00f1o, \u00fanicos clientes de La Usina Producciones","author":"GB","date":"06\/09\/2015","format":false,"excerpt":"La empresa vinculada al candidato a diputado del Pro Fernando Niembro le factur\u00f3 $21 millones al gobierno porte\u00f1o con procedimientos irregulares y firm\u00f3 un contrato con el banco para difundir publicidad. Hoy se conocieron m\u00e1s datos sobre los movimientos contractuales y facturaci\u00f3n de \"La Usina Producciones\", la empresa cuya titularidad\u2026","rel":"","context":"En \u00abPol\u00edtica\u00bb","block_context":{"text":"Pol\u00edtica","link":"http:\/\/www.24baires.com\/?cat=51"},"img":{"alt_text":"macri niembro","src":"https:\/\/i0.wp.com\/www.24baires.com\/wp-content\/uploads\/2015\/09\/macri-niembro.jpg?resize=350%2C200","width":350,"height":200,"srcset":"https:\/\/i0.wp.com\/www.24baires.com\/wp-content\/uploads\/2015\/09\/macri-niembro.jpg?resize=350%2C200 1x, https:\/\/i0.wp.com\/www.24baires.com\/wp-content\/uploads\/2015\/09\/macri-niembro.jpg?resize=525%2C300 1.5x"},"classes":[]},{"id":72215,"url":"http:\/\/www.24baires.com\/?p=72215","url_meta":{"origin":72165,"position":1},"title":"Finalmente Niembro declin\u00f3 su candidatura","author":"GB","date":"16\/09\/2015","format":false,"excerpt":"El periodista ya no se postular\u00e1 por el frente Cambiemos en la provincia de Buenos Aires, luego de que presentara este mediod\u00eda su renuncia en medio del esc\u00e1ndalo de las contrataciones millonarias entre una productora de su propiedad y el gobierno porte\u00f1o. El periodista deportivo Fernando Niembro renunci\u00f3 a su\u2026","rel":"","context":"En \u00abElecciones 2015\u00bb","block_context":{"text":"Elecciones 2015","link":"http:\/\/www.24baires.com\/?cat=74"},"img":{"alt_text":"fernando_niembro","src":"https:\/\/i0.wp.com\/www.24baires.com\/wp-content\/uploads\/2015\/07\/fernando_niembro.jpg?resize=350%2C200","width":350,"height":200,"srcset":"https:\/\/i0.wp.com\/www.24baires.com\/wp-content\/uploads\/2015\/07\/fernando_niembro.jpg?resize=350%2C200 1x, https:\/\/i0.wp.com\/www.24baires.com\/wp-content\/uploads\/2015\/07\/fernando_niembro.jpg?resize=525%2C300 1.5x"},"classes":[]},{"id":71795,"url":"http:\/\/www.24baires.com\/?p=71795","url_meta":{"origin":72165,"position":2},"title":"Piden que Niembro baje su candidatura por el esc\u00e1ndalo de La Usina","author":"AF","date":"08\/09\/2015","format":false,"excerpt":"El legislador bonaerense, del FpV, Guido Lorenzino, consider\u00f3 que \"lo m\u00e1s digno ser\u00eda\" que el periodista y candidato a diputado nacional de la provincia de Buenos Aires por Cambiemos desista de su postulaci\u00f3n. As\u00ed se manifest\u00f3 Lorenzino en declaraciones a FM Delta, tras calificar dichos contratos como un \"esc\u00e1ndalo\", luego\u2026","rel":"","context":"En \u00abElecciones 2015\u00bb","block_context":{"text":"Elecciones 2015","link":"http:\/\/www.24baires.com\/?cat=74"},"img":{"alt_text":"","src":"https:\/\/i0.wp.com\/www.24baires.com\/wp-content\/uploads\/2015\/09\/niembro.jpg?resize=350%2C200","width":350,"height":200,"srcset":"https:\/\/i0.wp.com\/www.24baires.com\/wp-content\/uploads\/2015\/09\/niembro.jpg?resize=350%2C200 1x, https:\/\/i0.wp.com\/www.24baires.com\/wp-content\/uploads\/2015\/09\/niembro.jpg?resize=525%2C300 1.5x"},"classes":[]},{"id":71780,"url":"http:\/\/www.24baires.com\/?p=71780","url_meta":{"origin":72165,"position":3},"title":"El socio de Niembro en La Usina tambi\u00e9n es candidato de Cambiemos por la Provincia","author":"AF","date":"07\/09\/2015","format":false,"excerpt":"Atilio Alberto Meza, quien qued\u00f3 al frente de la empresa tras la salida del periodista y primer candidato a diputado del macrismo, ocupa el puesto de suplente n\u00famero 13 en la boleta en la provincia de Buenos Aires. El socio de Fernando Niembro en La Usina Producciones, Alberto Atilio Meza,\u2026","rel":"","context":"En \u00abElecciones 2015\u00bb","block_context":{"text":"Elecciones 2015","link":"http:\/\/www.24baires.com\/?cat=74"},"img":{"alt_text":"","src":"","width":0,"height":0},"classes":[]},{"id":71842,"url":"http:\/\/www.24baires.com\/?p=71842","url_meta":{"origin":72165,"position":4},"title":"Niembro decidi\u00f3 no renunciar a su candidatura","author":"GB","date":"08\/09\/2015","format":false,"excerpt":"El periodista deportivo y candidato a diputado del PRO en Provincia, Fernando Niembro, consider\u00f3 a Radio 10 que la denuncia por supuestas contrataciones irregulares forma parte de una \"campa\u00f1a sucia\" que se hace contra \u00e9l y recalc\u00f3 que no va a renunciar a su candidatura. \"No tengo nada que ocultar\",\u2026","rel":"","context":"En \u00abElecciones 2015\u00bb","block_context":{"text":"Elecciones 2015","link":"http:\/\/www.24baires.com\/?cat=74"},"img":{"alt_text":"niembro","src":"https:\/\/i0.wp.com\/www.24baires.com\/wp-content\/uploads\/2015\/09\/niembro.jpg?resize=350%2C200","width":350,"height":200,"srcset":"https:\/\/i0.wp.com\/www.24baires.com\/wp-content\/uploads\/2015\/09\/niembro.jpg?resize=350%2C200 1x, https:\/\/i0.wp.com\/www.24baires.com\/wp-content\/uploads\/2015\/09\/niembro.jpg?resize=525%2C300 1.5x"},"classes":[]},{"id":71821,"url":"http:\/\/www.24baires.com\/?p=71821","url_meta":{"origin":72165,"position":5},"title":"\u00abQue Niembro d\u00e9 explicaciones o que Macri y Vidal no hablen m\u00e1s de corrupci\u00f3n\u00bb","author":"GB","date":"08\/09\/2015","format":false,"excerpt":"El candidato a gobernador bonaerense por UNA carg\u00f3 contra los principales referentes del macrismo en medio del mutismo que ese espacio adopt\u00f3 luego de que estallara el esc\u00e1ndalo que involucra a uno de sus candidatos. El candidato a gobernador bonerense por el frente Unidos por una Nueva Alternativa (UNA), Felipe\u2026","rel":"","context":"En \u00abPol\u00edtica\u00bb","block_context":{"text":"Pol\u00edtica","link":"http:\/\/www.24baires.com\/?cat=51"},"img":{"alt_text":"felipe sol\u00e1","src":"https:\/\/i0.wp.com\/www.24baires.com\/wp-content\/uploads\/2014\/07\/felipe-sol%C3%A1.jpg?resize=350%2C200","width":350,"height":200,"srcset":"https:\/\/i0.wp.com\/www.24baires.com\/wp-content\/uploads\/2014\/07\/felipe-sol%C3%A1.jpg?resize=350%2C200 1x, https:\/\/i0.wp.com\/www.24baires.com\/wp-content\/uploads\/2014\/07\/felipe-sol%C3%A1.jpg?resize=525%2C300 1.5x"},"classes":[]}],"jetpack_sharing_enabled":true,"jetpack_likes_enabled":true,"jetpack_featured_media_url":"","_links":{"self":[{"href":"http:\/\/www.24baires.com\/index.php?rest_route=\/wp\/v2\/posts\/72165","targetHints":{"allow":["GET"]}}],"collection":[{"href":"http:\/\/www.24baires.com\/index.php?rest_route=\/wp\/v2\/posts"}],"about":[{"href":"http:\/\/www.24baires.com\/index.php?rest_route=\/wp\/v2\/types\/post"}],"author":[{"embeddable":true,"href":"http:\/\/www.24baires.com\/index.php?rest_route=\/wp\/v2\/users\/8"}],"replies":[{"embeddable":true,"href":"http:\/\/www.24baires.com\/index.php?rest_route=%2Fwp%2Fv2%2Fcomments&post=72165"}],"version-history":[{"count":2,"href":"http:\/\/www.24baires.com\/index.php?rest_route=\/wp\/v2\/posts\/72165\/revisions"}],"predecessor-version":[{"id":72168,"href":"http:\/\/www.24baires.com\/index.php?rest_route=\/wp\/v2\/posts\/72165\/revisions\/72168"}],"wp:attachment":[{"href":"http:\/\/www.24baires.com\/index.php?rest_route=%2Fwp%2Fv2%2Fmedia&parent=72165"}],"wp:term":[{"taxonomy":"category","embeddable":true,"href":"http:\/\/www.24baires.com\/index.php?rest_route=%2Fwp%2Fv2%2Fcategories&post=72165"},{"taxonomy":"post_tag","embeddable":true,"href":"http:\/\/www.24baires.com\/index.php?rest_route=%2Fwp%2Fv2%2Ftags&post=72165"}],"curies":[{"name":"wp","href":"https:\/\/api.w.org\/{rel}","templated":true}]}}