{"id":72156,"date":"2015-09-15T18:00:03","date_gmt":"2015-09-15T21:00:03","guid":{"rendered":"http:\/\/www.24baires.com\/?p=72156"},"modified":"2015-09-15T16:28:39","modified_gmt":"2015-09-15T19:28:39","slug":"massa-insiste-con-la-aplicacion-de-premios-y-castigos-a-los-docentes-por-presentismo","status":"publish","type":"post","link":"http:\/\/www.24baires.com\/?p=72156","title":{"rendered":"Massa insiste con la aplicaci\u00f3n de \u00abpremios y castigos a los docentes por presentismo\u00bb"},"content":{"rendered":"<p><img data-recalc-dims=\"1\" loading=\"lazy\" decoding=\"async\" class=\"aligncenter size-full wp-image-26900\" src=\"https:\/\/i0.wp.com\/www.24baires.com\/wp-content\/uploads\/2013\/06\/massa-otra.jpg?resize=560%2C320\" alt=\"massa otra\" width=\"560\" height=\"320\" srcset=\"https:\/\/i0.wp.com\/www.24baires.com\/wp-content\/uploads\/2013\/06\/massa-otra.jpg?w=560 560w, https:\/\/i0.wp.com\/www.24baires.com\/wp-content\/uploads\/2013\/06\/massa-otra.jpg?resize=300%2C171 300w\" sizes=\"auto, (max-width: 560px) 100vw, 560px\" \/><strong>OLAVARR\u00cdA-<\/strong>El candidato presidencial de UNA finaliz\u00f3 su gira por la provincia de Buenos Aires con un encuentro de j\u00f3venes en Olavarr\u00eda, en donde reiter\u00f3 sus propuestas en educaci\u00f3n.<!--more--><\/p>\n<p>Junto al candidato a gobernador bonaerense, Felipe Sol\u00e1, Massa recorri\u00f3 esta semana las ciudades de Pergamino, Tandil, Azul y Olavarr\u00eda, con el eje puesto en sus propuestas en educaci\u00f3n, plataforma que present\u00f3 la semana pasada junto al asesor del Frente Renovador en la materia, Gustavo Iaies.<\/p>\n<p>Tras recorrer el centro comercial de Olavarr\u00eda, afirm\u00f3: \u00abLa educaci\u00f3n p\u00fablica, gratuita y de calidad es el camino de la Argentina para la igualdad de oportunidades. Proponemos premios y castigos a los docentes por presentismo\u00bb.<\/p>\n<p>Luego de compartir un desayuno, en el que Massa y j\u00f3venes de la Escuela Secundaria 6 conversaron sobre las pr\u00f3ximas elecciones y las propuestas que el Frente Renovador viene planteando, el candidato presidencial les agradeci\u00f3 y sostuvo que \u00abcada d\u00eda de clase que pierde un chico es un pedazo de futuro que le roban\u00bb.<\/p>\n<p>\u00abCada momento que se pierde de aprendizaje es una derrota en la carrera del conocimiento y la igualdad de oportunidades. Es importante que en la Argentina nos demos la discusi\u00f3n de qu\u00e9 sistema educativo queremos para nuestros chicos\u00bb, dijo.<\/p>\n<p>Asimismo, Massa critic\u00f3 a sus competidores presidenciales Daniel Scioli (Frente para la Victoria) y Mauricio Macri (Cambiemos), al afirmar que \u201cen la provincia de Buenos Aires igualan para abajo y generan decadencia, construyendo una poblaci\u00f3n mal educada y pobre para controlarla desde el Estado\u00bb.<\/p>\n<p>Sobre Macri, sostuvo que \u00e9l \u00abno puede hablar de educaci\u00f3n porque baj\u00f3 del 28 al 24% el presupuesto educativo en la Ciudad\u00bb durante sus ocho a\u00f1os al frente del Ejecutivo porte\u00f1o.<br \/>\nMassa estuvo acompa\u00f1ado de Felipe Sol\u00e1 y Liliana Schwindt, candidata a Intendente local; y tambi\u00e9n por el diputado provincial Ricardo Elizalde.<\/p>\n","protected":false},"excerpt":{"rendered":"<p>OLAVARR\u00cdA-El candidato presidencial de UNA finaliz\u00f3 su gira por la provincia de Buenos Aires con un encuentro de j\u00f3venes en Olavarr\u00eda, en donde reiter\u00f3 sus propuestas en educaci\u00f3n.<\/p>\n","protected":false},"author":8,"featured_media":0,"comment_status":"open","ping_status":"open","sticky":false,"template":"","format":"standard","meta":{"_jetpack_newsletter_access":"","_jetpack_dont_email_post_to_subs":false,"_jetpack_newsletter_tier_id":0,"_jetpack_memberships_contains_paywalled_content":false,"_jetpack_memberships_contains_paid_content":false,"footnotes":""},"categories":[51],"tags":[],"class_list":["post-72156","post","type-post","status-publish","format-standard","hentry","category-politica"],"jetpack_shortlink":"https:\/\/wp.me\/p2JWE0-iLO","jetpack-related-posts":[{"id":71328,"url":"http:\/\/www.24baires.com\/?p=71328","url_meta":{"origin":72156,"position":0},"title":"Massa propuso bajar la edad de imputabilidad","author":"GB","date":"28\/08\/2015","format":false,"excerpt":"El candidato a presidente por el frente UNA dialog\u00f3 con adolescentes y j\u00f3venes en Lomas y afirm\u00f3 la \"firme decisi\u00f3n de combatir la inseguridad con un modelo que establezca premios y castigos\". El candidato a presidente por el frente Unidos por una Nueva Alternativa dialog\u00f3 con adolescentes y j\u00f3venes en\u2026","rel":"","context":"En \u00abPol\u00edtica\u00bb","block_context":{"text":"Pol\u00edtica","link":"http:\/\/www.24baires.com\/?cat=51"},"img":{"alt_text":"massa otra","src":"https:\/\/i0.wp.com\/www.24baires.com\/wp-content\/uploads\/2013\/06\/massa-otra.jpg?resize=350%2C200","width":350,"height":200,"srcset":"https:\/\/i0.wp.com\/www.24baires.com\/wp-content\/uploads\/2013\/06\/massa-otra.jpg?resize=350%2C200 1x, https:\/\/i0.wp.com\/www.24baires.com\/wp-content\/uploads\/2013\/06\/massa-otra.jpg?resize=525%2C300 1.5x"},"classes":[]},{"id":112624,"url":"http:\/\/www.24baires.com\/?p=112624","url_meta":{"origin":72156,"position":1},"title":"Olavarr\u00eda: Aguilera se despega de Galli y el peronismo est\u00e1 a un paso de ser gobierno","author":"GB","date":"24\/10\/2019","format":false,"excerpt":"Alberto Fern\u00e1ndez y Axel Kicillof visitaron el distrito para impulsar a su candidato local que seg\u00fan las \u00faltimas encuestas ser\u00e1 el mas votado logrando un triunfo sobre le intendente. Tras las visita de Alberto Fern\u00e1ndez el lunes pasado, Olavarr\u00eda se encamina a ser uno de los distritos en los que\u2026","rel":"","context":"En \u00abMunicipios\u00bb","block_context":{"text":"Municipios","link":"http:\/\/www.24baires.com\/?cat=44"},"img":{"alt_text":"","src":"https:\/\/i0.wp.com\/www.24baires.com\/wp-content\/uploads\/2019\/10\/intendento-olavarria.jpg?resize=350%2C200","width":350,"height":200,"srcset":"https:\/\/i0.wp.com\/www.24baires.com\/wp-content\/uploads\/2019\/10\/intendento-olavarria.jpg?resize=350%2C200 1x, https:\/\/i0.wp.com\/www.24baires.com\/wp-content\/uploads\/2019\/10\/intendento-olavarria.jpg?resize=525%2C300 1.5x"},"classes":[]},{"id":121497,"url":"http:\/\/www.24baires.com\/?p=121497","url_meta":{"origin":72156,"position":2},"title":"Olavarr\u00eda podr\u00eda sumarse al RIGI nacional","author":"GB","date":"02\/08\/2024","format":false,"excerpt":"Dos proyectos fueron presentados en el Honorable Concejo Deliberante de Olavarr\u00eda para debatir la adhesi\u00f3n al R\u00e9gimen de Incentivo a las Grandes Inversiones, promovido por el Gobierno nacional. En las \u00faltimas horas, ingresaron al Honorable Concejo Deliberante de Olavarr\u00eda dos propuestas para debatir la adhesi\u00f3n del municipio al R\u00e9gimen de\u2026","rel":"","context":"En \u00abMunicipios\u00bb","block_context":{"text":"Municipios","link":"http:\/\/www.24baires.com\/?cat=44"},"img":{"alt_text":"","src":"https:\/\/i0.wp.com\/www.24baires.com\/wp-content\/uploads\/2024\/08\/olavarria-hcd.webp?resize=350%2C200","width":350,"height":200,"srcset":"https:\/\/i0.wp.com\/www.24baires.com\/wp-content\/uploads\/2024\/08\/olavarria-hcd.webp?resize=350%2C200 1x, https:\/\/i0.wp.com\/www.24baires.com\/wp-content\/uploads\/2024\/08\/olavarria-hcd.webp?resize=525%2C300 1.5x, https:\/\/i0.wp.com\/www.24baires.com\/wp-content\/uploads\/2024\/08\/olavarria-hcd.webp?resize=700%2C400 2x"},"classes":[]},{"id":59792,"url":"http:\/\/www.24baires.com\/?p=59792","url_meta":{"origin":72156,"position":3},"title":"De Narv\u00e1ez competir\u00e1 para Gobernador en las PASO del Frente Renovador","author":"Grupo Sierra","date":"08\/01\/2015","format":false,"excerpt":"Lo confirm\u00f3 el intendente de Olavarr\u00eda, Jos\u00e9 Eseverri, tras reunirse con Massa esta tarde en Tigre: \"El acuerdo se formalizar\u00e1 este s\u00e1bado en una visita a Tigre\", dijo. El precandidato presidencial del Frente Renovador, Sergio Massa, cerr\u00f3 un acuerdo con el diputado Francisco De Narv\u00e1ez, para que se sume a\u2026","rel":"","context":"En \u00abElecciones 2015\u00bb","block_context":{"text":"Elecciones 2015","link":"http:\/\/www.24baires.com\/?cat=74"},"img":{"alt_text":"denarvaez_la_plata2_17184","src":"https:\/\/i0.wp.com\/www.24baires.com\/wp-content\/uploads\/2013\/06\/denarvaez_la_plata2_17184.jpg?resize=350%2C200","width":350,"height":200,"srcset":"https:\/\/i0.wp.com\/www.24baires.com\/wp-content\/uploads\/2013\/06\/denarvaez_la_plata2_17184.jpg?resize=350%2C200 1x, https:\/\/i0.wp.com\/www.24baires.com\/wp-content\/uploads\/2013\/06\/denarvaez_la_plata2_17184.jpg?resize=525%2C300 1.5x"},"classes":[]},{"id":101955,"url":"http:\/\/www.24baires.com\/?p=101955","url_meta":{"origin":72156,"position":4},"title":"Para Vidal, \u00abla emergencia tarifaria no tiene un impacto real\u00bb","author":"GB","date":"04\/05\/2018","format":false,"excerpt":"La gobernadora Mar\u00eda Eugenia Vidal recorri\u00f3 hoy los distritos de Saladillo, General Alvear y Olavarr\u00eda. En el marco de esta \u00faltima visita apunt\u00f3 contra los referentes de la oposici\u00f3n a quienes acus\u00f3 de hacer \"demagogia\" con el tema tarifas. \"Las alternativas y la propuestas que trae la oposici\u00f3n en ning\u00fan\u2026","rel":"","context":"En \u00abProvincia\u00bb","block_context":{"text":"Provincia","link":"http:\/\/www.24baires.com\/?cat=40"},"img":{"alt_text":"","src":"https:\/\/i0.wp.com\/www.24baires.com\/wp-content\/uploads\/2018\/03\/vidal-1.jpg?resize=350%2C200","width":350,"height":200,"srcset":"https:\/\/i0.wp.com\/www.24baires.com\/wp-content\/uploads\/2018\/03\/vidal-1.jpg?resize=350%2C200 1x, https:\/\/i0.wp.com\/www.24baires.com\/wp-content\/uploads\/2018\/03\/vidal-1.jpg?resize=525%2C300 1.5x"},"classes":[]},{"id":26198,"url":"http:\/\/www.24baires.com\/?p=26198","url_meta":{"origin":72156,"position":5},"title":"Eseverri adelant\u00f3 que Massa no ser\u00e1 candidato en las pr\u00f3ximas legislativas","author":"AF","date":"17\/06\/2013","format":false,"excerpt":"Jos\u00e9 Eseverri dijo que \"no est\u00e1 cerrado ciento por ciento, pero es casi seguro\" que la f\u00f3rmula del Frente Renovador Peronista sea encabezada por la esposa del jefe comunal de Tigre, Malena Galmarini y el alcalde de Almirante Brown, Dar\u00edo Giustozzi. \"Somos parte de lo que se ha hecho en\u2026","rel":"","context":"En \u00abPol\u00edtica\u00bb","block_context":{"text":"Pol\u00edtica","link":"http:\/\/www.24baires.com\/?cat=51"},"img":{"alt_text":"","src":"","width":0,"height":0},"classes":[]}],"jetpack_sharing_enabled":true,"jetpack_likes_enabled":true,"jetpack_featured_media_url":"","_links":{"self":[{"href":"http:\/\/www.24baires.com\/index.php?rest_route=\/wp\/v2\/posts\/72156","targetHints":{"allow":["GET"]}}],"collection":[{"href":"http:\/\/www.24baires.com\/index.php?rest_route=\/wp\/v2\/posts"}],"about":[{"href":"http:\/\/www.24baires.com\/index.php?rest_route=\/wp\/v2\/types\/post"}],"author":[{"embeddable":true,"href":"http:\/\/www.24baires.com\/index.php?rest_route=\/wp\/v2\/users\/8"}],"replies":[{"embeddable":true,"href":"http:\/\/www.24baires.com\/index.php?rest_route=%2Fwp%2Fv2%2Fcomments&post=72156"}],"version-history":[{"count":1,"href":"http:\/\/www.24baires.com\/index.php?rest_route=\/wp\/v2\/posts\/72156\/revisions"}],"predecessor-version":[{"id":72157,"href":"http:\/\/www.24baires.com\/index.php?rest_route=\/wp\/v2\/posts\/72156\/revisions\/72157"}],"wp:attachment":[{"href":"http:\/\/www.24baires.com\/index.php?rest_route=%2Fwp%2Fv2%2Fmedia&parent=72156"}],"wp:term":[{"taxonomy":"category","embeddable":true,"href":"http:\/\/www.24baires.com\/index.php?rest_route=%2Fwp%2Fv2%2Fcategories&post=72156"},{"taxonomy":"post_tag","embeddable":true,"href":"http:\/\/www.24baires.com\/index.php?rest_route=%2Fwp%2Fv2%2Ftags&post=72156"}],"curies":[{"name":"wp","href":"https:\/\/api.w.org\/{rel}","templated":true}]}}