{"id":72136,"date":"2015-09-15T19:00:35","date_gmt":"2015-09-15T22:00:35","guid":{"rendered":"http:\/\/www.24baires.com\/?p=72136"},"modified":"2015-09-16T10:46:52","modified_gmt":"2015-09-16T13:46:52","slug":"la-presidenta-envia-al-congreso-los-principios-contra-los-buitres-aprobados-en-onu","status":"publish","type":"post","link":"http:\/\/www.24baires.com\/?p=72136","title":{"rendered":"\u00abHabr\u00e1 nueve obras educativas por d\u00eda hasta el 9 de diciembre\u00bb"},"content":{"rendered":"<p><img data-recalc-dims=\"1\" loading=\"lazy\" decoding=\"async\" class=\"aligncenter size-full wp-image-70904\" src=\"https:\/\/i0.wp.com\/www.24baires.com\/wp-content\/uploads\/2015\/08\/cristina-cadena.jpg?resize=560%2C313\" alt=\"cristina cadena\" width=\"560\" height=\"313\" srcset=\"https:\/\/i0.wp.com\/www.24baires.com\/wp-content\/uploads\/2015\/08\/cristina-cadena.jpg?w=560 560w, https:\/\/i0.wp.com\/www.24baires.com\/wp-content\/uploads\/2015\/08\/cristina-cadena.jpg?resize=300%2C168 300w\" sizes=\"auto, (max-width: 560px) 100vw, 560px\" \/>La jefa de Estado sali\u00f3 al cruce de Massa y Macri, que estuvieron prometiendo acciones en materia educativa. Adem\u00e1s, firm\u00f3 el texto que impulsa la Ley del Actor y el proyecto que busca que sea norma la movilidad del plan Progresar. Ambas iniciativas deber\u00e1n ser tratadas por el Parlamento. Habla por cadena nacional desde la Casa de Gobierno.<!--more--><\/p>\n<p>La presidenta Cristina Kirchner encabeza este martes por la tarde un acto en el Sal\u00f3n de las Mujeres del Bicentenario de la Casa de Gobierno, con la asistencia de integrantes del gabinete nacional, otras autoridades e invitados especiales, en el que pronunciar\u00e1 un discurso en cadena nacional.<\/p>\n","protected":false},"excerpt":{"rendered":"<p>La jefa de Estado sali\u00f3 al cruce de Massa y Macri, que estuvieron prometiendo acciones en materia educativa. Adem\u00e1s, firm\u00f3 el texto que impulsa la Ley del Actor y el proyecto que busca que sea norma la movilidad del plan Progresar. Ambas iniciativas deber\u00e1n ser tratadas por el Parlamento. Habla por cadena nacional desde la Casa de Gobierno.<\/p>\n","protected":false},"author":8,"featured_media":0,"comment_status":"open","ping_status":"open","sticky":false,"template":"","format":"standard","meta":{"_jetpack_newsletter_access":"","_jetpack_dont_email_post_to_subs":false,"_jetpack_newsletter_tier_id":0,"_jetpack_memberships_contains_paywalled_content":false,"_jetpack_memberships_contains_paid_content":false,"footnotes":""},"categories":[51],"tags":[],"class_list":["post-72136","post","type-post","status-publish","format-standard","hentry","category-politica"],"jetpack_shortlink":"https:\/\/wp.me\/p2JWE0-iLu","jetpack-related-posts":[{"id":104289,"url":"http:\/\/www.24baires.com\/?p=104289","url_meta":{"origin":72136,"position":0},"title":"Docentes realizar\u00e1n un paro nacional con movilizaci\u00f3n en \u201cdefensa del presupuesto educativo\u201d","author":"GB","date":"05\/09\/2018","format":false,"excerpt":"Desde la Ctera dieron a conocer que la medida de llevar\u00e1 a cabo el jueves 13 y contar\u00e1 con una Marcha Nacional al Congreso de la Naci\u00f3n. La secretaria general de Ctera, Sonia Alesso, confirm\u00f3 la convocatoria a un paro en todo el pa\u00eds para el jueves 13 de este\u2026","rel":"","context":"En \u00abSociedad\u00bb","block_context":{"text":"Sociedad","link":"http:\/\/www.24baires.com\/?cat=1"},"img":{"alt_text":"","src":"https:\/\/i0.wp.com\/www.24baires.com\/wp-content\/uploads\/2018\/08\/marcha-federal.jpg?resize=350%2C200","width":350,"height":200,"srcset":"https:\/\/i0.wp.com\/www.24baires.com\/wp-content\/uploads\/2018\/08\/marcha-federal.jpg?resize=350%2C200 1x, https:\/\/i0.wp.com\/www.24baires.com\/wp-content\/uploads\/2018\/08\/marcha-federal.jpg?resize=525%2C300 1.5x"},"classes":[]},{"id":113261,"url":"http:\/\/www.24baires.com\/?p=113261","url_meta":{"origin":72136,"position":1},"title":"Por cadena nacional, Macri har\u00e1 un balance de sus a\u00f1os de gobierno","author":"GB","date":"05\/12\/2019","format":false,"excerpt":"Un decreto publicado en el Bolet\u00edn Oficial confirma que el Presidente dar\u00e1 a conocer hoy un informe sobre el estado de la Naci\u00f3n. Lo har\u00e1 a cinco d\u00edas del traspaso de mando. Mauricio Macri emitir\u00e1 este jueves por cadena nacional el informe de sus cuatro a\u00f1os de gesti\u00f3n. Ser\u00e1 transmitido\u2026","rel":"","context":"En \u00abPol\u00edtica\u00bb","block_context":{"text":"Pol\u00edtica","link":"http:\/\/www.24baires.com\/?cat=51"},"img":{"alt_text":"","src":"https:\/\/i0.wp.com\/www.24baires.com\/wp-content\/uploads\/2019\/03\/MACRI-CONGRESO.png?resize=350%2C200","width":350,"height":200,"srcset":"https:\/\/i0.wp.com\/www.24baires.com\/wp-content\/uploads\/2019\/03\/MACRI-CONGRESO.png?resize=350%2C200 1x, https:\/\/i0.wp.com\/www.24baires.com\/wp-content\/uploads\/2019\/03\/MACRI-CONGRESO.png?resize=525%2C300 1.5x"},"classes":[]},{"id":100138,"url":"http:\/\/www.24baires.com\/?p=100138","url_meta":{"origin":72136,"position":2},"title":"La Justicia aval\u00f3 la Gobierno y no habr\u00e1 paritaria nacional","author":"GB","date":"24\/01\/2018","format":false,"excerpt":"El amparo de la Uni\u00f3n de Docentes Argentinos (UDA) fue rechazado por la jueza laboral Alicia Pucciarelli. Cada provincia deber\u00e1 negociar los aumentos salariales con los gremios. La jueza laboral Alicia Pucciarelli rechaz\u00f3 el amparo que hab\u00eda sido presentado el a\u00f1o pasado el gremio UDA, uno de los cinco sindicatos\u2026","rel":"","context":"En \u00abPol\u00edtica\u00bb","block_context":{"text":"Pol\u00edtica","link":"http:\/\/www.24baires.com\/?cat=51"},"img":{"alt_text":"","src":"https:\/\/i0.wp.com\/www.24baires.com\/wp-content\/uploads\/2017\/04\/salarios-docentes.jpg?resize=350%2C200","width":350,"height":200,"srcset":"https:\/\/i0.wp.com\/www.24baires.com\/wp-content\/uploads\/2017\/04\/salarios-docentes.jpg?resize=350%2C200 1x, https:\/\/i0.wp.com\/www.24baires.com\/wp-content\/uploads\/2017\/04\/salarios-docentes.jpg?resize=525%2C300 1.5x"},"classes":[]},{"id":105700,"url":"http:\/\/www.24baires.com\/?p=105700","url_meta":{"origin":72136,"position":3},"title":"Massa: \u00abNecesitamos otro gobierno\u00bb","author":"AF","date":"30\/11\/2018","format":false,"excerpt":"El l\u00edder del Frente Renovador, Sergio Massa, asegur\u00f3 hoy que Argentina \"necesita otro gobierno\", al cuestionar la situaci\u00f3n de la ni\u00f1ez en el pa\u00eds, durante una recorrida junto a un intendente aliado. Massa se mostr\u00f3 hoy con el intendente de San Fernando, Luis Andreotti, con quien recorri\u00f3 la Unidad de\u2026","rel":"","context":"En \u00abPol\u00edtica\u00bb","block_context":{"text":"Pol\u00edtica","link":"http:\/\/www.24baires.com\/?cat=51"},"img":{"alt_text":"","src":"https:\/\/i0.wp.com\/www.24baires.com\/wp-content\/uploads\/2016\/09\/s-massa.jpg?resize=350%2C200","width":350,"height":200,"srcset":"https:\/\/i0.wp.com\/www.24baires.com\/wp-content\/uploads\/2016\/09\/s-massa.jpg?resize=350%2C200 1x, https:\/\/i0.wp.com\/www.24baires.com\/wp-content\/uploads\/2016\/09\/s-massa.jpg?resize=525%2C300 1.5x"},"classes":[]},{"id":122630,"url":"http:\/\/www.24baires.com\/?p=122630","url_meta":{"origin":72136,"position":4},"title":"Ya comenz\u00f3 el paro docente nacional contra el ajuste educativo de Milei","author":"GB","date":"14\/10\/2025","format":false,"excerpt":"La CTERA y gremios universitarios encabezan una Marcha Federal para exigir paritarias, restituci\u00f3n del FONID y mayor presupuesto educativo. Docentes de todos los niveles educativos, desde inicial hasta el universitario, realizan este martes 14 de octubre un paro nacional con movilizaci\u00f3n al Congreso de la Naci\u00f3n, en rechazo al ajuste\u2026","rel":"","context":"En \u00abSociedad\u00bb","block_context":{"text":"Sociedad","link":"http:\/\/www.24baires.com\/?cat=1"},"img":{"alt_text":"","src":"https:\/\/i0.wp.com\/www.24baires.com\/wp-content\/uploads\/2025\/10\/paro-docente.webp?resize=350%2C200","width":350,"height":200,"srcset":"https:\/\/i0.wp.com\/www.24baires.com\/wp-content\/uploads\/2025\/10\/paro-docente.webp?resize=350%2C200 1x, https:\/\/i0.wp.com\/www.24baires.com\/wp-content\/uploads\/2025\/10\/paro-docente.webp?resize=525%2C300 1.5x, https:\/\/i0.wp.com\/www.24baires.com\/wp-content\/uploads\/2025\/10\/paro-docente.webp?resize=700%2C400 2x"},"classes":[]},{"id":119213,"url":"http:\/\/www.24baires.com\/?p=119213","url_meta":{"origin":72136,"position":5},"title":"Extienden hasta septiembre el programa \u00abCortes Cuidados\u00bb","author":"AF","date":"12\/08\/2022","format":false,"excerpt":"\"Buscamos recuperar el orden en los precios de la mesa de los argentinos. Gracias al compromiso y al trabajo conjunto del Gobierno nacional, la industria y los supermercados alcanzamos este acuerdo\", resalt\u00f3 el secretario de Comercio, Mat\u00edas Tombolini. La Secretar\u00eda de Comercio y las empresas frigor\u00edficas y supermercados acordaron este\u2026","rel":"","context":"En \u00abSociedad\u00bb","block_context":{"text":"Sociedad","link":"http:\/\/www.24baires.com\/?cat=1"},"img":{"alt_text":"","src":"https:\/\/i0.wp.com\/www.24baires.com\/wp-content\/uploads\/2022\/08\/cortes-cuidados.jpeg?resize=350%2C200","width":350,"height":200,"srcset":"https:\/\/i0.wp.com\/www.24baires.com\/wp-content\/uploads\/2022\/08\/cortes-cuidados.jpeg?resize=350%2C200 1x, https:\/\/i0.wp.com\/www.24baires.com\/wp-content\/uploads\/2022\/08\/cortes-cuidados.jpeg?resize=525%2C300 1.5x"},"classes":[]}],"jetpack_sharing_enabled":true,"jetpack_likes_enabled":true,"jetpack_featured_media_url":"","_links":{"self":[{"href":"http:\/\/www.24baires.com\/index.php?rest_route=\/wp\/v2\/posts\/72136","targetHints":{"allow":["GET"]}}],"collection":[{"href":"http:\/\/www.24baires.com\/index.php?rest_route=\/wp\/v2\/posts"}],"about":[{"href":"http:\/\/www.24baires.com\/index.php?rest_route=\/wp\/v2\/types\/post"}],"author":[{"embeddable":true,"href":"http:\/\/www.24baires.com\/index.php?rest_route=\/wp\/v2\/users\/8"}],"replies":[{"embeddable":true,"href":"http:\/\/www.24baires.com\/index.php?rest_route=%2Fwp%2Fv2%2Fcomments&post=72136"}],"version-history":[{"count":3,"href":"http:\/\/www.24baires.com\/index.php?rest_route=\/wp\/v2\/posts\/72136\/revisions"}],"predecessor-version":[{"id":72172,"href":"http:\/\/www.24baires.com\/index.php?rest_route=\/wp\/v2\/posts\/72136\/revisions\/72172"}],"wp:attachment":[{"href":"http:\/\/www.24baires.com\/index.php?rest_route=%2Fwp%2Fv2%2Fmedia&parent=72136"}],"wp:term":[{"taxonomy":"category","embeddable":true,"href":"http:\/\/www.24baires.com\/index.php?rest_route=%2Fwp%2Fv2%2Fcategories&post=72136"},{"taxonomy":"post_tag","embeddable":true,"href":"http:\/\/www.24baires.com\/index.php?rest_route=%2Fwp%2Fv2%2Ftags&post=72136"}],"curies":[{"name":"wp","href":"https:\/\/api.w.org\/{rel}","templated":true}]}}