{"id":72133,"date":"2015-09-15T14:00:28","date_gmt":"2015-09-15T17:00:28","guid":{"rendered":"http:\/\/www.24baires.com\/?p=72133"},"modified":"2015-09-16T10:46:36","modified_gmt":"2015-09-16T13:46:36","slug":"avellaneda-scioli-recorrio-la-estacion-de-ypf-junto-a-galuccio","status":"publish","type":"post","link":"http:\/\/www.24baires.com\/?p=72133","title":{"rendered":"Avellaneda: Scioli recorri\u00f3 la estaci\u00f3n de YPF junto a Galuccio"},"content":{"rendered":"<p><img data-recalc-dims=\"1\" loading=\"lazy\" decoding=\"async\" class=\"aligncenter size-full wp-image-72134\" src=\"https:\/\/i0.wp.com\/www.24baires.com\/wp-content\/uploads\/2015\/09\/scioli1.jpg?resize=560%2C357\" alt=\"scioli\" width=\"560\" height=\"357\" srcset=\"https:\/\/i0.wp.com\/www.24baires.com\/wp-content\/uploads\/2015\/09\/scioli1.jpg?w=560 560w, https:\/\/i0.wp.com\/www.24baires.com\/wp-content\/uploads\/2015\/09\/scioli1.jpg?resize=300%2C191 300w\" sizes=\"auto, (max-width: 560px) 100vw, 560px\" \/>El gobernador Daniel Scioli recorri\u00f3 este martes la estaci\u00f3n de servicios YPF, ubicada en la localidad de Avellaneda, acompa\u00f1ado por el presidente de la mencionada empresa, Miguel Mat\u00edas Galuccio.<!--more--><\/p>\n<p>El recorrido incluy\u00f3 la muestra al Gobernador de los planos y fotos de las nuevas remodelaciones del lugar, que se suma a las obras de ampliaci\u00f3n y renovaci\u00f3n de la autopista Buenos Aires &#8211; La Plata.<\/p>\n","protected":false},"excerpt":{"rendered":"<p>El gobernador Daniel Scioli recorri\u00f3 este martes la estaci\u00f3n de servicios YPF, ubicada en la localidad de Avellaneda, acompa\u00f1ado por el presidente de la mencionada empresa, Miguel Mat\u00edas Galuccio.<\/p>\n","protected":false},"author":4,"featured_media":0,"comment_status":"open","ping_status":"open","sticky":false,"template":"","format":"standard","meta":{"_jetpack_newsletter_access":"","_jetpack_dont_email_post_to_subs":false,"_jetpack_newsletter_tier_id":0,"_jetpack_memberships_contains_paywalled_content":false,"_jetpack_memberships_contains_paid_content":false,"footnotes":""},"categories":[51],"tags":[],"class_list":["post-72133","post","type-post","status-publish","format-standard","hentry","category-politica"],"jetpack_shortlink":"https:\/\/wp.me\/p2JWE0-iLr","jetpack-related-posts":[{"id":50845,"url":"http:\/\/www.24baires.com\/?p=50845","url_meta":{"origin":72133,"position":0},"title":"Urribarri cuestion\u00f3 duramente a Massa por YPF","author":"Grupo Sierra","date":"30\/07\/2014","format":false,"excerpt":"El gobernador de Entre R\u00edos sali\u00f3 al cruce del diputado, quien cuestion\u00f3 a Miguel Galuccio al sugerir su despido en caso de acceder a la presidencia de pa\u00eds. \u201cSinceramente no creo que en el improbable caso de que Massa fuera presidente, un ejecutivo y un patriota como Miguel Galuccio quiera\u2026","rel":"","context":"En \u00abPol\u00edtica\u00bb","block_context":{"text":"Pol\u00edtica","link":"http:\/\/www.24baires.com\/?cat=51"},"img":{"alt_text":"","src":"https:\/\/i0.wp.com\/www.24baires.com\/wp-content\/uploads\/2014\/07\/urribarri.jpg?resize=350%2C200","width":350,"height":200,"srcset":"https:\/\/i0.wp.com\/www.24baires.com\/wp-content\/uploads\/2014\/07\/urribarri.jpg?resize=350%2C200 1x, https:\/\/i0.wp.com\/www.24baires.com\/wp-content\/uploads\/2014\/07\/urribarri.jpg?resize=525%2C300 1.5x"},"classes":[]},{"id":79908,"url":"http:\/\/www.24baires.com\/?p=79908","url_meta":{"origin":72133,"position":1},"title":"Galuccio renunci\u00f3 a YPF: \u00abHan sido cuatro a\u00f1os de much\u00edsima intensidad\u00bb","author":"GB","date":"09\/03\/2016","format":false,"excerpt":"El presidente y CEO de YPF, Miguel Galuccio, confirm\u00f3 este mi\u00e9rcoles que renuncia a la petrolera estatal aunque permanecer\u00e1 en funciones \"hasta la pr\u00f3xima asamblea ordinaria de accionistas\". Seg\u00fan un comunicado, Galuccio seguir\u00e1 al frente de la gesti\u00f3n de la compa\u00f1\u00eda hasta esa oportunidad, y comprometi\u00f3 \"su apoyo al directorio\u2026","rel":"","context":"En \u00abPol\u00edtica\u00bb","block_context":{"text":"Pol\u00edtica","link":"http:\/\/www.24baires.com\/?cat=51"},"img":{"alt_text":"Galuccio","src":"https:\/\/i0.wp.com\/www.24baires.com\/wp-content\/uploads\/2013\/09\/Galuccio.jpg?resize=350%2C200","width":350,"height":200,"srcset":"https:\/\/i0.wp.com\/www.24baires.com\/wp-content\/uploads\/2013\/09\/Galuccio.jpg?resize=350%2C200 1x, https:\/\/i0.wp.com\/www.24baires.com\/wp-content\/uploads\/2013\/09\/Galuccio.jpg?resize=525%2C300 1.5x"},"classes":[]},{"id":58895,"url":"http:\/\/www.24baires.com\/?p=58895","url_meta":{"origin":72133,"position":2},"title":"Galuccio destac\u00f3 que la soberan\u00eda energ\u00e9tica \u00abno s\u00f3lo se logra con dinero, sino tambi\u00e9n con gente\u00bb","author":"Grupo Sierra","date":"19\/12\/2014","format":false,"excerpt":"El presidente de YPF, destac\u00f3 la puesta en marcha del plan de desarrollo urbano en ciudades de Neuqu\u00e9n y Santa Cruz, con una inversi\u00f3n de 500 millones de d\u00f3lares. \"Esta es la hoja de ruta que nos va a llevar al desarrollo\", sostuvo Galuccio, sobre el plan para A\u00f1elo y\u2026","rel":"","context":"En \u00abEconom\u00eda\u00bb","block_context":{"text":"Econom\u00eda","link":"http:\/\/www.24baires.com\/?cat=45"},"img":{"alt_text":"Galuccio","src":"https:\/\/i0.wp.com\/www.24baires.com\/wp-content\/uploads\/2013\/09\/Galuccio.jpg?resize=350%2C200","width":350,"height":200},"classes":[]},{"id":38173,"url":"http:\/\/www.24baires.com\/?p=38173","url_meta":{"origin":72133,"position":3},"title":"Ante los rumores, niegan la renuncia de Galuccio","author":"Grupo Sierra","date":"09\/01\/2014","format":false,"excerpt":"El jefe de Gabinete de Ministros, Jorge Capitanich, desminti\u00f3 hoy \"categ\u00f3ricamente\" versiones period\u00edsticas sobre la eventual \"salida\" de Miguel Galuccio como titular de la petrolera YPF. \"He estado en reuniones con Galuccio, con la presidenta de la Naci\u00f3n y con el ministro de Econom\u00eda, Axel Kicillof, precisamente trabajando metas y\u2026","rel":"","context":"En \u00abPol\u00edtica\u00bb","block_context":{"text":"Pol\u00edtica","link":"http:\/\/www.24baires.com\/?cat=51"},"img":{"alt_text":"","src":"","width":0,"height":0},"classes":[]},{"id":58081,"url":"http:\/\/www.24baires.com\/?p=58081","url_meta":{"origin":72133,"position":4},"title":"Macri destac\u00f3 la gesti\u00f3n de Galuccio al frente de YPF","author":"GB","date":"03\/12\/2014","format":false,"excerpt":"\"Galuccio es un hombre del gremio, con conocimiento y tiene idea de hacia d\u00f3nde ir, con lo cual me parece el elemento m\u00e1s valioso que ha tenido este Gobierno\", indico Macri durante su disertaci\u00f3n en la conferencia anual de la Uni\u00f3n Industrial Argentina (UIA). El jefe de gobierno porte\u00f1o, Mauricio\u2026","rel":"","context":"En \u00abEconom\u00eda\u00bb","block_context":{"text":"Econom\u00eda","link":"http:\/\/www.24baires.com\/?cat=45"},"img":{"alt_text":"macri 4","src":"https:\/\/i0.wp.com\/www.24baires.com\/wp-content\/uploads\/2014\/09\/macri-41.jpg?resize=350%2C200","width":350,"height":200,"srcset":"https:\/\/i0.wp.com\/www.24baires.com\/wp-content\/uploads\/2014\/09\/macri-41.jpg?resize=350%2C200 1x, https:\/\/i0.wp.com\/www.24baires.com\/wp-content\/uploads\/2014\/09\/macri-41.jpg?resize=525%2C300 1.5x"},"classes":[]},{"id":31253,"url":"http:\/\/www.24baires.com\/?p=31253","url_meta":{"origin":72133,"position":5},"title":"\u00abYPF est\u00e1 abierta a generar todos los acuerdos necesarios\u201d","author":"GB","date":"03\/09\/2013","format":false,"excerpt":"El CEO de la petrolera estatal, Miguel Galuccio, indic\u00f3 que \"YPF est\u00e1 abierta a generar todos los acuerdos necesarios\u201d y adelant\u00f3 que la petrolera mexicana Pemex \u201cpodr\u00eda ser un buen socio\u201d. En ese sentido, ratific\u00f3 que ya hubo \u201cmuchas reuniones de negocios en los \u00faltimos meses\" con su par de\u2026","rel":"","context":"En \u00abEconom\u00eda\u00bb","block_context":{"text":"Econom\u00eda","link":"http:\/\/www.24baires.com\/?cat=45"},"img":{"alt_text":"YPF","src":"https:\/\/i0.wp.com\/www.24baires.com\/wp-content\/uploads\/2013\/09\/YPF-300x187.jpg?resize=350%2C200","width":350,"height":200},"classes":[]}],"jetpack_sharing_enabled":true,"jetpack_likes_enabled":true,"jetpack_featured_media_url":"","_links":{"self":[{"href":"http:\/\/www.24baires.com\/index.php?rest_route=\/wp\/v2\/posts\/72133","targetHints":{"allow":["GET"]}}],"collection":[{"href":"http:\/\/www.24baires.com\/index.php?rest_route=\/wp\/v2\/posts"}],"about":[{"href":"http:\/\/www.24baires.com\/index.php?rest_route=\/wp\/v2\/types\/post"}],"author":[{"embeddable":true,"href":"http:\/\/www.24baires.com\/index.php?rest_route=\/wp\/v2\/users\/4"}],"replies":[{"embeddable":true,"href":"http:\/\/www.24baires.com\/index.php?rest_route=%2Fwp%2Fv2%2Fcomments&post=72133"}],"version-history":[{"count":1,"href":"http:\/\/www.24baires.com\/index.php?rest_route=\/wp\/v2\/posts\/72133\/revisions"}],"predecessor-version":[{"id":72135,"href":"http:\/\/www.24baires.com\/index.php?rest_route=\/wp\/v2\/posts\/72133\/revisions\/72135"}],"wp:attachment":[{"href":"http:\/\/www.24baires.com\/index.php?rest_route=%2Fwp%2Fv2%2Fmedia&parent=72133"}],"wp:term":[{"taxonomy":"category","embeddable":true,"href":"http:\/\/www.24baires.com\/index.php?rest_route=%2Fwp%2Fv2%2Fcategories&post=72133"},{"taxonomy":"post_tag","embeddable":true,"href":"http:\/\/www.24baires.com\/index.php?rest_route=%2Fwp%2Fv2%2Ftags&post=72133"}],"curies":[{"name":"wp","href":"https:\/\/api.w.org\/{rel}","templated":true}]}}