{"id":72094,"date":"2015-09-14T18:50:46","date_gmt":"2015-09-14T21:50:46","guid":{"rendered":"http:\/\/www.24baires.com\/?p=72094"},"modified":"2015-09-14T18:50:46","modified_gmt":"2015-09-14T21:50:46","slug":"de-pedro-otra-operacion-berreta-de-clarin-contra-la-presidenta","status":"publish","type":"post","link":"http:\/\/www.24baires.com\/?p=72094","title":{"rendered":"De Pedro: \u201cOtra operaci\u00f3n berreta de Clar\u00edn contra la Presidenta\u201d"},"content":{"rendered":"<p><img data-recalc-dims=\"1\" loading=\"lazy\" decoding=\"async\" src=\"https:\/\/i0.wp.com\/www.24baires.com\/wp-content\/uploads\/2014\/05\/wado-de-pedro.jpg?resize=560%2C349\" alt=\"wado de pedro\" width=\"560\" height=\"349\" class=\"aligncenter size-full wp-image-45175\" srcset=\"https:\/\/i0.wp.com\/www.24baires.com\/wp-content\/uploads\/2014\/05\/wado-de-pedro.jpg?w=560 560w, https:\/\/i0.wp.com\/www.24baires.com\/wp-content\/uploads\/2014\/05\/wado-de-pedro.jpg?resize=300%2C186 300w\" sizes=\"auto, (max-width: 560px) 100vw, 560px\" \/>El secretario general de la Presidencia se refiri\u00f3 de esta manera a la denuncia publicada en el diario sobre la cantidad de miembros de la comitiva oficial que viajar\u00e1 a la ONU con Cristina.<!--more--><\/p>\n<p>El secretario General de la Presidencia, Eduardo \u00abWado\u00bb de Pedro, desminti\u00f3 hoy un art\u00edculo del diario Clar\u00edn que afirma que la comitiva oficial argentina a la Asamblea de las Naciones Unidas estar\u00e1 compuesta de 87 personas, y afirm\u00f3 que la cifra corresponde a \u00ablos pedidos de acreditaci\u00f3n\u00bb ante la ONU, a la vez que adjudic\u00f3 al medio la intenci\u00f3n de \u00abatacar los intereses de nuestro pa\u00eds y perjudicar al pueblo\u00bb.<\/p>\n<p>A trav\u00e9s de su cuenta en la red social Twitter, De Pedro calific\u00f3 esta tarde como \u00abotra operaci\u00f3n berreta de Clar\u00edn contra la Presidenta @CFKArgentina\u00bb, la nota publicada hoy en el peri\u00f3dico del Grupo Clar\u00edn donde se asegura que la delegaci\u00f3n oficial estar\u00e1 integrada por 87 miembros.<\/p>\n<p>\u00abEste a\u00f1o a la ONU viajamos con una comitiva menor a la de otros a\u00f1os, pero claro&#8230; el a\u00f1o pasado no hab\u00eda elecciones y ahora estamos a 40 d\u00edas de una elecci\u00f3n que definir\u00e1 el rumbo de nuestro pa\u00eds\u00bb, se\u00f1al\u00f3.<br \/>\nEl dirigente de La C\u00e1mpora sostuvo que \u00abel numero 87 al que se refiere Clar\u00edn es el de los pedidos de acreditaci\u00f3n ante la ONU, que no tiene nada que ver con la comitiva oficial\u00bb.<\/p>\n<p>Y agreg\u00f3: \u00abNo hace falta que te diga qu\u00e9 es lo que busca Clar\u00edn y cu\u00e1les son sus intenciones. Por eso mienten y atacan a la Presidenta, sobre todo luego del logro diplom\u00e1tico que obtuvo nuestro pa\u00eds en la ONU contra los #FondosBuitre el jueves pasado\u00bb.<br \/>\nEn el mismo sentido, De Pedro concluy\u00f3: \u00ablos argentinos ya sabemos reconocer cuando mienten para atacar los intereses de nuestro pa\u00eds y perjudicar al pueblo\u00bb.<\/p>\n","protected":false},"excerpt":{"rendered":"<p>El secretario general de la Presidencia se refiri\u00f3 de esta manera a la denuncia publicada en el diario sobre la cantidad de miembros de la comitiva oficial que viajar\u00e1 a la ONU con Cristina.<\/p>\n","protected":false},"author":4,"featured_media":0,"comment_status":"open","ping_status":"open","sticky":false,"template":"","format":"standard","meta":{"_jetpack_newsletter_access":"","_jetpack_dont_email_post_to_subs":false,"_jetpack_newsletter_tier_id":0,"_jetpack_memberships_contains_paywalled_content":false,"_jetpack_memberships_contains_paid_content":false,"footnotes":""},"categories":[51],"tags":[],"class_list":["post-72094","post","type-post","status-publish","format-standard","hentry","category-politica"],"jetpack_shortlink":"https:\/\/wp.me\/p2JWE0-iKO","jetpack-related-posts":[{"id":101974,"url":"http:\/\/www.24baires.com\/?p=101974","url_meta":{"origin":72094,"position":0},"title":"\u00abClar\u00edn adulter\u00f3 informaci\u00f3n, manipul\u00f3 a los lectores y construy\u00f3 una operaci\u00f3n berreta\u00bb","author":"AF","date":"04\/05\/2018","format":false,"excerpt":"El legislador Rodolfo Thailade carg\u00f3 con los tapones de punta contra el pol\u00e9mico multimedio hegem\u00f3nico, ante lo que denomin\u00f3 como una \"operaci\u00f3n berreta\" del \"editor (ir)responsable de Clar\u00edn, Ricardo Roa\". En una carta publicada por el legislador Rodolfo Thailade, carg\u00f3 con todo contra el multimedio Clar\u00edn por la publicaci\u00f3n de\u2026","rel":"","context":"En \u00abLocales\u00bb","block_context":{"text":"Locales","link":"http:\/\/www.24baires.com\/?cat=38"},"img":{"alt_text":"","src":"https:\/\/i0.wp.com\/www.24baires.com\/wp-content\/uploads\/2018\/05\/clar%C3%ADn-thailade.jpg?resize=350%2C200","width":350,"height":200,"srcset":"https:\/\/i0.wp.com\/www.24baires.com\/wp-content\/uploads\/2018\/05\/clar%C3%ADn-thailade.jpg?resize=350%2C200 1x, https:\/\/i0.wp.com\/www.24baires.com\/wp-content\/uploads\/2018\/05\/clar%C3%ADn-thailade.jpg?resize=525%2C300 1.5x"},"classes":[]},{"id":104612,"url":"http:\/\/www.24baires.com\/?p=104612","url_meta":{"origin":72094,"position":1},"title":"Macri ya est\u00e1 en Nueva York","author":"AF","date":"23\/09\/2018","format":false,"excerpt":"El presidente Mauricio Macri lleg\u00f3 esta ma\u00f1ana a Nueva York, adonde viaj\u00f3 para hablar ante la Asamblea de las Naciones Unidas (ONU) y con la expectativa de reunirse de modo informal con el mandatario local, Donald Trump. Macri, quien parti\u00f3 anoche en un vuelo privado hacia la ciudad de Nueva\u2026","rel":"","context":"En \u00abPol\u00edtica\u00bb","block_context":{"text":"Pol\u00edtica","link":"http:\/\/www.24baires.com\/?cat=51"},"img":{"alt_text":"","src":"https:\/\/i0.wp.com\/www.24baires.com\/wp-content\/uploads\/2018\/01\/macri.jpg?resize=350%2C200","width":350,"height":200,"srcset":"https:\/\/i0.wp.com\/www.24baires.com\/wp-content\/uploads\/2018\/01\/macri.jpg?resize=350%2C200 1x, https:\/\/i0.wp.com\/www.24baires.com\/wp-content\/uploads\/2018\/01\/macri.jpg?resize=525%2C300 1.5x"},"classes":[]},{"id":102576,"url":"http:\/\/www.24baires.com\/?p=102576","url_meta":{"origin":72094,"position":2},"title":"Una encuesta asegura que la mayor\u00eda de los funcionarios de Macri tiene mala imagen","author":"AF","date":"06\/06\/2018","format":false,"excerpt":"Solo cuatro funcionarios de Cambiemos tienen m\u00e1s imagen positiva que negativa. Un Gobierno impopular con todas las letras. En medio de una inflaci\u00f3n que no cesa, salarios casi congelados, recortes a las jubilaciones y el ruego al FMI por algunos miles de millones de d\u00f3lares, el gobierno de Mauricio Macri\u2026","rel":"","context":"En \u00abPol\u00edtica\u00bb","block_context":{"text":"Pol\u00edtica","link":"http:\/\/www.24baires.com\/?cat=51"},"img":{"alt_text":"","src":"https:\/\/i0.wp.com\/www.24baires.com\/wp-content\/uploads\/2016\/09\/triaca.jpg?resize=350%2C200","width":350,"height":200,"srcset":"https:\/\/i0.wp.com\/www.24baires.com\/wp-content\/uploads\/2016\/09\/triaca.jpg?resize=350%2C200 1x, https:\/\/i0.wp.com\/www.24baires.com\/wp-content\/uploads\/2016\/09\/triaca.jpg?resize=525%2C300 1.5x"},"classes":[]},{"id":74117,"url":"http:\/\/www.24baires.com\/?p=74117","url_meta":{"origin":72094,"position":3},"title":"\u00abWado\u00bb De Pedro acus\u00f3 a Clar\u00edn y a opositores que intentaron \u00abensuciar el proceso electoral\u00bb","author":"AF","date":"25\/10\/2015","format":false,"excerpt":"El Secretario General de la Presidencia y primer candidato a diputado nacional por Buenos Aires por el Frente Para la Victoria, Eduardo \"Wado\" de Pedro, asegur\u00f3 que \"cada vez que el pueblo vota, la Argentina sigue creciendo como pa\u00eds\", y lament\u00f3 \"la campa\u00f1a de algunos medios como Clar\u00edn\". Indic\u00f3 que\u2026","rel":"","context":"En \u00abElecciones 2015\u00bb","block_context":{"text":"Elecciones 2015","link":"http:\/\/www.24baires.com\/?cat=74"},"img":{"alt_text":"wado de pedro","src":"https:\/\/i0.wp.com\/www.24baires.com\/wp-content\/uploads\/2014\/05\/wado-de-pedro.jpg?resize=350%2C200","width":350,"height":200,"srcset":"https:\/\/i0.wp.com\/www.24baires.com\/wp-content\/uploads\/2014\/05\/wado-de-pedro.jpg?resize=350%2C200 1x, https:\/\/i0.wp.com\/www.24baires.com\/wp-content\/uploads\/2014\/05\/wado-de-pedro.jpg?resize=525%2C300 1.5x"},"classes":[]},{"id":119599,"url":"http:\/\/www.24baires.com\/?p=119599","url_meta":{"origin":72094,"position":4},"title":"El gabinete denunci\u00f3 la intenci\u00f3n de proscribir electoralmente a Cristina","author":"AF","date":"30\/11\/2022","format":false,"excerpt":"De Juan Manzur a Wado de Pedro, las frases que dej\u00f3 la reuni\u00f3n de ministros sobre el juicio contra la vicepresidenta. Desde la oposici\u00f3n, Larreta se subi\u00f3 a la ola de criticas por derecha: \"Decir que un tribunal de la democracia es un pelot\u00f3n de fusilamiento es una verg\u00fcenza\". Tras\u2026","rel":"","context":"En \u00abPol\u00edtica\u00bb","block_context":{"text":"Pol\u00edtica","link":"http:\/\/www.24baires.com\/?cat=51"},"img":{"alt_text":"","src":"https:\/\/i0.wp.com\/www.24baires.com\/wp-content\/uploads\/2022\/09\/cristinakirchnerjpg.jpg?resize=350%2C200","width":350,"height":200,"srcset":"https:\/\/i0.wp.com\/www.24baires.com\/wp-content\/uploads\/2022\/09\/cristinakirchnerjpg.jpg?resize=350%2C200 1x, https:\/\/i0.wp.com\/www.24baires.com\/wp-content\/uploads\/2022\/09\/cristinakirchnerjpg.jpg?resize=525%2C300 1.5x, https:\/\/i0.wp.com\/www.24baires.com\/wp-content\/uploads\/2022\/09\/cristinakirchnerjpg.jpg?resize=700%2C400 2x"},"classes":[]},{"id":116194,"url":"http:\/\/www.24baires.com\/?p=116194","url_meta":{"origin":72094,"position":5},"title":"\u00abConvirtieron al Poder Judicial en un instrumento para atacar al peronismo\u00bb","author":"AF","date":"11\/09\/2020","format":false,"excerpt":"Lo dijo a partir del desprocesamiento de funcionarios macristas involucrados en la \"estafa de las autopistas\" y en relaci\u00f3n con la defensa cerrada de Cambiemos y los medios hegem\u00f3nicos de los traslados irregulares a la C\u00e1mara Federal de los jueces Bruglia y Bertuzzi que analiza el Senado. La vicepresidenta Cristina\u2026","rel":"","context":"En \u00abPol\u00edtica\u00bb","block_context":{"text":"Pol\u00edtica","link":"http:\/\/www.24baires.com\/?cat=51"},"img":{"alt_text":"","src":"https:\/\/i0.wp.com\/www.24baires.com\/wp-content\/uploads\/2019\/08\/cristina-LP.jpg?resize=350%2C200","width":350,"height":200,"srcset":"https:\/\/i0.wp.com\/www.24baires.com\/wp-content\/uploads\/2019\/08\/cristina-LP.jpg?resize=350%2C200 1x, https:\/\/i0.wp.com\/www.24baires.com\/wp-content\/uploads\/2019\/08\/cristina-LP.jpg?resize=525%2C300 1.5x"},"classes":[]}],"jetpack_sharing_enabled":true,"jetpack_likes_enabled":true,"jetpack_featured_media_url":"","_links":{"self":[{"href":"http:\/\/www.24baires.com\/index.php?rest_route=\/wp\/v2\/posts\/72094","targetHints":{"allow":["GET"]}}],"collection":[{"href":"http:\/\/www.24baires.com\/index.php?rest_route=\/wp\/v2\/posts"}],"about":[{"href":"http:\/\/www.24baires.com\/index.php?rest_route=\/wp\/v2\/types\/post"}],"author":[{"embeddable":true,"href":"http:\/\/www.24baires.com\/index.php?rest_route=\/wp\/v2\/users\/4"}],"replies":[{"embeddable":true,"href":"http:\/\/www.24baires.com\/index.php?rest_route=%2Fwp%2Fv2%2Fcomments&post=72094"}],"version-history":[{"count":1,"href":"http:\/\/www.24baires.com\/index.php?rest_route=\/wp\/v2\/posts\/72094\/revisions"}],"predecessor-version":[{"id":72095,"href":"http:\/\/www.24baires.com\/index.php?rest_route=\/wp\/v2\/posts\/72094\/revisions\/72095"}],"wp:attachment":[{"href":"http:\/\/www.24baires.com\/index.php?rest_route=%2Fwp%2Fv2%2Fmedia&parent=72094"}],"wp:term":[{"taxonomy":"category","embeddable":true,"href":"http:\/\/www.24baires.com\/index.php?rest_route=%2Fwp%2Fv2%2Fcategories&post=72094"},{"taxonomy":"post_tag","embeddable":true,"href":"http:\/\/www.24baires.com\/index.php?rest_route=%2Fwp%2Fv2%2Ftags&post=72094"}],"curies":[{"name":"wp","href":"https:\/\/api.w.org\/{rel}","templated":true}]}}