{"id":72089,"date":"2015-09-14T17:00:59","date_gmt":"2015-09-14T20:00:59","guid":{"rendered":"http:\/\/www.24baires.com\/?p=72089"},"modified":"2015-09-15T10:56:14","modified_gmt":"2015-09-15T13:56:14","slug":"presentan-denuncia-por-presunto-fraude-contra-el-estado","status":"publish","type":"post","link":"http:\/\/www.24baires.com\/?p=72089","title":{"rendered":"Presentan denuncia por presunto fraude contra el Estado"},"content":{"rendered":"<p><img data-recalc-dims=\"1\" loading=\"lazy\" decoding=\"async\" class=\"aligncenter size-full wp-image-72090\" src=\"https:\/\/i0.wp.com\/www.24baires.com\/wp-content\/uploads\/2015\/09\/procelac.jpg?resize=560%2C373\" alt=\"procelac\" width=\"560\" height=\"373\" srcset=\"https:\/\/i0.wp.com\/www.24baires.com\/wp-content\/uploads\/2015\/09\/procelac.jpg?w=560 560w, https:\/\/i0.wp.com\/www.24baires.com\/wp-content\/uploads\/2015\/09\/procelac.jpg?resize=300%2C200 300w\" sizes=\"auto, (max-width: 560px) 100vw, 560px\" \/>La denuncia es por presunto fraude contra el Estado nacional por parte de Grupo Marsans, el fondo Burford y el estudio de abogados Fargosi y Asociados.<!--more--><\/p>\n<p>El fiscal general a cargo de la Procuradur\u00eda de Criminalidad Econ\u00f3mica y Lavado de Activos, Carlos Gonella, y la Procuradora del Tesoro de la Naci\u00f3n, Angelina Abbona, denunciaron un presunto fraude contra el Estado nacional por parte del Grupo Marsans, el fondo buitre Burford y el estudio de abogados argentinos Fargosi y Asociados.<\/p>\n<p>Gonella explic\u00f3 que \u00abse encontr\u00f3 un contrato entre Marsans y Burford, donde el fondo buitre le compra al grupo espa\u00f1ol el juicio que est\u00e1 llevando ante el Ciadi (Centro Internacional de Arreglo de Diferencias Relativas a Inversiones) por unos U$S 1.600 millones, por la expropiaci\u00f3n de Aerol\u00edneas Argentinas\u00bb, y a\u00f1adi\u00f3 que \u00aben esta operaci\u00f3n tambi\u00e9n figura el estudio de abogados Fargosi y Asociados\u00bb.<\/p>\n<p>Los funcionarios dieron una conferencia en el Auditorio de la Procuraci\u00f3n General de la Naci\u00f3n, donde precisaron que ya se hizo la presentaci\u00f3n correspondiente ante la C\u00e1mara Federal de la Ciudad de Buenos Aires, con la denuncia para que se abra una investigaci\u00f3n al respecto y se condene a los implicados, tanto Marsans, como Burford y Fargosi y Asociados.<\/p>\n<p>Gonella remarc\u00f3 que \u00abla Argentina no s\u00f3lo no debe nada, sino que hasta puede reclamar a Marsans unos U$S 1.000 millones por su gesti\u00f3n en Aerol\u00edneas\u00bb.<\/p>\n<p>El fiscal puntualiz\u00f3 que \u00abMarsans y Burford hicieron un convenio para que en caso de que el Ciadi falle a favor de los espa\u00f1oles, luego de pagarle los honorarios correspondientes, el resto lo depositen en una cuenta del fondo buitre que adem\u00e1s tom\u00f3 el patrocinio en el juicio\u00bb.<\/p>\n<p>\u00abDe esta manera Marsans estar\u00eda burlando a sus acreedores, con el doble riesgo para la Argentina de tener que pagar el fallo del juicio, pero tambi\u00e9n una futura demanda de los acreedores de Marsans\u00bb, subray\u00f3 por su parte Abbona.<\/p>\n<p>Record\u00f3 que \u00abBurford patrocina tambi\u00e9n al Grupo Petersen ante el Ciadi y ante el juez (federal de Nueva York Thomas) Griesa, donde reclaman por la expropiaci\u00f3n de las acciones de Repsol en YPF\u00bb.<\/p>\n<p>El fondo buitre reclama un resarcimiento econ\u00f3mico, argumentando que durante el proceso de expropiaci\u00f3n se violaron las leyes de oferta p\u00fablica en los Estados Unidos.<\/p>\n<p>Todav\u00eda no fue establecido un monto solicitado, pero se presume que ser\u00e1 de varios millones de d\u00f3lares, dado que las acciones en cuesti\u00f3n hab\u00edan sido adquiridas hace siete a\u00f1os por una cifra superior a los U$S 3.300 millones.<\/p>\n<p>En los papeles, la acci\u00f3n legal fue iniciada por las firmas espa\u00f1olas Petersen Energ\u00eda Inversora y Petersen Energ\u00eda que la familia Eskenazi constituy\u00f3 para adquirir entre 2008 y 2011 el 25% de las acciones de YPF.<\/p>\n<p>Por su parte, Marsans inici\u00f3 el juicio en el Ciadi por el congelamiento de las tarifas durante la gesti\u00f3n espa\u00f1ola y por la expropiaci\u00f3n llevada a cabo en 2008 por parte del gobierno argentino.<\/p>\n<p>El grupo espa\u00f1ol gestion\u00f3 Aerol\u00edneas entre 2001 y 2008, periodo durante el cual gener\u00f3 un vaciamiento de la compa\u00f1\u00eda que la llev\u00f3 a una virtual quiebra, de la cual sali\u00f3 con la estatizaci\u00f3n de la misma, aunque Marsans dej\u00f3 una deuda de U$S 908 millones, que son los acreedores que podr\u00edan accionar contra la Argentina en caso que el Ciadi le diera la raz\u00f3n en su reclamo.<\/p>\n<p>Marsans est\u00e1 en bancarrota y uno de sus ex due\u00f1os, Gerardo D\u00edaz Ferr\u00e1n, est\u00e1 preso en Espa\u00f1a por otra causa, en tanto que el otro, Gonzalo Pascual, falleci\u00f3 el a\u00f1o pasado.<\/p>\n<p>A principios de 2014, el Gobierno present\u00f3 una contrademanda ante el Ciadi contra Marsans por da\u00f1os por US$ 940 millones, que al igual que el reclamo de los espa\u00f1oles est\u00e1 pendiente de resoluci\u00f3n.<\/p>\n","protected":false},"excerpt":{"rendered":"<p>La denuncia es por presunto fraude contra el Estado nacional por parte de Grupo Marsans, el fondo Burford y el estudio de abogados Fargosi y Asociados.<\/p>\n","protected":false},"author":8,"featured_media":0,"comment_status":"open","ping_status":"open","sticky":false,"template":"","format":"standard","meta":{"_jetpack_newsletter_access":"","_jetpack_dont_email_post_to_subs":false,"_jetpack_newsletter_tier_id":0,"_jetpack_memberships_contains_paywalled_content":false,"_jetpack_memberships_contains_paid_content":false,"footnotes":""},"categories":[51],"tags":[],"class_list":["post-72089","post","type-post","status-publish","format-standard","hentry","category-politica"],"jetpack_shortlink":"https:\/\/wp.me\/p2JWE0-iKJ","jetpack-related-posts":[{"id":24924,"url":"http:\/\/www.24baires.com\/?p=24924","url_meta":{"origin":72089,"position":0},"title":"Imputan al ex presidente de Aerol\u00edneas Argentinas por estafa procesal y falsedad documental","author":"AF","date":"02\/06\/2013","format":false,"excerpt":"Lo investigan por los delitos que se habr\u00edan cometido en el concurso de acreedores de Aerol\u00edneas Argentinas que tuvo lugar en 2001. Antonio Mata quien fuera presidente de la Aerol\u00edneas Argentinas, durante el per\u00edodo 2001-2006, ex due\u00f1o de Air Comet y del diario Cr\u00edtica fundado por Jorge Lanata, se encuentra\u2026","rel":"","context":"En \u00abSociedad\u00bb","block_context":{"text":"Sociedad","link":"http:\/\/www.24baires.com\/?cat=1"},"img":{"alt_text":"","src":"https:\/\/i0.wp.com\/www.24baires.com\/wp-content\/uploads\/2013\/06\/antonio-mata.jpg?resize=350%2C200","width":350,"height":200,"srcset":"https:\/\/i0.wp.com\/www.24baires.com\/wp-content\/uploads\/2013\/06\/antonio-mata.jpg?resize=350%2C200 1x, https:\/\/i0.wp.com\/www.24baires.com\/wp-content\/uploads\/2013\/06\/antonio-mata.jpg?resize=525%2C300 1.5x"},"classes":[]},{"id":92271,"url":"http:\/\/www.24baires.com\/?p=92271","url_meta":{"origin":72089,"position":1},"title":"Denuncian penalmente a Macri por fraude a la administraci\u00f3n p\u00fablica","author":"GB","date":"09\/02\/2017","format":false,"excerpt":"El Presidente, el ministro de Comunicaciones y un funcionario de esa cartera fueron denunciados por la presunta comisi\u00f3n de fraude contra la administraci\u00f3n p\u00fablica, a ra\u00edz del acuerdo aprobado por el Gobierno para condonar una deuda millonaria al Grupo Macri. El presidente Mauricio Macri, as\u00ed como el ministro de Comunicaciones\u2026","rel":"","context":"En \u00abPol\u00edtica\u00bb","block_context":{"text":"Pol\u00edtica","link":"http:\/\/www.24baires.com\/?cat=51"},"img":{"alt_text":"","src":"https:\/\/i0.wp.com\/www.24baires.com\/wp-content\/uploads\/2014\/09\/macri.jpg?resize=350%2C200","width":350,"height":200,"srcset":"https:\/\/i0.wp.com\/www.24baires.com\/wp-content\/uploads\/2014\/09\/macri.jpg?resize=350%2C200 1x, https:\/\/i0.wp.com\/www.24baires.com\/wp-content\/uploads\/2014\/09\/macri.jpg?resize=525%2C300 1.5x"},"classes":[]},{"id":26968,"url":"http:\/\/www.24baires.com\/?p=26968","url_meta":{"origin":72089,"position":2},"title":"La Canciller\u00eda denunci\u00f3 a Jorge Yoma cuando era embajador en M\u00e9xico por sobreprecios","author":"Grupo Sierra","date":"26\/06\/2013","format":false,"excerpt":"La Canciller\u00eda argentina inform\u00f3 a trav\u00e9s de un comunicado que se present\u00f3 ante la C\u00e1mara Criminal y Correccional Federal para denunciar irregularidades acontecidas en la administraci\u00f3n de la embajada argentina en M\u00e9xico, en el per\u00edodo comprendido entre los a\u00f1os 2006 y 2009 que en ese entonces ocupaba el hoy diputado\u2026","rel":"","context":"En \u00abJUDICIALES\u00bb","block_context":{"text":"JUDICIALES","link":"http:\/\/www.24baires.com\/?cat=68"},"img":{"alt_text":"","src":"","width":0,"height":0},"classes":[]},{"id":1278,"url":"http:\/\/www.24baires.com\/?p=1278","url_meta":{"origin":72089,"position":3},"title":"Denuncian por supuesto fraude con acciones de Telecom al juez que definir\u00e1 sobre el art\u00edculo 161 de la Ley de Medios","author":"Grupo Sierra","date":"07\/10\/2012","format":false,"excerpt":"El juez Ra\u00fal Tettamanti, designado de manera transitoria en el tribunal que deber\u00e1 definir la constitucionalidad del art\u00edculo 161 de la Ley de Servicios de Comunicaci\u00f3n Audiovisual, objetado por el grupo Clar\u00edn, fue denunciado por supuesto fraude con acciones de Telecom y pidieron su juicio pol\u00edtico. A trav\u00e9s de un\u2026","rel":"","context":"En \u00abMedios\u00bb","block_context":{"text":"Medios","link":"http:\/\/www.24baires.com\/?cat=54"},"img":{"alt_text":"","src":"","width":0,"height":0},"classes":[]},{"id":94088,"url":"http:\/\/www.24baires.com\/?p=94088","url_meta":{"origin":72089,"position":4},"title":"El presidente de Aerol\u00edneas dijo que la empresa podr\u00eda ser privatizada","author":"GB","date":"25\/04\/2017","format":false,"excerpt":"El titular de la l\u00ednea a\u00e9rea de bandera, Mario Dell'Acqua, no descart\u00f3 que en un futuro la compa\u00f1\u00eda vuelva a estar manos privadas. El titular de Aerol\u00edneas Argentinas, Mario Dell'Acqua, admiti\u00f3 que \"es posible\" que se reprivatice la empresa, que hab\u00eda sido recuperada durante el kirchnerismo tras la gesti\u00f3n de\u2026","rel":"","context":"En \u00abPol\u00edtica\u00bb","block_context":{"text":"Pol\u00edtica","link":"http:\/\/www.24baires.com\/?cat=51"},"img":{"alt_text":"","src":"https:\/\/i0.wp.com\/www.24baires.com\/wp-content\/uploads\/2017\/04\/aerolineas-argentinas.jpg?resize=350%2C200","width":350,"height":200,"srcset":"https:\/\/i0.wp.com\/www.24baires.com\/wp-content\/uploads\/2017\/04\/aerolineas-argentinas.jpg?resize=350%2C200 1x, https:\/\/i0.wp.com\/www.24baires.com\/wp-content\/uploads\/2017\/04\/aerolineas-argentinas.jpg?resize=525%2C300 1.5x"},"classes":[]},{"id":102924,"url":"http:\/\/www.24baires.com\/?p=102924","url_meta":{"origin":72089,"position":5},"title":"La Justicia sobresey\u00f3 a Luis Caputo por la compra de d\u00f3lar futuro","author":"Grupo Sierra","date":"22\/06\/2018","format":false,"excerpt":"El juez federal Luis Rodr\u00edguez sobresey\u00f3 al presidente del Banco Central, Luis Caputo, y a su esposa en una denuncia por supuesta compra de d\u00f3lar futuro mediante un fondo de inversi\u00f3n de la que form\u00f3 parte antes de llegar al Gobierno. \"Ni el licenciado Luis Caputo ni su se\u00f1ora esposa\u2026","rel":"","context":"En \u00abJUDICIALES\u00bb","block_context":{"text":"JUDICIALES","link":"http:\/\/www.24baires.com\/?cat=68"},"img":{"alt_text":"","src":"https:\/\/i0.wp.com\/www.24baires.com\/wp-content\/uploads\/2017\/01\/caputo.jpg?resize=350%2C200","width":350,"height":200,"srcset":"https:\/\/i0.wp.com\/www.24baires.com\/wp-content\/uploads\/2017\/01\/caputo.jpg?resize=350%2C200 1x, https:\/\/i0.wp.com\/www.24baires.com\/wp-content\/uploads\/2017\/01\/caputo.jpg?resize=525%2C300 1.5x"},"classes":[]}],"jetpack_sharing_enabled":true,"jetpack_likes_enabled":true,"jetpack_featured_media_url":"","_links":{"self":[{"href":"http:\/\/www.24baires.com\/index.php?rest_route=\/wp\/v2\/posts\/72089","targetHints":{"allow":["GET"]}}],"collection":[{"href":"http:\/\/www.24baires.com\/index.php?rest_route=\/wp\/v2\/posts"}],"about":[{"href":"http:\/\/www.24baires.com\/index.php?rest_route=\/wp\/v2\/types\/post"}],"author":[{"embeddable":true,"href":"http:\/\/www.24baires.com\/index.php?rest_route=\/wp\/v2\/users\/8"}],"replies":[{"embeddable":true,"href":"http:\/\/www.24baires.com\/index.php?rest_route=%2Fwp%2Fv2%2Fcomments&post=72089"}],"version-history":[{"count":1,"href":"http:\/\/www.24baires.com\/index.php?rest_route=\/wp\/v2\/posts\/72089\/revisions"}],"predecessor-version":[{"id":72091,"href":"http:\/\/www.24baires.com\/index.php?rest_route=\/wp\/v2\/posts\/72089\/revisions\/72091"}],"wp:attachment":[{"href":"http:\/\/www.24baires.com\/index.php?rest_route=%2Fwp%2Fv2%2Fmedia&parent=72089"}],"wp:term":[{"taxonomy":"category","embeddable":true,"href":"http:\/\/www.24baires.com\/index.php?rest_route=%2Fwp%2Fv2%2Fcategories&post=72089"},{"taxonomy":"post_tag","embeddable":true,"href":"http:\/\/www.24baires.com\/index.php?rest_route=%2Fwp%2Fv2%2Ftags&post=72089"}],"curies":[{"name":"wp","href":"https:\/\/api.w.org\/{rel}","templated":true}]}}