{"id":72082,"date":"2015-09-14T16:00:02","date_gmt":"2015-09-14T19:00:02","guid":{"rendered":"http:\/\/www.24baires.com\/?p=72082"},"modified":"2015-09-14T15:56:51","modified_gmt":"2015-09-14T18:56:51","slug":"scioli-nosotros-somos-el-espacio-mas-coherente-y-previsible","status":"publish","type":"post","link":"http:\/\/www.24baires.com\/?p=72082","title":{"rendered":"Scioli: \u00abNosotros somos el espacio m\u00e1s coherente y previsible\u00bb"},"content":{"rendered":"<p><img data-recalc-dims=\"1\" loading=\"lazy\" decoding=\"async\" class=\"alignleft size-full wp-image-70306\" src=\"https:\/\/i0.wp.com\/www.24baires.com\/wp-content\/uploads\/2015\/08\/bunker-scioli.jpg?resize=320%2C214\" alt=\"bunker scioli\" width=\"320\" height=\"214\" srcset=\"https:\/\/i0.wp.com\/www.24baires.com\/wp-content\/uploads\/2015\/08\/bunker-scioli.jpg?w=320 320w, https:\/\/i0.wp.com\/www.24baires.com\/wp-content\/uploads\/2015\/08\/bunker-scioli.jpg?resize=300%2C201 300w\" sizes=\"auto, (max-width: 320px) 100vw, 320px\" \/>El gobernador bonaerense y candidato presidencial, Daniel Scioli, se\u00f1al\u00f3 hoy que el Frente para la Victoria es \u00abel espacio m\u00e1s coherente y m\u00e1s previsible\u00bb, al tiempo que se comprometi\u00f3 \u00aba sostener lo que haya que sostener, cuidarle el trabajo a la gente\u00bb.<!--more--><\/p>\n<p>Durante una visita a la ciudad de Bah\u00eda Blanca, Scioli rese\u00f1\u00f3 que \u00abhemos recuperado YPF, y tenemos soberan\u00eda energ\u00e9tica; hemos recuperado ferrocarriles y agilizamos la conectividad urbana y de cargas; hemos recuperado los fondos de la administraci\u00f3n de la ANSES, y eso es m\u00e1s Procrear, m\u00e1s vivienda, m\u00e1s Conectar Igualdad, m\u00e1s apoyo para los jubilados a partir de la tarjeta Argenta\u00bb.<\/p>\n<p>En ese marco, mencion\u00f3 la decisi\u00f3n de la ONU de apoyar la pelea argentina contra los fondos buitre, hecho al que calific\u00f3 como \u00abun logro, no para un gobierno sino para el pa\u00eds porque que hayamos tenido un respaldo y una declaraci\u00f3n tan contundente, hoy es un aporte para otros pa\u00edses del mundo\u00bb.<\/p>\n<p>Por otra parte y en di\u00e1logo con la prensa al ser consultado sobre el jefe de gobierno porte\u00f1o y candidato presidencial del frente Cambiemos, Mauricio Macri, Scioli dej\u00f3 en claro que \u00absomos espacios pol\u00edticos que tenemos distintas prioridades\u00bb.<\/p>\n<p>En ese sentido, Scioli dijo que Macri tiene como prioridad \u00abpagarle a los fondos buitre o que el que quer\u00eda ver F\u00fatbol para Todos como dijo ten\u00eda que ir a Cuba si quer\u00eda ver gratis a los partidos\u00bb.<\/p>\n<p>\u00abLe dijeron que no a la recuperaci\u00f3n del ferrocarril, a la recuperaci\u00f3n de YPF, a la ley de Fertilizaci\u00f3n Gratuita Asistida se abstuvieron, no creen en el rol del Estado, ellos creen que el mercado soluciona todo\u00bb, afirm\u00f3.<\/p>\n<p>En el marco de su agenda en Bah\u00eda Blanca, Scioli inaugur\u00f3 un acueducto de 5700 metros y una estaci\u00f3n de bombeo para abastecer agua a un sector de la ciudad, particip\u00f3 de un acto de entrega de 1.100 escrituras de viviendas a vecinos de la ciudad y de la regi\u00f3n.<\/p>\n<p>Adem\u00e1s y junto a intendentes de la regi\u00f3n el gobernador firm\u00f3 un acta compromiso para \u00abCiudades para el Desarrollo\u00bb y un convenio con la Corporaci\u00f3n Andina de Fomento (CAF) para el inicio del proyecto de construcci\u00f3n del acueducto R\u00edo Colorado-Bah\u00eda Blanca.<\/p>\n<p>Tambi\u00e9n y junto con el embajador de los Estados Unidos en la Argentina, Noah Mamet, el candidato presidencial visit\u00f3 las plantas que la empresa Dow posee en el Polo Petroqu\u00edmico de Bah\u00eda Blanca.<\/p>\n<p>&nbsp;<\/p>\n<p>&nbsp;<\/p>\n<p>&nbsp;<\/p>\n<p>&nbsp;<\/p>\n<p>&nbsp;<\/p>\n<p>&nbsp;<\/p>\n<p>&nbsp;<\/p>\n<p>&nbsp;<\/p>\n<p>&nbsp;<\/p>\n<p>&nbsp;<\/p>\n<p>&nbsp;<\/p>\n","protected":false},"excerpt":{"rendered":"<p>El gobernador bonaerense y candidato presidencial, Daniel Scioli, se\u00f1al\u00f3 hoy que el Frente para la Victoria es \u00abel espacio m\u00e1s coherente y m\u00e1s previsible\u00bb, al tiempo que se comprometi\u00f3 \u00aba sostener lo que haya que sostener, cuidarle el trabajo a la gente\u00bb.<\/p>\n","protected":false},"author":8,"featured_media":0,"comment_status":"open","ping_status":"open","sticky":false,"template":"","format":"standard","meta":{"_jetpack_newsletter_access":"","_jetpack_dont_email_post_to_subs":false,"_jetpack_newsletter_tier_id":0,"_jetpack_memberships_contains_paywalled_content":false,"_jetpack_memberships_contains_paid_content":false,"footnotes":""},"categories":[51],"tags":[],"class_list":["post-72082","post","type-post","status-publish","format-standard","hentry","category-politica"],"jetpack_shortlink":"https:\/\/wp.me\/p2JWE0-iKC","jetpack-related-posts":[{"id":68013,"url":"http:\/\/www.24baires.com\/?p=68013","url_meta":{"origin":72082,"position":0},"title":"\u00abEl Frente para la Victoria es el partido m\u00e1s coherente y confiable\u00bb","author":"GB","date":"23\/06\/2015","format":false,"excerpt":"MOR\u00d3N-El gobernador y precandidato a presidente por el Frente para la Victoria lo asegur\u00f3 tras firmar un acuerdo con el intendente de Mor\u00f3n, Lucas Ghi, para la creaci\u00f3n del Parque Industrial \"La Cant\u00e1brica II\". El gobernador y precandidato a presidente por el Frente para la Victoria, Daniel Scioli, asegur\u00f3 que\u2026","rel":"","context":"En \u00abPol\u00edtica\u00bb","block_context":{"text":"Pol\u00edtica","link":"http:\/\/www.24baires.com\/?cat=51"},"img":{"alt_text":"scioli saludo","src":"https:\/\/i0.wp.com\/www.24baires.com\/wp-content\/uploads\/2014\/08\/scioli-saludo.jpg?resize=350%2C200","width":350,"height":200,"srcset":"https:\/\/i0.wp.com\/www.24baires.com\/wp-content\/uploads\/2014\/08\/scioli-saludo.jpg?resize=350%2C200 1x, https:\/\/i0.wp.com\/www.24baires.com\/wp-content\/uploads\/2014\/08\/scioli-saludo.jpg?resize=525%2C300 1.5x"},"classes":[]},{"id":101122,"url":"http:\/\/www.24baires.com\/?p=101122","url_meta":{"origin":72082,"position":1},"title":"Indagar\u00e1n a Scioli por irregularidades en la construcci\u00f3n de las UPA 24","author":"AF","date":"17\/03\/2018","format":false,"excerpt":"El ex gobernador Daniel Scioli y quien fuera su ministro de Salud, Alejandro Collia, fueron imputados y citados a prestar declaraci\u00f3n indagatoria en el marco de una causa que investiga presuntas irregularidades en la adjudicaci\u00f3n de ocho Unidades de Pronta Atenci\u00f3n (UPA 24) para las que se destinaron m\u00e1s de\u2026","rel":"","context":"En \u00abJUDICIALES\u00bb","block_context":{"text":"JUDICIALES","link":"http:\/\/www.24baires.com\/?cat=68"},"img":{"alt_text":"","src":"https:\/\/i0.wp.com\/www.24baires.com\/wp-content\/uploads\/2014\/05\/Daniel-Scioli.jpg?resize=350%2C200","width":350,"height":200,"srcset":"https:\/\/i0.wp.com\/www.24baires.com\/wp-content\/uploads\/2014\/05\/Daniel-Scioli.jpg?resize=350%2C200 1x, https:\/\/i0.wp.com\/www.24baires.com\/wp-content\/uploads\/2014\/05\/Daniel-Scioli.jpg?resize=525%2C300 1.5x"},"classes":[]},{"id":108387,"url":"http:\/\/www.24baires.com\/?p=108387","url_meta":{"origin":72082,"position":2},"title":"Scioli ratific\u00f3 su candidatura presidencial","author":"GB","date":"25\/05\/2019","format":false,"excerpt":"El exgobernador de la Provincia de Buenos Aires particip\u00f3 del Congreso Educativo de Ajedrez que se realiz\u00f3 en la ciudad balnearia y manifest\u00f3 sus deseos de ser el primer mandatario del pa\u00eds despu\u00e9s del 10 de diciembre, sin embargo aclar\u00f3: \u201cVer\u00e9 como peronista en qu\u00e9 lugar puedo hacer mi mayor\u2026","rel":"","context":"En \u00abPol\u00edtica\u00bb","block_context":{"text":"Pol\u00edtica","link":"http:\/\/www.24baires.com\/?cat=51"},"img":{"alt_text":"","src":"https:\/\/i0.wp.com\/www.24baires.com\/wp-content\/uploads\/2019\/05\/scioli-mar-del.jpg?resize=350%2C200","width":350,"height":200,"srcset":"https:\/\/i0.wp.com\/www.24baires.com\/wp-content\/uploads\/2019\/05\/scioli-mar-del.jpg?resize=350%2C200 1x, https:\/\/i0.wp.com\/www.24baires.com\/wp-content\/uploads\/2019\/05\/scioli-mar-del.jpg?resize=525%2C300 1.5x"},"classes":[]},{"id":120226,"url":"http:\/\/www.24baires.com\/?p=120226","url_meta":{"origin":72082,"position":3},"title":"Cristina recibi\u00f3 a Scioli: \u201cA seguir trabajando, que es lo que hay que hacer\u201d","author":"AF","date":"28\/06\/2023","format":false,"excerpt":"\"Hablamos mucho, con sinceridad y con el respeto de siempre. Me transmiti\u00f3 que su vocaci\u00f3n es ayudar y colaborar como un compa\u00f1ero m\u00e1s\", asegur\u00f3 a trav\u00e9s de las redes sociales la Vicepresidenta sobre el encuentro. La Vicepresidenta Cristina Fern\u00e1ndez de Kirchner public\u00f3 en redes sociales una foto con el embajador\u2026","rel":"","context":"En \u00abPol\u00edtica\u00bb","block_context":{"text":"Pol\u00edtica","link":"http:\/\/www.24baires.com\/?cat=51"},"img":{"alt_text":"","src":"https:\/\/i0.wp.com\/www.24baires.com\/wp-content\/uploads\/2023\/06\/WhatsApp-Image-2023-06-28-at-23.30.42.jpeg?resize=350%2C200","width":350,"height":200,"srcset":"https:\/\/i0.wp.com\/www.24baires.com\/wp-content\/uploads\/2023\/06\/WhatsApp-Image-2023-06-28-at-23.30.42.jpeg?resize=350%2C200 1x, https:\/\/i0.wp.com\/www.24baires.com\/wp-content\/uploads\/2023\/06\/WhatsApp-Image-2023-06-28-at-23.30.42.jpeg?resize=525%2C300 1.5x, https:\/\/i0.wp.com\/www.24baires.com\/wp-content\/uploads\/2023\/06\/WhatsApp-Image-2023-06-28-at-23.30.42.jpeg?resize=700%2C400 2x"},"classes":[]},{"id":55512,"url":"http:\/\/www.24baires.com\/?p=55512","url_meta":{"origin":72082,"position":4},"title":"Scioli insiste con \u00abavanzar en la ley seca de armas\u00bb","author":"GB","date":"16\/10\/2014","format":false,"excerpt":"El gobernador bonaerense visit\u00f3 este mediod\u00eda la Legislatura santafesina y manifest\u00f3: \"Sin armas no hay muertes y no hay robos\" y advirti\u00f3 que \"la combinaci\u00f3n de armas con drogas hacen m\u00e1s violentos a los delincuentes\u201d. El mandatario provincial se reuni\u00f3 con los presidentes de ambas C\u00e1maras, salud\u00f3 a dirigentes pol\u00edticos\u2026","rel":"","context":"En \u00abPol\u00edtica\u00bb","block_context":{"text":"Pol\u00edtica","link":"http:\/\/www.24baires.com\/?cat=51"},"img":{"alt_text":"scioli saludo","src":"https:\/\/i0.wp.com\/www.24baires.com\/wp-content\/uploads\/2014\/08\/scioli-saludo.jpg?resize=350%2C200","width":350,"height":200,"srcset":"https:\/\/i0.wp.com\/www.24baires.com\/wp-content\/uploads\/2014\/08\/scioli-saludo.jpg?resize=350%2C200 1x, https:\/\/i0.wp.com\/www.24baires.com\/wp-content\/uploads\/2014\/08\/scioli-saludo.jpg?resize=525%2C300 1.5x"},"classes":[]},{"id":102620,"url":"http:\/\/www.24baires.com\/?p=102620","url_meta":{"origin":72082,"position":5},"title":"Agust\u00edn Rossi critic\u00f3 el acuerdo con el FMI y dijo que fue \u00abun error de Macri\u00bb","author":"AF","date":"08\/06\/2018","format":false,"excerpt":"El diputado explic\u00f3 antes de ingresar Congreso Peron\u00edsta en Ferro : \"nos va a generar much\u00edsimo dolor al conjunto de los argentinos, ning\u00fan pa\u00eds del mundo celebra un acuerdo con el FMI\". El diputado Agust\u00edn Rossi critic\u00f3 el acuerdo con el FMI y dijo que fue \"un error\" de Macri:\u2026","rel":"","context":"En \u00abPol\u00edtica\u00bb","block_context":{"text":"Pol\u00edtica","link":"http:\/\/www.24baires.com\/?cat=51"},"img":{"alt_text":"","src":"https:\/\/i0.wp.com\/www.24baires.com\/wp-content\/uploads\/2015\/02\/rossi1.jpg?resize=350%2C200","width":350,"height":200,"srcset":"https:\/\/i0.wp.com\/www.24baires.com\/wp-content\/uploads\/2015\/02\/rossi1.jpg?resize=350%2C200 1x, https:\/\/i0.wp.com\/www.24baires.com\/wp-content\/uploads\/2015\/02\/rossi1.jpg?resize=525%2C300 1.5x"},"classes":[]}],"jetpack_sharing_enabled":true,"jetpack_likes_enabled":true,"jetpack_featured_media_url":"","_links":{"self":[{"href":"http:\/\/www.24baires.com\/index.php?rest_route=\/wp\/v2\/posts\/72082","targetHints":{"allow":["GET"]}}],"collection":[{"href":"http:\/\/www.24baires.com\/index.php?rest_route=\/wp\/v2\/posts"}],"about":[{"href":"http:\/\/www.24baires.com\/index.php?rest_route=\/wp\/v2\/types\/post"}],"author":[{"embeddable":true,"href":"http:\/\/www.24baires.com\/index.php?rest_route=\/wp\/v2\/users\/8"}],"replies":[{"embeddable":true,"href":"http:\/\/www.24baires.com\/index.php?rest_route=%2Fwp%2Fv2%2Fcomments&post=72082"}],"version-history":[{"count":1,"href":"http:\/\/www.24baires.com\/index.php?rest_route=\/wp\/v2\/posts\/72082\/revisions"}],"predecessor-version":[{"id":72083,"href":"http:\/\/www.24baires.com\/index.php?rest_route=\/wp\/v2\/posts\/72082\/revisions\/72083"}],"wp:attachment":[{"href":"http:\/\/www.24baires.com\/index.php?rest_route=%2Fwp%2Fv2%2Fmedia&parent=72082"}],"wp:term":[{"taxonomy":"category","embeddable":true,"href":"http:\/\/www.24baires.com\/index.php?rest_route=%2Fwp%2Fv2%2Fcategories&post=72082"},{"taxonomy":"post_tag","embeddable":true,"href":"http:\/\/www.24baires.com\/index.php?rest_route=%2Fwp%2Fv2%2Ftags&post=72082"}],"curies":[{"name":"wp","href":"https:\/\/api.w.org\/{rel}","templated":true}]}}