{"id":72055,"date":"2015-09-14T11:00:46","date_gmt":"2015-09-14T14:00:46","guid":{"rendered":"http:\/\/www.24baires.com\/?p=72055"},"modified":"2015-09-14T16:01:31","modified_gmt":"2015-09-14T19:01:31","slug":"diputada-del-pro-admitio-que-niembro-esta-en-una-situacion-complicada","status":"publish","type":"post","link":"http:\/\/www.24baires.com\/?p=72055","title":{"rendered":"Diputada del PRO admiti\u00f3 que Niembro \u00abest\u00e1 en una situaci\u00f3n complicada\u00bb"},"content":{"rendered":"<p><img data-recalc-dims=\"1\" loading=\"lazy\" decoding=\"async\" class=\"aligncenter size-full wp-image-72036\" src=\"https:\/\/i0.wp.com\/www.24baires.com\/wp-content\/uploads\/2015\/09\/niembro2.jpg?resize=560%2C323\" alt=\"niembro2\" width=\"560\" height=\"323\" srcset=\"https:\/\/i0.wp.com\/www.24baires.com\/wp-content\/uploads\/2015\/09\/niembro2.jpg?w=560 560w, https:\/\/i0.wp.com\/www.24baires.com\/wp-content\/uploads\/2015\/09\/niembro2.jpg?resize=300%2C173 300w\" sizes=\"auto, (max-width: 560px) 100vw, 560px\" \/>Patricia Bullrich reconoci\u00f3 que las denuncias contra el periodista y candidato a diputado por Cambiemos \u00abpueden afectar su campa\u00f1a\u00bb. La semana pasada ya hab\u00eda considerado que era importante que el bloque macrista respondiera a las acusaciones.<!--more--><\/p>\n<p>Patricia Bullrich (PRO) volvi\u00f3 a hablar sobre las acusaciones que recaen sobre \u00abLa Usina Producciones\u00bb, empresa fundada por el periodista y candidato a diputado nacional por Cambiemos, Fernando Niembro, indicando que \u00abNiembro est\u00e1 en una situaci\u00f3n complicada y eso le puede estar generando a \u00e9l una campa\u00f1a dif\u00edcil\u00bb.<\/p>\n<p>La semana pasada Bullrich ya se hab\u00eda expresado tras el pedido de informe presentado por sus pares del Frente para la Victoria sobre las contrataciones a las que accedi\u00f3 la empresa vinculada al candidato macrista, y hab\u00eda afirmado: \u00abMe parece bien responder para que las cosas se aclaren\u00bb.<\/p>\n<p>Por otro lado y en cuanto a la reuni\u00f3n de hoy con la C\u00e1mara Nacional Electoral, a quienes les alcanzar\u00e1n, junto a distintos frentes, las sugerencias acordadas d\u00edas atr\u00e1s con vistas a las elecciones generales del mes que viene, la diputada precis\u00f3 a Radio 10 que entre los puntos m\u00e1s importantes est\u00e1 que \u00abtiene que haber un mecanismo que gartantice que no haya ciudadanos que no puedan votar por el robo de boletas\u00bb.<\/p>\n<p>\u00abHubo en muchas partes, sobre todo en la provincia de Buenos Aires, un insensante robo de boletas\u00bb, sostuvo la diputada y agreg\u00f3: \u00ablo que nosotros estamos planteando es que como se han resistido al cambio de sistema, han planteado otros cambios en la ley pero no este, es l\u00f3gico que haya una zona gris de desconfianza\u00bb.<\/p>\n<p>&nbsp;<\/p>\n<p>&nbsp;<\/p>\n<p>&nbsp;<\/p>\n<p>&nbsp;<\/p>\n<p>&nbsp;<\/p>\n<p>&nbsp;<\/p>\n<p>&nbsp;<\/p>\n<p>&nbsp;<\/p>\n<p>&nbsp;<\/p>\n<p>&nbsp;<\/p>\n<p>&nbsp;<\/p>\n<p>&nbsp;<\/p>\n<p>&nbsp;<\/p>\n<p>&nbsp;<\/p>\n<p>&nbsp;<\/p>\n<p>&nbsp;<\/p>\n<p>&nbsp;<\/p>\n","protected":false},"excerpt":{"rendered":"<p>Patricia Bullrich reconoci\u00f3 que las denuncias contra el periodista y candidato a diputado por Cambiemos \u00abpueden afectar su campa\u00f1a\u00bb. La semana pasada ya hab\u00eda considerado que era importante que el bloque macrista respondiera a las acusaciones.<\/p>\n","protected":false},"author":8,"featured_media":0,"comment_status":"open","ping_status":"open","sticky":false,"template":"","format":"standard","meta":{"_jetpack_newsletter_access":"","_jetpack_dont_email_post_to_subs":false,"_jetpack_newsletter_tier_id":0,"_jetpack_memberships_contains_paywalled_content":false,"_jetpack_memberships_contains_paid_content":false,"footnotes":""},"categories":[51],"tags":[],"class_list":["post-72055","post","type-post","status-publish","format-standard","hentry","category-politica"],"jetpack_shortlink":"https:\/\/wp.me\/p2JWE0-iKb","jetpack-related-posts":[{"id":71713,"url":"http:\/\/www.24baires.com\/?p=71713","url_meta":{"origin":72055,"position":0},"title":"Banco Ciudad y el gobierno porte\u00f1o, \u00fanicos clientes de La Usina Producciones","author":"GB","date":"06\/09\/2015","format":false,"excerpt":"La empresa vinculada al candidato a diputado del Pro Fernando Niembro le factur\u00f3 $21 millones al gobierno porte\u00f1o con procedimientos irregulares y firm\u00f3 un contrato con el banco para difundir publicidad. Hoy se conocieron m\u00e1s datos sobre los movimientos contractuales y facturaci\u00f3n de \"La Usina Producciones\", la empresa cuya titularidad\u2026","rel":"","context":"En \u00abPol\u00edtica\u00bb","block_context":{"text":"Pol\u00edtica","link":"http:\/\/www.24baires.com\/?cat=51"},"img":{"alt_text":"macri niembro","src":"https:\/\/i0.wp.com\/www.24baires.com\/wp-content\/uploads\/2015\/09\/macri-niembro.jpg?resize=350%2C200","width":350,"height":200,"srcset":"https:\/\/i0.wp.com\/www.24baires.com\/wp-content\/uploads\/2015\/09\/macri-niembro.jpg?resize=350%2C200 1x, https:\/\/i0.wp.com\/www.24baires.com\/wp-content\/uploads\/2015\/09\/macri-niembro.jpg?resize=525%2C300 1.5x"},"classes":[]},{"id":71886,"url":"http:\/\/www.24baires.com\/?p=71886","url_meta":{"origin":72055,"position":1},"title":"Stolbizer contra Macri: \u00ab\u00bfCu\u00e1ntos Niembros m\u00e1s tiene la Ciudad?\u00bb","author":"GB","date":"09\/09\/2015","format":false,"excerpt":"\"\u00bfCu\u00e1ntos Niembros m\u00e1s tiene el gobierno de CABA?\", se pregunt\u00f3 la candidata a presidenta de Progresistas, en referencia al acuerdo electoral que tienen Carri\u00f3 y el radicalismo con el PRO y las irregularidades como las detectadas en los contratos que involucraron al gobierno de la ciudad y al periodista. La\u2026","rel":"","context":"En \u00abElecciones 2015\u00bb","block_context":{"text":"Elecciones 2015","link":"http:\/\/www.24baires.com\/?cat=74"},"img":{"alt_text":"Stolbizer2","src":"https:\/\/i0.wp.com\/www.24baires.com\/wp-content\/uploads\/2014\/08\/Stolbizer2.jpg?resize=350%2C200","width":350,"height":200,"srcset":"https:\/\/i0.wp.com\/www.24baires.com\/wp-content\/uploads\/2014\/08\/Stolbizer2.jpg?resize=350%2C200 1x, https:\/\/i0.wp.com\/www.24baires.com\/wp-content\/uploads\/2014\/08\/Stolbizer2.jpg?resize=525%2C300 1.5x"},"classes":[]},{"id":71842,"url":"http:\/\/www.24baires.com\/?p=71842","url_meta":{"origin":72055,"position":2},"title":"Niembro decidi\u00f3 no renunciar a su candidatura","author":"GB","date":"08\/09\/2015","format":false,"excerpt":"El periodista deportivo y candidato a diputado del PRO en Provincia, Fernando Niembro, consider\u00f3 a Radio 10 que la denuncia por supuestas contrataciones irregulares forma parte de una \"campa\u00f1a sucia\" que se hace contra \u00e9l y recalc\u00f3 que no va a renunciar a su candidatura. \"No tengo nada que ocultar\",\u2026","rel":"","context":"En \u00abElecciones 2015\u00bb","block_context":{"text":"Elecciones 2015","link":"http:\/\/www.24baires.com\/?cat=74"},"img":{"alt_text":"niembro","src":"https:\/\/i0.wp.com\/www.24baires.com\/wp-content\/uploads\/2015\/09\/niembro.jpg?resize=350%2C200","width":350,"height":200,"srcset":"https:\/\/i0.wp.com\/www.24baires.com\/wp-content\/uploads\/2015\/09\/niembro.jpg?resize=350%2C200 1x, https:\/\/i0.wp.com\/www.24baires.com\/wp-content\/uploads\/2015\/09\/niembro.jpg?resize=525%2C300 1.5x"},"classes":[]},{"id":72215,"url":"http:\/\/www.24baires.com\/?p=72215","url_meta":{"origin":72055,"position":3},"title":"Finalmente Niembro declin\u00f3 su candidatura","author":"GB","date":"16\/09\/2015","format":false,"excerpt":"El periodista ya no se postular\u00e1 por el frente Cambiemos en la provincia de Buenos Aires, luego de que presentara este mediod\u00eda su renuncia en medio del esc\u00e1ndalo de las contrataciones millonarias entre una productora de su propiedad y el gobierno porte\u00f1o. El periodista deportivo Fernando Niembro renunci\u00f3 a su\u2026","rel":"","context":"En \u00abElecciones 2015\u00bb","block_context":{"text":"Elecciones 2015","link":"http:\/\/www.24baires.com\/?cat=74"},"img":{"alt_text":"fernando_niembro","src":"https:\/\/i0.wp.com\/www.24baires.com\/wp-content\/uploads\/2015\/07\/fernando_niembro.jpg?resize=350%2C200","width":350,"height":200,"srcset":"https:\/\/i0.wp.com\/www.24baires.com\/wp-content\/uploads\/2015\/07\/fernando_niembro.jpg?resize=350%2C200 1x, https:\/\/i0.wp.com\/www.24baires.com\/wp-content\/uploads\/2015\/07\/fernando_niembro.jpg?resize=525%2C300 1.5x"},"classes":[]},{"id":71780,"url":"http:\/\/www.24baires.com\/?p=71780","url_meta":{"origin":72055,"position":4},"title":"El socio de Niembro en La Usina tambi\u00e9n es candidato de Cambiemos por la Provincia","author":"AF","date":"07\/09\/2015","format":false,"excerpt":"Atilio Alberto Meza, quien qued\u00f3 al frente de la empresa tras la salida del periodista y primer candidato a diputado del macrismo, ocupa el puesto de suplente n\u00famero 13 en la boleta en la provincia de Buenos Aires. El socio de Fernando Niembro en La Usina Producciones, Alberto Atilio Meza,\u2026","rel":"","context":"En \u00abElecciones 2015\u00bb","block_context":{"text":"Elecciones 2015","link":"http:\/\/www.24baires.com\/?cat=74"},"img":{"alt_text":"","src":"","width":0,"height":0},"classes":[]},{"id":108185,"url":"http:\/\/www.24baires.com\/?p=108185","url_meta":{"origin":72055,"position":5},"title":"Cambiemos al rojo vivo: cruces violentos entre Carri\u00f3 y Marcos Pe\u00f1a","author":"AF","date":"15\/05\/2019","format":false,"excerpt":"La diputada cuestion\u00f3 con dureza a Frigerio y Bullrich tras la derrota en C\u00f3rdoba. Solo reconoci\u00f3 a Rodr\u00edguez Larreta y Vidal. En Cambiemos siguieron comiendo facturas. Pases de factura. La l\u00edder de la Coalici\u00f3n C\u00edvica, Elisa Carri\u00f3, respondi\u00f3 al Gobierno por el malestar con sus cr\u00edticas tras la elecci\u00f3n de\u2026","rel":"","context":"En \u00abPol\u00edtica\u00bb","block_context":{"text":"Pol\u00edtica","link":"http:\/\/www.24baires.com\/?cat=51"},"img":{"alt_text":"","src":"https:\/\/i0.wp.com\/www.24baires.com\/wp-content\/uploads\/2019\/05\/carrio-pe%C3%B1a.jpg?resize=350%2C200","width":350,"height":200,"srcset":"https:\/\/i0.wp.com\/www.24baires.com\/wp-content\/uploads\/2019\/05\/carrio-pe%C3%B1a.jpg?resize=350%2C200 1x, https:\/\/i0.wp.com\/www.24baires.com\/wp-content\/uploads\/2019\/05\/carrio-pe%C3%B1a.jpg?resize=525%2C300 1.5x"},"classes":[]}],"jetpack_sharing_enabled":true,"jetpack_likes_enabled":true,"jetpack_featured_media_url":"","_links":{"self":[{"href":"http:\/\/www.24baires.com\/index.php?rest_route=\/wp\/v2\/posts\/72055","targetHints":{"allow":["GET"]}}],"collection":[{"href":"http:\/\/www.24baires.com\/index.php?rest_route=\/wp\/v2\/posts"}],"about":[{"href":"http:\/\/www.24baires.com\/index.php?rest_route=\/wp\/v2\/types\/post"}],"author":[{"embeddable":true,"href":"http:\/\/www.24baires.com\/index.php?rest_route=\/wp\/v2\/users\/8"}],"replies":[{"embeddable":true,"href":"http:\/\/www.24baires.com\/index.php?rest_route=%2Fwp%2Fv2%2Fcomments&post=72055"}],"version-history":[{"count":2,"href":"http:\/\/www.24baires.com\/index.php?rest_route=\/wp\/v2\/posts\/72055\/revisions"}],"predecessor-version":[{"id":72085,"href":"http:\/\/www.24baires.com\/index.php?rest_route=\/wp\/v2\/posts\/72055\/revisions\/72085"}],"wp:attachment":[{"href":"http:\/\/www.24baires.com\/index.php?rest_route=%2Fwp%2Fv2%2Fmedia&parent=72055"}],"wp:term":[{"taxonomy":"category","embeddable":true,"href":"http:\/\/www.24baires.com\/index.php?rest_route=%2Fwp%2Fv2%2Fcategories&post=72055"},{"taxonomy":"post_tag","embeddable":true,"href":"http:\/\/www.24baires.com\/index.php?rest_route=%2Fwp%2Fv2%2Ftags&post=72055"}],"curies":[{"name":"wp","href":"https:\/\/api.w.org\/{rel}","templated":true}]}}