{"id":72035,"date":"2015-09-13T13:00:19","date_gmt":"2015-09-13T16:00:19","guid":{"rendered":"http:\/\/www.24baires.com\/?p=72035"},"modified":"2015-09-13T12:21:40","modified_gmt":"2015-09-13T15:21:40","slug":"el-socio-de-niembro-en-la-usina-fue-agente-de-inteligencia-del-menemismo","status":"publish","type":"post","link":"http:\/\/www.24baires.com\/?p=72035","title":{"rendered":"El socio de Niembro en La Usina fue agente de inteligencia del menemismo"},"content":{"rendered":"<p><img data-recalc-dims=\"1\" loading=\"lazy\" decoding=\"async\" class=\"aligncenter size-full wp-image-72036\" src=\"https:\/\/i0.wp.com\/www.24baires.com\/wp-content\/uploads\/2015\/09\/niembro2.jpg?resize=560%2C323\" alt=\"niembro2\" width=\"560\" height=\"323\" srcset=\"https:\/\/i0.wp.com\/www.24baires.com\/wp-content\/uploads\/2015\/09\/niembro2.jpg?w=560 560w, https:\/\/i0.wp.com\/www.24baires.com\/wp-content\/uploads\/2015\/09\/niembro2.jpg?resize=300%2C173 300w\" sizes=\"auto, (max-width: 560px) 100vw, 560px\" \/>Atilio Meza, socio y fundador junto a Fernando Niembro de La Usina Producciones, integr\u00f3 la Secretaria de Inteligencia de Estado, actual AFI, a la que se incorpor\u00f3 durante el primer gobierno de Menem y en la que actu\u00f3 hasta el a\u00f1o 2000 cuando renunci\u00f3 agradeciendo \u201clas gratificaciones personales que pude obtener como consecuencias de mi pertenencia al organismo\u00bb.<!--more--><\/p>\n<p>En el a\u00f1o 2012, el periodista deportivo y devenido dirigente de Pro, fund\u00f3 La Usina Producciones junto a Atilio Alberto Meza, empresa que en sus tres a\u00f1os de existencia firm\u00f3 casi dos centenares de contratos con el gobierno porte\u00f1o y el Banco Ciudad por una suma que super\u00f3 los 23 millones de pesos.<\/p>\n<p>En un art\u00edculo publicado hoy por el Tiempo Argentino, consigna que en el a\u00f1o 94, durante el primer mandato de Carlos Menem, Meza se incorpor\u00f3 a la Secretar\u00eda de Inteligencia del Estado (SIDE), tiempo en el que Niembro se desempe\u00f1\u00f3 como secretario de Comunicaci\u00f3n y vocero presidencial.<\/p>\n<p>Seg\u00fan lo publicado hoy, Meza ingres\u00f3 a la SIDE el 18 de julio de 1994, pocas semanas despu\u00e9s del atentado a la AMIA, mientras era titular Hugo Anzorreguy, hoy procesado por supuesto encubrimiento al atentado a la mutual jud\u00eda, puesto al que habr\u00eda accedido \u201cpor recomendaci\u00f3n de Niembro\u201d.<\/p>\n<p>Las sospechas sobre el v\u00ednculo con el mundo de los esp\u00edas por parte de los socios en La Usina Producciones y compa\u00f1eros de la lista de candidato bonaerenses de Cambiemos, se refuerza con la elecci\u00f3n que hizo Niembro a la hora de designar a su abogado defensor.<\/p>\n<p>Desatado el esc\u00e1ndalo por la millonaria facturaci\u00f3n pautada con el gobierno porte\u00f1o, Fernando Niembro apel\u00f3 al estudio de abogados Anzorreguy para defenderse y su representaci\u00f3n ante la justicia qued\u00f3 en manos de Jorge Anzorreguy, hermano del ex jefe de los esp\u00edas, que defiende tambi\u00e9n a Hugo Jinks, uno de los empresarios argentinos acusados por corrupci\u00f3n en la FIFA.<\/p>\n<p>Meza dej\u00f3 la ex SIDE el 28 de febrero de 2000 aduciendo motivos personales y en la carta de despedida agradeci\u00f3 \u00abel respaldo recibido\u00bb y \u201clas gratificaciones personales que pude obtener como consecuencias de mi pertenencia al organismo\u00bb.<\/p>\n<p>D\u00edas atr\u00e1s Niembro asegur\u00f3 que Meza no continuar\u00eda como candidato a diputado por la provincia de Buenos Aires por Cambiemos, sin embargo a\u00fan no hubo ninguna notificaci\u00f3n oficial que anuncia que el empresario y ex esp\u00eda haya sido apartado de su postulaci\u00f3n.<\/p>\n","protected":false},"excerpt":{"rendered":"<p>Atilio Meza, socio y fundador junto a Fernando Niembro de La Usina Producciones, integr\u00f3 la Secretaria de Inteligencia de Estado, actual AFI, a la que se incorpor\u00f3 durante el primer gobierno de Menem y en la que actu\u00f3 hasta el a\u00f1o 2000 cuando renunci\u00f3 agradeciendo \u201clas gratificaciones personales que pude obtener como consecuencias de mi pertenencia al organismo\u00bb.<\/p>\n","protected":false},"author":4,"featured_media":0,"comment_status":"open","ping_status":"open","sticky":false,"template":"","format":"standard","meta":{"_jetpack_newsletter_access":"","_jetpack_dont_email_post_to_subs":false,"_jetpack_newsletter_tier_id":0,"_jetpack_memberships_contains_paywalled_content":false,"_jetpack_memberships_contains_paid_content":false,"footnotes":""},"categories":[51],"tags":[],"class_list":["post-72035","post","type-post","status-publish","format-standard","hentry","category-politica"],"jetpack_shortlink":"https:\/\/wp.me\/p2JWE0-iJR","jetpack-related-posts":[{"id":71780,"url":"http:\/\/www.24baires.com\/?p=71780","url_meta":{"origin":72035,"position":0},"title":"El socio de Niembro en La Usina tambi\u00e9n es candidato de Cambiemos por la Provincia","author":"AF","date":"07\/09\/2015","format":false,"excerpt":"Atilio Alberto Meza, quien qued\u00f3 al frente de la empresa tras la salida del periodista y primer candidato a diputado del macrismo, ocupa el puesto de suplente n\u00famero 13 en la boleta en la provincia de Buenos Aires. El socio de Fernando Niembro en La Usina Producciones, Alberto Atilio Meza,\u2026","rel":"","context":"En \u00abElecciones 2015\u00bb","block_context":{"text":"Elecciones 2015","link":"http:\/\/www.24baires.com\/?cat=74"},"img":{"alt_text":"","src":"","width":0,"height":0},"classes":[]},{"id":71713,"url":"http:\/\/www.24baires.com\/?p=71713","url_meta":{"origin":72035,"position":1},"title":"Banco Ciudad y el gobierno porte\u00f1o, \u00fanicos clientes de La Usina Producciones","author":"GB","date":"06\/09\/2015","format":false,"excerpt":"La empresa vinculada al candidato a diputado del Pro Fernando Niembro le factur\u00f3 $21 millones al gobierno porte\u00f1o con procedimientos irregulares y firm\u00f3 un contrato con el banco para difundir publicidad. Hoy se conocieron m\u00e1s datos sobre los movimientos contractuales y facturaci\u00f3n de \"La Usina Producciones\", la empresa cuya titularidad\u2026","rel":"","context":"En \u00abPol\u00edtica\u00bb","block_context":{"text":"Pol\u00edtica","link":"http:\/\/www.24baires.com\/?cat=51"},"img":{"alt_text":"macri niembro","src":"https:\/\/i0.wp.com\/www.24baires.com\/wp-content\/uploads\/2015\/09\/macri-niembro.jpg?resize=350%2C200","width":350,"height":200,"srcset":"https:\/\/i0.wp.com\/www.24baires.com\/wp-content\/uploads\/2015\/09\/macri-niembro.jpg?resize=350%2C200 1x, https:\/\/i0.wp.com\/www.24baires.com\/wp-content\/uploads\/2015\/09\/macri-niembro.jpg?resize=525%2C300 1.5x"},"classes":[]},{"id":71748,"url":"http:\/\/www.24baires.com\/?p=71748","url_meta":{"origin":72035,"position":2},"title":"Allanaron dependencias del gobierno porte\u00f1o y de la empresa vinculada a Niembro","author":"GB","date":"07\/09\/2015","format":false,"excerpt":"Los allanamientos, llevados a cabo por la fiscal\u00eda de instrucci\u00f3n n\u00famero 43, a cargo del fiscal Carlos Velarde, fueron realizados en las \u00faltimas horas en oficinas del Ejecutivo porte\u00f1o y de La Usina Producciones, firma del periodista y candidato por Cambiemos El fiscal a cargo de la causa que investiga\u2026","rel":"","context":"En \u00abJUDICIALES\u00bb","block_context":{"text":"JUDICIALES","link":"http:\/\/www.24baires.com\/?cat=68"},"img":{"alt_text":"macri niembro","src":"https:\/\/i0.wp.com\/www.24baires.com\/wp-content\/uploads\/2015\/09\/macri-niembro.jpg?resize=350%2C200","width":350,"height":200,"srcset":"https:\/\/i0.wp.com\/www.24baires.com\/wp-content\/uploads\/2015\/09\/macri-niembro.jpg?resize=350%2C200 1x, https:\/\/i0.wp.com\/www.24baires.com\/wp-content\/uploads\/2015\/09\/macri-niembro.jpg?resize=525%2C300 1.5x"},"classes":[]},{"id":95304,"url":"http:\/\/www.24baires.com\/?p=95304","url_meta":{"origin":72035,"position":3},"title":"Apelaron el sobreseimiento de Niembro","author":"GB","date":"19\/06\/2017","format":false,"excerpt":"A una semana de la coincidencia entre su retorno a la radio y la decisi\u00f3n judicial de dejarlo libre de culpa y cargo por las irregularidades en los millonarios contratos entre su productora y el gobierno porte\u00f1o, el fiscal de instrucci\u00f3n recurri\u00f3 la absoluci\u00f3n al considerarla \"prematura\" y basada s\u00f3lo\u2026","rel":"","context":"En \u00abPol\u00edtica\u00bb","block_context":{"text":"Pol\u00edtica","link":"http:\/\/www.24baires.com\/?cat=51"},"img":{"alt_text":"","src":"https:\/\/i0.wp.com\/www.24baires.com\/wp-content\/uploads\/2015\/09\/macri-niembro.jpg?resize=350%2C200","width":350,"height":200,"srcset":"https:\/\/i0.wp.com\/www.24baires.com\/wp-content\/uploads\/2015\/09\/macri-niembro.jpg?resize=350%2C200 1x, https:\/\/i0.wp.com\/www.24baires.com\/wp-content\/uploads\/2015\/09\/macri-niembro.jpg?resize=525%2C300 1.5x"},"classes":[]},{"id":71795,"url":"http:\/\/www.24baires.com\/?p=71795","url_meta":{"origin":72035,"position":4},"title":"Piden que Niembro baje su candidatura por el esc\u00e1ndalo de La Usina","author":"AF","date":"08\/09\/2015","format":false,"excerpt":"El legislador bonaerense, del FpV, Guido Lorenzino, consider\u00f3 que \"lo m\u00e1s digno ser\u00eda\" que el periodista y candidato a diputado nacional de la provincia de Buenos Aires por Cambiemos desista de su postulaci\u00f3n. As\u00ed se manifest\u00f3 Lorenzino en declaraciones a FM Delta, tras calificar dichos contratos como un \"esc\u00e1ndalo\", luego\u2026","rel":"","context":"En \u00abElecciones 2015\u00bb","block_context":{"text":"Elecciones 2015","link":"http:\/\/www.24baires.com\/?cat=74"},"img":{"alt_text":"","src":"https:\/\/i0.wp.com\/www.24baires.com\/wp-content\/uploads\/2015\/09\/niembro.jpg?resize=350%2C200","width":350,"height":200,"srcset":"https:\/\/i0.wp.com\/www.24baires.com\/wp-content\/uploads\/2015\/09\/niembro.jpg?resize=350%2C200 1x, https:\/\/i0.wp.com\/www.24baires.com\/wp-content\/uploads\/2015\/09\/niembro.jpg?resize=525%2C300 1.5x"},"classes":[]},{"id":71842,"url":"http:\/\/www.24baires.com\/?p=71842","url_meta":{"origin":72035,"position":5},"title":"Niembro decidi\u00f3 no renunciar a su candidatura","author":"GB","date":"08\/09\/2015","format":false,"excerpt":"El periodista deportivo y candidato a diputado del PRO en Provincia, Fernando Niembro, consider\u00f3 a Radio 10 que la denuncia por supuestas contrataciones irregulares forma parte de una \"campa\u00f1a sucia\" que se hace contra \u00e9l y recalc\u00f3 que no va a renunciar a su candidatura. \"No tengo nada que ocultar\",\u2026","rel":"","context":"En \u00abElecciones 2015\u00bb","block_context":{"text":"Elecciones 2015","link":"http:\/\/www.24baires.com\/?cat=74"},"img":{"alt_text":"niembro","src":"https:\/\/i0.wp.com\/www.24baires.com\/wp-content\/uploads\/2015\/09\/niembro.jpg?resize=350%2C200","width":350,"height":200,"srcset":"https:\/\/i0.wp.com\/www.24baires.com\/wp-content\/uploads\/2015\/09\/niembro.jpg?resize=350%2C200 1x, https:\/\/i0.wp.com\/www.24baires.com\/wp-content\/uploads\/2015\/09\/niembro.jpg?resize=525%2C300 1.5x"},"classes":[]}],"jetpack_sharing_enabled":true,"jetpack_likes_enabled":true,"jetpack_featured_media_url":"","_links":{"self":[{"href":"http:\/\/www.24baires.com\/index.php?rest_route=\/wp\/v2\/posts\/72035","targetHints":{"allow":["GET"]}}],"collection":[{"href":"http:\/\/www.24baires.com\/index.php?rest_route=\/wp\/v2\/posts"}],"about":[{"href":"http:\/\/www.24baires.com\/index.php?rest_route=\/wp\/v2\/types\/post"}],"author":[{"embeddable":true,"href":"http:\/\/www.24baires.com\/index.php?rest_route=\/wp\/v2\/users\/4"}],"replies":[{"embeddable":true,"href":"http:\/\/www.24baires.com\/index.php?rest_route=%2Fwp%2Fv2%2Fcomments&post=72035"}],"version-history":[{"count":1,"href":"http:\/\/www.24baires.com\/index.php?rest_route=\/wp\/v2\/posts\/72035\/revisions"}],"predecessor-version":[{"id":72037,"href":"http:\/\/www.24baires.com\/index.php?rest_route=\/wp\/v2\/posts\/72035\/revisions\/72037"}],"wp:attachment":[{"href":"http:\/\/www.24baires.com\/index.php?rest_route=%2Fwp%2Fv2%2Fmedia&parent=72035"}],"wp:term":[{"taxonomy":"category","embeddable":true,"href":"http:\/\/www.24baires.com\/index.php?rest_route=%2Fwp%2Fv2%2Fcategories&post=72035"},{"taxonomy":"post_tag","embeddable":true,"href":"http:\/\/www.24baires.com\/index.php?rest_route=%2Fwp%2Fv2%2Ftags&post=72035"}],"curies":[{"name":"wp","href":"https:\/\/api.w.org\/{rel}","templated":true}]}}