{"id":72018,"date":"2015-09-12T16:30:39","date_gmt":"2015-09-12T19:30:39","guid":{"rendered":"http:\/\/www.24baires.com\/?p=72018"},"modified":"2015-09-12T14:18:43","modified_gmt":"2015-09-12T17:18:43","slug":"cristina-celebro-victoria-de-jeremy-corbyn-en-el-laborismo-britanico","status":"publish","type":"post","link":"http:\/\/www.24baires.com\/?p=72018","title":{"rendered":"Cristina celebr\u00f3 victoria de Jeremy Corbyn en el Laborismo brit\u00e1nico"},"content":{"rendered":"<p><img data-recalc-dims=\"1\" loading=\"lazy\" decoding=\"async\" class=\"aligncenter size-full wp-image-70904\" src=\"https:\/\/i0.wp.com\/www.24baires.com\/wp-content\/uploads\/2015\/08\/cristina-cadena.jpg?resize=560%2C313\" alt=\"cristina cadena\" width=\"560\" height=\"313\" srcset=\"https:\/\/i0.wp.com\/www.24baires.com\/wp-content\/uploads\/2015\/08\/cristina-cadena.jpg?w=560 560w, https:\/\/i0.wp.com\/www.24baires.com\/wp-content\/uploads\/2015\/08\/cristina-cadena.jpg?resize=300%2C168 300w\" sizes=\"auto, (max-width: 560px) 100vw, 560px\" \/>La Presidenta envi\u00f3 una carta de salutaci\u00f3n al nuevo l\u00edder del Partido Laborista del Reino Unido, Jeremy Corbyn, en la que destaca la importancia de poner \u00abla pol\u00edtica al servicio de los pueblos y la econom\u00eda al servicio del bienestar de todos los ciudadanos\u00bb y consider\u00f3 que \u00abha triunfado la esperanza\u00bb.<!--more--><\/p>\n<p>\u00abEl Gobierno de la Rep\u00fablica Argentina extiende sus felicitaciones al nuevo l\u00edder del Partido Laborista del Reino Unido, Jeremy Corbyn\u00bb, indica el texto a poco de conocerse que Corbyn result\u00f3 ganador en las elecciones primarias y que ha vencido con un 59,5% de los votos emitidos.<\/p>\n<p>La carta subraya que \u00ab\u00e9ste es tambi\u00e9n el triunfo de todos quienes representamos la voluntad de poner la pol\u00edtica al servicio de los pueblos, y la econom\u00eda al servicio del bienestar de todos los ciudadanos. Tambi\u00e9n de quienes abogamos por la Paz y la resoluci\u00f3n pac\u00edfica de los conflictos\u00bb.<\/p>\n<p>\u00abJeremy Corbyn es el gran amigo de Am\u00e9rica Latina y comparte solidariamente nuestra reivindicaci\u00f3n de la igualdad y la soberan\u00eda pol\u00edtica\u00bb, destaca la Primera Mandataria, quien asever\u00f3 que Corbyn \u00abse ha expresado claramente en el Parlamento brit\u00e1nico a favor de la Argentina en nuestra lucha por los derechos humanos, contra los intereses usurarios de los fondos buitre y acompa\u00f1a activamente el llamamiento de la comunidad internacional a favor del di\u00e1logo entre el Reino Unido y Argentina en la cuesti\u00f3n Malvinas\u00bb.<\/p>\n<p>Por este motivo concluye, \u00abhoy ha triunfado la esperanza\u00bb.<\/p>\n","protected":false},"excerpt":{"rendered":"<p>La Presidenta envi\u00f3 una carta de salutaci\u00f3n al nuevo l\u00edder del Partido Laborista del Reino Unido, Jeremy Corbyn, en la que destaca la importancia de poner \u00abla pol\u00edtica al servicio de los pueblos y la econom\u00eda al servicio del bienestar de todos los ciudadanos\u00bb y consider\u00f3 que \u00abha triunfado la esperanza\u00bb.<\/p>\n","protected":false},"author":8,"featured_media":0,"comment_status":"open","ping_status":"open","sticky":false,"template":"","format":"standard","meta":{"_jetpack_newsletter_access":"","_jetpack_dont_email_post_to_subs":false,"_jetpack_newsletter_tier_id":0,"_jetpack_memberships_contains_paywalled_content":false,"_jetpack_memberships_contains_paid_content":false,"footnotes":""},"categories":[51],"tags":[],"class_list":["post-72018","post","type-post","status-publish","format-standard","hentry","category-politica"],"jetpack_shortlink":"https:\/\/wp.me\/p2JWE0-iJA","jetpack-related-posts":[{"id":72873,"url":"http:\/\/www.24baires.com\/?p=72873","url_meta":{"origin":72018,"position":0},"title":"\u00abNadie puede dudar del compromiso de Cristina con Malvinas\u00bb","author":"GB","date":"29\/09\/2015","format":false,"excerpt":"Lo afirm\u00f3 el canciller H\u00e9ctor Timerman en referencia al discurso de ayer de Cristina Fern\u00e1ndez de Kirchner ante la ONU. Timerman explic\u00f3: \u201cCada presidente tiene un tiempo limitado para los discursos ante la Asamblea General de las Naciones Unidas (ONU) y, en este momento, prioriz\u00f3 otros temas\u201d. Sin embargo, sostuvo\u2026","rel":"","context":"En \u00abPol\u00edtica\u00bb","block_context":{"text":"Pol\u00edtica","link":"http:\/\/www.24baires.com\/?cat=51"},"img":{"alt_text":"timerman","src":"https:\/\/i0.wp.com\/www.24baires.com\/wp-content\/uploads\/2014\/08\/timerman.jpg?resize=350%2C200","width":350,"height":200,"srcset":"https:\/\/i0.wp.com\/www.24baires.com\/wp-content\/uploads\/2014\/08\/timerman.jpg?resize=350%2C200 1x, https:\/\/i0.wp.com\/www.24baires.com\/wp-content\/uploads\/2014\/08\/timerman.jpg?resize=525%2C300 1.5x"},"classes":[]},{"id":71434,"url":"http:\/\/www.24baires.com\/?p=71434","url_meta":{"origin":72018,"position":1},"title":"El 40% de los ingleses apoya el di\u00e1logo con Argentina por Malvinas","author":"AF","date":"31\/08\/2015","format":false,"excerpt":"Lo revel\u00f3 una encuesta del diario online Mirror.co.uk, luego de la pol\u00e9mica que comenz\u00f3 con las declaraciones a favor del di\u00e1logo de Jeremy Corbyn, el dirigente del Partido Laborista de Inglaterra que se encamina a liderarlo luego de las elecciones internas del 10 de septiembre. Una encuesta del diario online\u2026","rel":"","context":"En \u00abInternacionales\u00bb","block_context":{"text":"Internacionales","link":"http:\/\/www.24baires.com\/?cat=73"},"img":{"alt_text":"malvinas aerea","src":"https:\/\/i0.wp.com\/www.24baires.com\/wp-content\/uploads\/2013\/02\/malvinas-aerea-300x200.jpg?resize=350%2C200","width":350,"height":200},"classes":[]},{"id":94963,"url":"http:\/\/www.24baires.com\/?p=94963","url_meta":{"origin":72018,"position":2},"title":"Atentados en Londres: 7 v\u00edctimas y 3 atacantes muertos y 50 heridos","author":"GB","date":"04\/06\/2017","format":false,"excerpt":"La polic\u00eda confirm\u00f3 que los violentos episodios se trataron de ataques terroristas. De acuerdo con lo reconstruido hasta el momento, una camioneta con tres atropell\u00f3 a cerca de 20 personas en un puente y luego atacaron con cuchillos de caza a varias personas en Borough Market. De acuerdo con el\u2026","rel":"","context":"En \u00abInternacionales\u00bb","block_context":{"text":"Internacionales","link":"http:\/\/www.24baires.com\/?cat=73"},"img":{"alt_text":"","src":"https:\/\/i0.wp.com\/www.24baires.com\/wp-content\/uploads\/2017\/06\/atentado-londres.jpg?resize=350%2C200","width":350,"height":200,"srcset":"https:\/\/i0.wp.com\/www.24baires.com\/wp-content\/uploads\/2017\/06\/atentado-londres.jpg?resize=350%2C200 1x, https:\/\/i0.wp.com\/www.24baires.com\/wp-content\/uploads\/2017\/06\/atentado-londres.jpg?resize=525%2C300 1.5x"},"classes":[]},{"id":58576,"url":"http:\/\/www.24baires.com\/?p=58576","url_meta":{"origin":72018,"position":3},"title":"Top Gear sigue provocando con el tema Malvinas, ahora con el trailer","author":"Grupo Sierra","date":"13\/12\/2014","format":false,"excerpt":"Semanas atr\u00e1s se filmaron im\u00e1genes en territorio argentino y los protagonistas generaron malestar en la poblaci\u00f3n. La cadena p\u00fablica brit\u00e1nica ya hab\u00eda anunciado que emitir\u00e1 durante Navidad el episodio del programa automovil\u00edstico. D\u00edas atr\u00e1s, la embajadora argentina en Reino Unido, Alicia Castro, denunci\u00f3 que el auto de \"Top Gear\" llevaba\u2026","rel":"","context":"En \u00abInternacionales\u00bb","block_context":{"text":"Internacionales","link":"http:\/\/www.24baires.com\/?cat=73"},"img":{"alt_text":"","src":"https:\/\/i0.wp.com\/www.24baires.com\/wp-content\/uploads\/2014\/12\/Top-Gear-Ushuaia-Falklands-Malvinas-patente-auto.jpg?resize=350%2C200","width":350,"height":200,"srcset":"https:\/\/i0.wp.com\/www.24baires.com\/wp-content\/uploads\/2014\/12\/Top-Gear-Ushuaia-Falklands-Malvinas-patente-auto.jpg?resize=350%2C200 1x, https:\/\/i0.wp.com\/www.24baires.com\/wp-content\/uploads\/2014\/12\/Top-Gear-Ushuaia-Falklands-Malvinas-patente-auto.jpg?resize=525%2C300 1.5x"},"classes":[]},{"id":120603,"url":"http:\/\/www.24baires.com\/?p=120603","url_meta":{"origin":72018,"position":4},"title":"Cristina, de cara al balotaje: \u00abDe ac\u00e1 al 19 pongamos todo el esfuerzo\u00bb","author":"GB","date":"30\/10\/2023","format":false,"excerpt":"Ante el cruce que tendr\u00e1 como protagonistas a Sergio Massa y Javier Milei, la referente del kirchnerismo inst\u00f3 a la militancia a luchar por \"el triunfo de Uni\u00f3n por la Patria\". De cara al balotaje del pr\u00f3ximo 19 de noviembre, la vicepresidenta Cristina Kirchner pidi\u00f3 a la militancia que haga\u2026","rel":"","context":"En \u00abElecciones\u00bb","block_context":{"text":"Elecciones","link":"http:\/\/www.24baires.com\/?cat=316"},"img":{"alt_text":"","src":"https:\/\/i0.wp.com\/www.24baires.com\/wp-content\/uploads\/2022\/09\/cristinakirchnerjpg.jpg?resize=350%2C200","width":350,"height":200,"srcset":"https:\/\/i0.wp.com\/www.24baires.com\/wp-content\/uploads\/2022\/09\/cristinakirchnerjpg.jpg?resize=350%2C200 1x, https:\/\/i0.wp.com\/www.24baires.com\/wp-content\/uploads\/2022\/09\/cristinakirchnerjpg.jpg?resize=525%2C300 1.5x, https:\/\/i0.wp.com\/www.24baires.com\/wp-content\/uploads\/2022\/09\/cristinakirchnerjpg.jpg?resize=700%2C400 2x"},"classes":[]},{"id":97370,"url":"http:\/\/www.24baires.com\/?p=97370","url_meta":{"origin":72018,"position":5},"title":"Kicillof destac\u00f3 el llamado a la unidad que hizo Cristina","author":"GB","date":"12\/09\/2017","format":false,"excerpt":"El diputado nacional se sum\u00f3 a la iniciativa de la l\u00edder de Unidad Ciudadana y llam\u00f3 a darle \"un mensaje contundente\" a Macri en las urnas. El diputado nacional Axel Kicillof destac\u00f3 el llamado a la unidad que hizo ayer Cristina Fern\u00e1ndez de Kirchner y subray\u00f3 que el objetivo es\u2026","rel":"","context":"En \u00abPol\u00edtica\u00bb","block_context":{"text":"Pol\u00edtica","link":"http:\/\/www.24baires.com\/?cat=51"},"img":{"alt_text":"","src":"https:\/\/i0.wp.com\/www.24baires.com\/wp-content\/uploads\/2015\/04\/kicillof-onu.jpg?resize=350%2C200","width":350,"height":200,"srcset":"https:\/\/i0.wp.com\/www.24baires.com\/wp-content\/uploads\/2015\/04\/kicillof-onu.jpg?resize=350%2C200 1x, https:\/\/i0.wp.com\/www.24baires.com\/wp-content\/uploads\/2015\/04\/kicillof-onu.jpg?resize=525%2C300 1.5x"},"classes":[]}],"jetpack_sharing_enabled":true,"jetpack_likes_enabled":true,"jetpack_featured_media_url":"","_links":{"self":[{"href":"http:\/\/www.24baires.com\/index.php?rest_route=\/wp\/v2\/posts\/72018","targetHints":{"allow":["GET"]}}],"collection":[{"href":"http:\/\/www.24baires.com\/index.php?rest_route=\/wp\/v2\/posts"}],"about":[{"href":"http:\/\/www.24baires.com\/index.php?rest_route=\/wp\/v2\/types\/post"}],"author":[{"embeddable":true,"href":"http:\/\/www.24baires.com\/index.php?rest_route=\/wp\/v2\/users\/8"}],"replies":[{"embeddable":true,"href":"http:\/\/www.24baires.com\/index.php?rest_route=%2Fwp%2Fv2%2Fcomments&post=72018"}],"version-history":[{"count":1,"href":"http:\/\/www.24baires.com\/index.php?rest_route=\/wp\/v2\/posts\/72018\/revisions"}],"predecessor-version":[{"id":72019,"href":"http:\/\/www.24baires.com\/index.php?rest_route=\/wp\/v2\/posts\/72018\/revisions\/72019"}],"wp:attachment":[{"href":"http:\/\/www.24baires.com\/index.php?rest_route=%2Fwp%2Fv2%2Fmedia&parent=72018"}],"wp:term":[{"taxonomy":"category","embeddable":true,"href":"http:\/\/www.24baires.com\/index.php?rest_route=%2Fwp%2Fv2%2Fcategories&post=72018"},{"taxonomy":"post_tag","embeddable":true,"href":"http:\/\/www.24baires.com\/index.php?rest_route=%2Fwp%2Fv2%2Ftags&post=72018"}],"curies":[{"name":"wp","href":"https:\/\/api.w.org\/{rel}","templated":true}]}}