{"id":72014,"date":"2015-09-12T12:00:22","date_gmt":"2015-09-12T15:00:22","guid":{"rendered":"http:\/\/www.24baires.com\/?p=72014"},"modified":"2015-09-13T10:58:03","modified_gmt":"2015-09-13T13:58:03","slug":"timerman-queremos-convertir-en-ley-lo-aprobado-por-la-onu","status":"publish","type":"post","link":"http:\/\/www.24baires.com\/?p=72014","title":{"rendered":"Timerman: \u00abQueremos convertir en ley lo aprobado por la ONU\u00bb"},"content":{"rendered":"<p><img data-recalc-dims=\"1\" loading=\"lazy\" decoding=\"async\" class=\"aligncenter size-full wp-image-52714\" src=\"https:\/\/i0.wp.com\/www.24baires.com\/wp-content\/uploads\/2014\/08\/timerman.jpg?resize=560%2C333\" alt=\"timerman\" width=\"560\" height=\"333\" srcset=\"https:\/\/i0.wp.com\/www.24baires.com\/wp-content\/uploads\/2014\/08\/timerman.jpg?w=560 560w, https:\/\/i0.wp.com\/www.24baires.com\/wp-content\/uploads\/2014\/08\/timerman.jpg?resize=300%2C178 300w\" sizes=\"auto, (max-width: 560px) 100vw, 560px\" \/>El ministro de Relaciones Exteriores, H\u00e9ctor Timerman, dijo que la \u00abidea\u00bb del Gobierno nacional es que los principios aprobados esta semana en la Asamblea General de la ONU para la reestructuraci\u00f3n de deudas soberanas \u00absean convertidos en ley en la Argentina\u00bb.<!--more--><\/p>\n<p>\u00abNuestra idea es que estos principios se conviertan en ley argentina. Los nueve principios contra el accionar de los buitres los vamos a aprobar en el Congreso\u00bb, manifest\u00f3 Timerman en declaraciones a Radio del Plata, tras explicar que \u00abes necesario que los pa\u00edses tengan un resguardo de este mundo financiero sobre el que no tienen ning\u00fan tipo de protecci\u00f3n\u00bb.<\/p>\n<p>El canciller ejemplific\u00f3 con que \u00ablos derechos que tiene un ciudadano com\u00fan para resguardar su patrimonio, como por ejemplo la ley de quiebras, con los pa\u00edses no sucede, y nos parece que es tiempo de recuperar ese terreno f\u00e9rtil que le dej\u00e1bamos a los inescrupulosos\u00bb.<\/p>\n<p>\u00abSobre todo para los pa\u00edses chicos que adem\u00e1s no ten\u00edan una estructura como la nuestra y estaban siendo extorsionados por estos acreedores\u00bb, remarc\u00f3 el canciller ayer en di\u00e1logo desde Nueva York.<\/p>\n<p>En este sentido apunt\u00f3 que se trata de \u00abnueve principios b\u00e1sicos con los que es muy dif\u00edcil no estar de acuerdo, ser\u00eda como no estar de acuerdo con los diez mandamientos\u00bb; porque \u00abde alguna manera establecen l\u00edmites al agujero negro que hab\u00eda hace m\u00e1s de 30 a\u00f1os y que siempre fueron utilizados por los buitres para actuar a sus anchas\u00bb.<\/p>\n<p>Tambi\u00e9n buscan \u00abevitar que existan jueces como (el neoyorkino Thomas) Griesa y por otra parte, no s\u00f3lo no afectan a nadie sino que buscan que se respete la soberan\u00eda de los pa\u00edses y establecen, por ejemplo, que los pa\u00edses tienen derecho al desarrollo, o a reestructurar su deuda\u00bb.<\/p>\n<p>\u00abNo son principios tan dif\u00edciles de aceptar. Tambi\u00e9n est\u00e1 el de la legitimidad o el que establece que en la reestructuraci\u00f3n se debe respetar la voluntad de la mayor\u00eda, es decir, que una minor\u00eda no puede impedir que se llegue a un acuerdo; o el que indica que no se puede reestructurar invitando a los pa\u00edses a no cumplir con la deuda social que tienen con su poblaci\u00f3n\u00bb.<\/p>\n<p>\u00abLamentablemente, en el derecho internacional, esto no est\u00e1 regulado, ahora la medida nuestra es que vaya al Parlamento y se convierta en ley en la Argentina\u00bb, finaliz\u00f3 Timerman.<\/p>\n","protected":false},"excerpt":{"rendered":"<p>El ministro de Relaciones Exteriores, H\u00e9ctor Timerman, dijo que la \u00abidea\u00bb del Gobierno nacional es que los principios aprobados esta semana en la Asamblea General de la ONU para la reestructuraci\u00f3n de deudas soberanas \u00absean convertidos en ley en la Argentina\u00bb.<\/p>\n","protected":false},"author":8,"featured_media":0,"comment_status":"open","ping_status":"open","sticky":false,"template":"","format":"standard","meta":{"_jetpack_newsletter_access":"","_jetpack_dont_email_post_to_subs":false,"_jetpack_newsletter_tier_id":0,"_jetpack_memberships_contains_paywalled_content":false,"_jetpack_memberships_contains_paid_content":false,"footnotes":""},"categories":[51],"tags":[],"class_list":["post-72014","post","type-post","status-publish","format-standard","hentry","category-politica"],"jetpack_shortlink":"https:\/\/wp.me\/p2JWE0-iJw","jetpack-related-posts":[{"id":32542,"url":"http:\/\/www.24baires.com\/?p=32542","url_meta":{"origin":72014,"position":0},"title":"Argentina e Ir\u00e1n mantendr\u00e1n este s\u00e1bado una reuni\u00f3n bilateral por la AMIA","author":"GB","date":"26\/09\/2013","format":false,"excerpt":"El Canciller confirm\u00f3 que las autoridades diplom\u00e1ticas de la Rep\u00fablica Isl\u00e1mica de Ir\u00e1n solicitaron un encuentro, previsto para el s\u00e1bado en la sede de la ONU, para abordar puntualmente \"el tema del memorando de entendimiento\" firmado entre ambos pa\u00edses para avanzar en la investigaci\u00f3n del atentado a la AMIA. As\u00ed\u2026","rel":"","context":"En \u00abPol\u00edtica\u00bb","block_context":{"text":"Pol\u00edtica","link":"http:\/\/www.24baires.com\/?cat=51"},"img":{"alt_text":"","src":"","width":0,"height":0},"classes":[]},{"id":59411,"url":"http:\/\/www.24baires.com\/?p=59411","url_meta":{"origin":72014,"position":1},"title":"\u201cHay un entendimiento pol\u00edtico cada vez mayor de lo que significa la deuda\u201d","author":"AF","date":"31\/12\/2014","format":false,"excerpt":"El canciller H\u00e9ctor Timerman destac\u00f3 lo que est\u00e1 ocurriendo a nivel mundial tras una nueva declaraci\u00f3n en las Naciones Unidas en apoyo a la reestructuraci\u00f3n de deuda soberana de los pa\u00edses en desarrollo, promovida este a\u00f1o por la Argentina. Luego de la resoluci\u00f3n que aprob\u00f3 el financiamiento para que una\u2026","rel":"","context":"En \u00abInternacionales\u00bb","block_context":{"text":"Internacionales","link":"http:\/\/www.24baires.com\/?cat=73"},"img":{"alt_text":"timerman","src":"https:\/\/i0.wp.com\/www.24baires.com\/wp-content\/uploads\/2014\/08\/timerman.jpg?resize=350%2C200","width":350,"height":200,"srcset":"https:\/\/i0.wp.com\/www.24baires.com\/wp-content\/uploads\/2014\/08\/timerman.jpg?resize=350%2C200 1x, https:\/\/i0.wp.com\/www.24baires.com\/wp-content\/uploads\/2014\/08\/timerman.jpg?resize=525%2C300 1.5x"},"classes":[]},{"id":54313,"url":"http:\/\/www.24baires.com\/?p=54313","url_meta":{"origin":72014,"position":2},"title":"Condena a los fondos buitre desde la ONU","author":"Grupo Sierra","date":"25\/09\/2014","format":false,"excerpt":"El Consejo de Derechos Humanos de las Naciones Unidas, con sede en Ginebra, debatir\u00e1 ma\u00f1ana y someter\u00e1 a votaci\u00f3n un proyecto de resoluci\u00f3n de condena al accionar de los \"holdouts\" presentado por la Argentina, anunci\u00f3 hoy en Nueva York el canciller H\u00e9ctor Timerman. De ser avalado el texto, como conf\u00eda\u2026","rel":"","context":"En \u00abEconom\u00eda\u00bb","block_context":{"text":"Econom\u00eda","link":"http:\/\/www.24baires.com\/?cat=45"},"img":{"alt_text":"timerman","src":"https:\/\/i0.wp.com\/www.24baires.com\/wp-content\/uploads\/2013\/03\/timerman.jpg?resize=350%2C200","width":350,"height":200,"srcset":"https:\/\/i0.wp.com\/www.24baires.com\/wp-content\/uploads\/2013\/03\/timerman.jpg?resize=350%2C200 1x, https:\/\/i0.wp.com\/www.24baires.com\/wp-content\/uploads\/2013\/03\/timerman.jpg?resize=525%2C300 1.5x"},"classes":[]},{"id":46311,"url":"http:\/\/www.24baires.com\/?p=46311","url_meta":{"origin":72014,"position":3},"title":"Timerman asegura que recibe gran apoyo de la regi\u00f3n sobre Malvinas","author":"Grupo Sierra","date":"19\/05\/2014","format":false,"excerpt":"El canciller recibi\u00f3 a los embajadores de El Salvador, Rep\u00fablica Dominicana, Guatemala, Honduras, Nicaragua y Panam\u00e1, y les agradeci\u00f3 la declaraci\u00f3n del 10 de junio como D\u00eda de la Solidaridad Centroamericana con las Islas Malvinas. El canciller Timerman aprovech\u00f3 la ocasi\u00f3n para anunciar su pr\u00f3ximo viaje a la regi\u00f3n, que\u2026","rel":"","context":"En \u00abGeneral\u00bb","block_context":{"text":"General","link":"http:\/\/www.24baires.com\/?cat=67"},"img":{"alt_text":"timerman","src":"https:\/\/i0.wp.com\/www.24baires.com\/wp-content\/uploads\/2013\/03\/timerman.jpg?resize=350%2C200","width":350,"height":200,"srcset":"https:\/\/i0.wp.com\/www.24baires.com\/wp-content\/uploads\/2013\/03\/timerman.jpg?resize=350%2C200 1x, https:\/\/i0.wp.com\/www.24baires.com\/wp-content\/uploads\/2013\/03\/timerman.jpg?resize=525%2C300 1.5x"},"classes":[]},{"id":62594,"url":"http:\/\/www.24baires.com\/?p=62594","url_meta":{"origin":72014,"position":4},"title":"Timerman anunci\u00f3 comunicaciones con Israel por AMIA","author":"Grupo Sierra","date":"03\/03\/2015","format":false,"excerpt":"El canciller argentino dio a conocer una carta de su par israel\u00ed, Avigdon Liberman, d\u00f3nde muestra el inter\u00e9s de su pa\u00eds por esclarecer los ataques a la embajada y la AMIA. H\u00e9ctor Timerman, habl\u00f3 esta tarde desde la Sala de Conferencias de Casa de Gobierno e hizo menci\u00f3n a una\u2026","rel":"","context":"En \u00abInternacionales\u00bb","block_context":{"text":"Internacionales","link":"http:\/\/www.24baires.com\/?cat=73"},"img":{"alt_text":"timerman","src":"https:\/\/i0.wp.com\/www.24baires.com\/wp-content\/uploads\/2014\/08\/timerman.jpg?resize=350%2C200","width":350,"height":200,"srcset":"https:\/\/i0.wp.com\/www.24baires.com\/wp-content\/uploads\/2014\/08\/timerman.jpg?resize=350%2C200 1x, https:\/\/i0.wp.com\/www.24baires.com\/wp-content\/uploads\/2014\/08\/timerman.jpg?resize=525%2C300 1.5x"},"classes":[]},{"id":54404,"url":"http:\/\/www.24baires.com\/?p=54404","url_meta":{"origin":72014,"position":5},"title":"El l\u00edmite argentino a los buitre \u00abes un aporte a las futuras generaciones\u00bb","author":"AF","date":"28\/09\/2014","format":false,"excerpt":"El canciller H\u00e9ctor Timerman realiz\u00f3 un balance sobre las \u00faltimas acciones del gobierno nacional ante organismos multilaterales para impulsar un marco regulatorio para las reestructuraciones de deuda soberana y destac\u00f3 que la propuesta argentina para investigar el v\u00ednculo entre fondos buitre y violaci\u00f3n de los derechos humanos \u201ces un aporte\u2026","rel":"","context":"En \u00abEconom\u00eda\u00bb","block_context":{"text":"Econom\u00eda","link":"http:\/\/www.24baires.com\/?cat=45"},"img":{"alt_text":"timerman","src":"https:\/\/i0.wp.com\/www.24baires.com\/wp-content\/uploads\/2013\/03\/timerman.jpg?resize=350%2C200","width":350,"height":200,"srcset":"https:\/\/i0.wp.com\/www.24baires.com\/wp-content\/uploads\/2013\/03\/timerman.jpg?resize=350%2C200 1x, https:\/\/i0.wp.com\/www.24baires.com\/wp-content\/uploads\/2013\/03\/timerman.jpg?resize=525%2C300 1.5x"},"classes":[]}],"jetpack_sharing_enabled":true,"jetpack_likes_enabled":true,"jetpack_featured_media_url":"","_links":{"self":[{"href":"http:\/\/www.24baires.com\/index.php?rest_route=\/wp\/v2\/posts\/72014","targetHints":{"allow":["GET"]}}],"collection":[{"href":"http:\/\/www.24baires.com\/index.php?rest_route=\/wp\/v2\/posts"}],"about":[{"href":"http:\/\/www.24baires.com\/index.php?rest_route=\/wp\/v2\/types\/post"}],"author":[{"embeddable":true,"href":"http:\/\/www.24baires.com\/index.php?rest_route=\/wp\/v2\/users\/8"}],"replies":[{"embeddable":true,"href":"http:\/\/www.24baires.com\/index.php?rest_route=%2Fwp%2Fv2%2Fcomments&post=72014"}],"version-history":[{"count":1,"href":"http:\/\/www.24baires.com\/index.php?rest_route=\/wp\/v2\/posts\/72014\/revisions"}],"predecessor-version":[{"id":72015,"href":"http:\/\/www.24baires.com\/index.php?rest_route=\/wp\/v2\/posts\/72014\/revisions\/72015"}],"wp:attachment":[{"href":"http:\/\/www.24baires.com\/index.php?rest_route=%2Fwp%2Fv2%2Fmedia&parent=72014"}],"wp:term":[{"taxonomy":"category","embeddable":true,"href":"http:\/\/www.24baires.com\/index.php?rest_route=%2Fwp%2Fv2%2Fcategories&post=72014"},{"taxonomy":"post_tag","embeddable":true,"href":"http:\/\/www.24baires.com\/index.php?rest_route=%2Fwp%2Fv2%2Ftags&post=72014"}],"curies":[{"name":"wp","href":"https:\/\/api.w.org\/{rel}","templated":true}]}}