{"id":71990,"date":"2015-09-11T19:40:49","date_gmt":"2015-09-11T22:40:49","guid":{"rendered":"http:\/\/www.24baires.com\/?p=71990"},"modified":"2015-09-11T19:40:49","modified_gmt":"2015-09-11T22:40:49","slug":"scioli-pidio-a-la-oposicion-reconocer-el-coraje-de-la-presidenta-para-enfrentar-a-los-buitre","status":"publish","type":"post","link":"http:\/\/www.24baires.com\/?p=71990","title":{"rendered":"Scioli pidi\u00f3 a la oposici\u00f3n reconocer el \u00abcoraje\u00bb de la Presidenta para enfrentar a los buitre"},"content":{"rendered":"<p><img data-recalc-dims=\"1\" loading=\"lazy\" decoding=\"async\" class=\"aligncenter wp-image-71991\" src=\"https:\/\/i0.wp.com\/www.24baires.com\/wp-content\/uploads\/2015\/09\/scioli-ventana.jpg?resize=560%2C373\" alt=\"scioli ventana\" width=\"560\" height=\"373\" srcset=\"https:\/\/i0.wp.com\/www.24baires.com\/wp-content\/uploads\/2015\/09\/scioli-ventana.jpg?w=515 515w, https:\/\/i0.wp.com\/www.24baires.com\/wp-content\/uploads\/2015\/09\/scioli-ventana.jpg?resize=300%2C200 300w\" sizes=\"auto, (max-width: 560px) 100vw, 560px\" \/>El gobernador de la provincia de Buenos Aires y candidato a presidente por el FpV, Daniel Scioli, se refiri\u00f3 as\u00ed a la resoluci\u00f3n de la Asamblea de la ONU contra los fondos buitre.<!--more--><\/p>\n<p>El candidato a presidente por el Frente para la Victoria (FpV), Daniel Scioli, resalt\u00f3 la gesti\u00f3n del gobierno nacional contra los fondos buitre e inst\u00f3 a la oposici\u00f3n a \u201creconocer el coraje con el que luch\u00f3 la presidenta Cristina Fern\u00e1ndez de Kirchner defendiendo los intereses argentinos y del mundo\u00bb, luego de que la Asamblea de la ONU aprobara la nueva resoluci\u00f3n sobre reestructuraci\u00f3n de deudas soberanas.<\/p>\n<p>En una intensa jornada, Scioli se refiri\u00f3 a la resoluci\u00f3n de la ONU; present\u00f3 sus propuestas educativas al saludar a los docentes en su d\u00eda; plante\u00f3 la ampliaci\u00f3n del programa de viviendas Procrear tras visitar la construcci\u00f3n del desarrollo urban\u00edstico de Mor\u00f3n; se reuni\u00f3 con el director ejecutivo de Onusida, Michel Sidib\u00e9; y esta noche tiene previsto participar de la Fiesta del Inmigrante en Misiones.<\/p>\n<p>A menos de 45 d\u00edas de las elecciones generales, Scioli consider\u00f3 que \u201choy es un d\u00eda para festejar los \u00e9xitos obtenidos en el plano internacional\u201d porque los nueve puntos propuestos por Argentina ante las Naciones Unidas implicaron \u00abdecirle no a los buitres para decirle s\u00ed al trabajo, a la industria nacional y a seguir progresando y creciendo\u201d.<\/p>\n<p>\u201cTengo la responsabilidad, como candidato a presidente, de construir sobre estos s\u00f3lidos cimientos una Argentina cada vez mejor\u201d, enfatiz\u00f3 el mandatario bonaerense en declaraciones a la prensa luego de visitar las viviendas en construcci\u00f3n del Procrear en Mor\u00f3n, acompa\u00f1ado del director Ejecutivo del ANSES Diego Bossio, el intendente de ese distrito, Lucas Ghi, y el presidente del Concejo Deliberante, Hern\u00e1n Sabbatella.<\/p>\n<p>En ese marco, Scioli precis\u00f3 una de sus principales propuestas en materia de vivienda que implica\u201cmultiplicar el programa Procrear con un mill\u00f3n de viviendas, 250.000 por a\u00f1o, y lo vamos a hacer con inversi\u00f3n p\u00fablica junto con la incorporaci\u00f3n de la banca privada al financiamiento\u201d.<\/p>\n<p>\u201cLa construcci\u00f3n de viviendas fortalece el pilar b\u00e1sico de la sociedad, que es la familia\u201d, se\u00f1al\u00f3 Scioli, quien adem\u00e1s consider\u00f3 que la pol\u00edtica habitacional \u201cm\u00e1s importante\u201d impulsada desde el gobierno nacional \u201ces fruto de una decisi\u00f3n que tom\u00f3 en su momento la Presidenta de recuperar la administraci\u00f3n de la ANSES\u201d.<\/p>\n<p>Por las redes sociales, Scioli salud\u00f3 a los docentes en su d\u00eda al manifestar: \u201cMe alegra saludar en su d\u00eda a las maestras y maestros de la Argentina, con el reconocimiento que merecen por el trabajo que realizan a diario, porque educan amando y ense\u00f1ando a las generaciones que son presente y futuro de nuestro pa\u00eds\u00bb.<\/p>\n<p>Asimismo, present\u00f3 sus propuestas educativas basadas en \u00abgarantizar la escolarizaci\u00f3n de 4 a\u00f1os y avanzar en la universalizaci\u00f3n de la sala de 3, la jornada completa en primaria y bajar el abandono en secundaria\u00bb.<\/p>\n<p>Respecto a la labor de los maestros, el gobernador bonaerense impulsa \u00abjerarquizar y fortalecer la carrera docente con la participaci\u00f3n de las organizaciones que los representan y asegurar la permanente recomposici\u00f3n del salario docente y el mejoramiento de sus condiciones de trabajo\u00bb.<\/p>\n<p>Tras visitar Mor\u00f3n, Scioli se reuni\u00f3 con el director ejecutivo de Onusida, Michel Sidib\u00e9, con quien convers\u00f3 sobre las estrategias para llegar a la meta mundial 90-90-90 establecida por ONUSIDA, que consiste en lograr que el 90% de los pacientes est\u00e9n diagnosticados, que el 90% de las personas que tienen VIH reciban tratamiento y que el 90 % de los mismos tengan carga viral indetectable.<\/p>\n<p>En esa reuni\u00f3n junto a Scioli y el ministro de Salud bonaerense, Alejandro Collia, Sidib\u00e9 elogi\u00f3 las pol\u00edticas del pa\u00eds sobre el VIH y expres\u00f3 que Argentina \u201cpuede ser ejemplo para el resto del mundo\u201d.<\/p>\n","protected":false},"excerpt":{"rendered":"<p>El gobernador de la provincia de Buenos Aires y candidato a presidente por el FpV, Daniel Scioli, se refiri\u00f3 as\u00ed a la resoluci\u00f3n de la Asamblea de la ONU contra los fondos buitre.<\/p>\n","protected":false},"author":8,"featured_media":0,"comment_status":"open","ping_status":"open","sticky":false,"template":"","format":"standard","meta":{"_jetpack_newsletter_access":"","_jetpack_dont_email_post_to_subs":false,"_jetpack_newsletter_tier_id":0,"_jetpack_memberships_contains_paywalled_content":false,"_jetpack_memberships_contains_paid_content":false,"footnotes":""},"categories":[51],"tags":[],"class_list":["post-71990","post","type-post","status-publish","format-standard","hentry","category-politica"],"jetpack_shortlink":"https:\/\/wp.me\/p2JWE0-iJ8","jetpack-related-posts":[{"id":101122,"url":"http:\/\/www.24baires.com\/?p=101122","url_meta":{"origin":71990,"position":0},"title":"Indagar\u00e1n a Scioli por irregularidades en la construcci\u00f3n de las UPA 24","author":"AF","date":"17\/03\/2018","format":false,"excerpt":"El ex gobernador Daniel Scioli y quien fuera su ministro de Salud, Alejandro Collia, fueron imputados y citados a prestar declaraci\u00f3n indagatoria en el marco de una causa que investiga presuntas irregularidades en la adjudicaci\u00f3n de ocho Unidades de Pronta Atenci\u00f3n (UPA 24) para las que se destinaron m\u00e1s de\u2026","rel":"","context":"En \u00abJUDICIALES\u00bb","block_context":{"text":"JUDICIALES","link":"http:\/\/www.24baires.com\/?cat=68"},"img":{"alt_text":"","src":"https:\/\/i0.wp.com\/www.24baires.com\/wp-content\/uploads\/2014\/05\/Daniel-Scioli.jpg?resize=350%2C200","width":350,"height":200,"srcset":"https:\/\/i0.wp.com\/www.24baires.com\/wp-content\/uploads\/2014\/05\/Daniel-Scioli.jpg?resize=350%2C200 1x, https:\/\/i0.wp.com\/www.24baires.com\/wp-content\/uploads\/2014\/05\/Daniel-Scioli.jpg?resize=525%2C300 1.5x"},"classes":[]},{"id":106515,"url":"http:\/\/www.24baires.com\/?p=106515","url_meta":{"origin":71990,"position":1},"title":"Venezuela: nuevo intento de desplazar a Maduro de la presidencia","author":"AF","date":"23\/01\/2019","format":false,"excerpt":"El Presidente Mauricio Macri se sum\u00f3 a Donald Trump y a los otros mandatarios de la regi\u00f3n que manifestaron su respaldo al titular de la Asamblea Nacional de Venezuela, quien se proclam\u00f3 \u201cpresidente encargado\u201d de ese pa\u00eds. \"Ac\u00e1 no se rinde nadie\", afirm\u00f3 Maduro en un discurso a los venezolanos.\u2026","rel":"","context":"En \u00abInternacionales\u00bb","block_context":{"text":"Internacionales","link":"http:\/\/www.24baires.com\/?cat=73"},"img":{"alt_text":"","src":"https:\/\/i0.wp.com\/www.24baires.com\/wp-content\/uploads\/2019\/01\/guaid%C3%B3.jpg?resize=350%2C200","width":350,"height":200,"srcset":"https:\/\/i0.wp.com\/www.24baires.com\/wp-content\/uploads\/2019\/01\/guaid%C3%B3.jpg?resize=350%2C200 1x, https:\/\/i0.wp.com\/www.24baires.com\/wp-content\/uploads\/2019\/01\/guaid%C3%B3.jpg?resize=525%2C300 1.5x"},"classes":[]},{"id":119156,"url":"http:\/\/www.24baires.com\/?p=119156","url_meta":{"origin":71990,"position":2},"title":"Massa asumir\u00e1 como superministro de Econom\u00eda","author":"AF","date":"28\/07\/2022","format":false,"excerpt":"Alberto Fern\u00e1ndez decidi\u00f3 reorganizar las \u00e1reas econ\u00f3micas para un mejor funcionamiento, coordinaci\u00f3n y gesti\u00f3n: se unificar\u00e1n los ministerios de Econom\u00eda, Desarrollo Productivo y Agricultura, Ganader\u00eda y Pesca, que quedar\u00e1n bajo la \u00f3rbita del actual presidente de la C\u00e1mara de Diputados. Massa anunci\u00f3 que el lunes comenzar\u00e1 a designar a los\u2026","rel":"","context":"En \u00abEconom\u00eda\u00bb","block_context":{"text":"Econom\u00eda","link":"http:\/\/www.24baires.com\/?cat=45"},"img":{"alt_text":"","src":"https:\/\/i0.wp.com\/www.24baires.com\/wp-content\/uploads\/2022\/07\/6243529d100ad_900.jpg?resize=350%2C200","width":350,"height":200,"srcset":"https:\/\/i0.wp.com\/www.24baires.com\/wp-content\/uploads\/2022\/07\/6243529d100ad_900.jpg?resize=350%2C200 1x, https:\/\/i0.wp.com\/www.24baires.com\/wp-content\/uploads\/2022\/07\/6243529d100ad_900.jpg?resize=525%2C300 1.5x, https:\/\/i0.wp.com\/www.24baires.com\/wp-content\/uploads\/2022\/07\/6243529d100ad_900.jpg?resize=700%2C400 2x"},"classes":[]},{"id":72648,"url":"http:\/\/www.24baires.com\/?p=72648","url_meta":{"origin":71990,"position":3},"title":"Cristina viajar\u00e1 el viernes a Nueva York para participar de Asamblea de la ONU","author":"GB","date":"24\/09\/2015","format":false,"excerpt":"La mandataria se dirigir\u00e1 el pr\u00f3ximo lunes por octava y \u00faltima vez a la Asamblea General de las Naciones Unidas donde se prev\u00e9 haga especial hincapi\u00e9 en la lucha contra los fondos buitre luego de la aprobaci\u00f3n por ese cuerpo de una resoluci\u00f3n para blindar las reestructuraciones de deudas soberanas.\u2026","rel":"","context":"En \u00abPol\u00edtica\u00bb","block_context":{"text":"Pol\u00edtica","link":"http:\/\/www.24baires.com\/?cat=51"},"img":{"alt_text":"Cristina ONU 2","src":"https:\/\/i0.wp.com\/www.24baires.com\/wp-content\/uploads\/2014\/09\/Cristina-ONU-2.jpg?resize=350%2C200","width":350,"height":200,"srcset":"https:\/\/i0.wp.com\/www.24baires.com\/wp-content\/uploads\/2014\/09\/Cristina-ONU-2.jpg?resize=350%2C200 1x, https:\/\/i0.wp.com\/www.24baires.com\/wp-content\/uploads\/2014\/09\/Cristina-ONU-2.jpg?resize=525%2C300 1.5x"},"classes":[]},{"id":120181,"url":"http:\/\/www.24baires.com\/?p=120181","url_meta":{"origin":71990,"position":4},"title":"El Frente de Todos pasa a llamarse \u00abUni\u00f3n por la Patria\u00bb","author":"AF","date":"14\/06\/2023","format":false,"excerpt":"Los distintos sectores que componen el frente oficialista mantienen reuniones para definir, entre otras cosas, la constituci\u00f3n de su junta partidaria y el reglamento electoral que fijar\u00e1 pisos y porcentajes para la integraci\u00f3n de listas. El Frente de Todos (FdT) se llamar\u00e1 Uni\u00f3n por la Patria (UxP) en las pr\u00f3ximas\u2026","rel":"","context":"En \u00abPol\u00edtica\u00bb","block_context":{"text":"Pol\u00edtica","link":"http:\/\/www.24baires.com\/?cat=51"},"img":{"alt_text":"","src":"https:\/\/i0.wp.com\/www.24baires.com\/wp-content\/uploads\/2023\/06\/cfk-25-5.png?resize=350%2C200","width":350,"height":200,"srcset":"https:\/\/i0.wp.com\/www.24baires.com\/wp-content\/uploads\/2023\/06\/cfk-25-5.png?resize=350%2C200 1x, https:\/\/i0.wp.com\/www.24baires.com\/wp-content\/uploads\/2023\/06\/cfk-25-5.png?resize=525%2C300 1.5x, https:\/\/i0.wp.com\/www.24baires.com\/wp-content\/uploads\/2023\/06\/cfk-25-5.png?resize=700%2C400 2x, https:\/\/i0.wp.com\/www.24baires.com\/wp-content\/uploads\/2023\/06\/cfk-25-5.png?resize=1050%2C600 3x"},"classes":[]},{"id":74148,"url":"http:\/\/www.24baires.com\/?p=74148","url_meta":{"origin":71990,"position":5},"title":"\u00abLos argentinos no quieren volver al ajuste y la devaluaci\u00f3n\u00bb","author":"GB","date":"25\/10\/2015","format":false,"excerpt":"\"Nuestra prioridad son los humildes, los trabajadores y la clase media\", asegur\u00f3 el candidato a presidente del FPV junto a su compa\u00f1ero de f\u00f3rmula, Carlos Zannini, desde la sede de espacio. El candidato a presidente por el Frente para la Victoria, Daniel Scioli reiter\u00f3 su voluntad de \"esperar los resultados\u2026","rel":"","context":"En \u00abElecciones 2015\u00bb","block_context":{"text":"Elecciones 2015","link":"http:\/\/www.24baires.com\/?cat=74"},"img":{"alt_text":"","src":"https:\/\/i0.wp.com\/www.24baires.com\/wp-content\/uploads\/2015\/10\/scioli.jpg?resize=350%2C200","width":350,"height":200,"srcset":"https:\/\/i0.wp.com\/www.24baires.com\/wp-content\/uploads\/2015\/10\/scioli.jpg?resize=350%2C200 1x, https:\/\/i0.wp.com\/www.24baires.com\/wp-content\/uploads\/2015\/10\/scioli.jpg?resize=525%2C300 1.5x"},"classes":[]}],"jetpack_sharing_enabled":true,"jetpack_likes_enabled":true,"jetpack_featured_media_url":"","_links":{"self":[{"href":"http:\/\/www.24baires.com\/index.php?rest_route=\/wp\/v2\/posts\/71990","targetHints":{"allow":["GET"]}}],"collection":[{"href":"http:\/\/www.24baires.com\/index.php?rest_route=\/wp\/v2\/posts"}],"about":[{"href":"http:\/\/www.24baires.com\/index.php?rest_route=\/wp\/v2\/types\/post"}],"author":[{"embeddable":true,"href":"http:\/\/www.24baires.com\/index.php?rest_route=\/wp\/v2\/users\/8"}],"replies":[{"embeddable":true,"href":"http:\/\/www.24baires.com\/index.php?rest_route=%2Fwp%2Fv2%2Fcomments&post=71990"}],"version-history":[{"count":1,"href":"http:\/\/www.24baires.com\/index.php?rest_route=\/wp\/v2\/posts\/71990\/revisions"}],"predecessor-version":[{"id":71992,"href":"http:\/\/www.24baires.com\/index.php?rest_route=\/wp\/v2\/posts\/71990\/revisions\/71992"}],"wp:attachment":[{"href":"http:\/\/www.24baires.com\/index.php?rest_route=%2Fwp%2Fv2%2Fmedia&parent=71990"}],"wp:term":[{"taxonomy":"category","embeddable":true,"href":"http:\/\/www.24baires.com\/index.php?rest_route=%2Fwp%2Fv2%2Fcategories&post=71990"},{"taxonomy":"post_tag","embeddable":true,"href":"http:\/\/www.24baires.com\/index.php?rest_route=%2Fwp%2Fv2%2Ftags&post=71990"}],"curies":[{"name":"wp","href":"https:\/\/api.w.org\/{rel}","templated":true}]}}