{"id":71984,"date":"2015-09-11T18:39:23","date_gmt":"2015-09-11T21:39:23","guid":{"rendered":"http:\/\/www.24baires.com\/?p=71984"},"modified":"2015-09-11T18:39:23","modified_gmt":"2015-09-11T21:39:23","slug":"procelac-imputo-a-niembro-y-a-otros-funcionarios-portenos-por-lavado-de-dinero","status":"publish","type":"post","link":"http:\/\/www.24baires.com\/?p=71984","title":{"rendered":"Procelac imput\u00f3 a Niembro y a otros funcionarios porte\u00f1os por lavado de dinero"},"content":{"rendered":"<p><img data-recalc-dims=\"1\" loading=\"lazy\" decoding=\"async\" class=\"aligncenter size-full wp-image-69268\" src=\"https:\/\/i0.wp.com\/www.24baires.com\/wp-content\/uploads\/2015\/07\/fernando_niembro.jpg?resize=560%2C314\" alt=\"fernando_niembro\" width=\"560\" height=\"314\" srcset=\"https:\/\/i0.wp.com\/www.24baires.com\/wp-content\/uploads\/2015\/07\/fernando_niembro.jpg?w=560 560w, https:\/\/i0.wp.com\/www.24baires.com\/wp-content\/uploads\/2015\/07\/fernando_niembro.jpg?resize=300%2C168 300w\" sizes=\"auto, (max-width: 560px) 100vw, 560px\" \/>La denuncia incluye al periodista deportivo; a su ex socio en \u00abLa Usina Producciones\u00bb, Atilio Meza; y al jefe de Gabinete porte\u00f1o, Horacio Rodr\u00edguez Larreta, a las ministras de Desarrollo Social y Salud, Carolina Stanley y Gabriela Mabel Reybaud, y al secretario de Comunicaci\u00f3n Social, Facundo Gayt\u00e1n por incumplimiento de los deberes de funcionario p\u00fablico.<!--more--><\/p>\n<p>La Procuradur\u00eda de Criminalidad Econ\u00f3mica y Lavado de Activos (Procelac) denunci\u00f3 por lavado de dinero al candidato a diputado nacional por el frente Cambiemos, Fernando Niembro, su ex socio en \u00abLa Usina Producciones\u00bb, Atilio Meza; y al jefe de Gabinete porte\u00f1o, Horacio Rodr\u00edguez Larreta por incumplimiento de los deberes de funcionario p\u00fablico, en el marco de la causa que investiga contrataciones irregulares con el gobierno de la Ciudad.<\/p>\n<p>\u201cNos hallamos por el momento frente a un universo de 164 contrataciones adjudicadas por el Gobierno de la Ciudad Aut\u00f3noma de Buenos Aires a favor de &#8216;La Usina Producciones S.R.L.&#8217; por un monto total de $19.473.878,30\u201d que nunca fueron otorgadas a trav\u00e9s del mecanismo de licitaci\u00f3n p\u00fablica\u201d, dice la denuncia presentada esta ma\u00f1ana por el titular de la Procelac, Carlos Gonella, y el coordinador y fiscal ad hoc del \u00c1rea Operativa de Delitos contra la Administraci\u00f3n P\u00fablica, Milton Khaski.<\/p>\n<p>Seg\u00fan indica la presentaci\u00f3n, publicada en el sitio www.fiscales.gob.ar, \u201cpara perfeccionar esta operatoria, se habr\u00edan invocado forzosamente razones de &#8216;urgencia&#8217;, dejando as\u00ed habilitados los mecanismos previstos para la contrataci\u00f3n directa\u201d.<\/p>\n<p>En la denuncia, los funcionarios de la Procelac consideraron que Niembro y su socio \u00abpodr\u00edan haber incurrido en el delito de lavado de activos\u00bb, por lo cual solicitaron que la causa que tramita ante el juzgado nacional en lo criminal de instrucci\u00f3n n\u00famero 23 sea remitida a la justicia federal.<\/p>\n<p>Asimismo consideraron que ambos socios fueron \u00abbeneficiarios de esos contratos gracias al decreto 556\/2010 que ordena que las operaciones impostergables que aseguren servicios esenciales deban llevarse adelante a trav\u00e9s de contrataciones directas y as\u00ed evitar los procedimientos establecidos por la ley 2095 de la ciudad\u00bb y destacaron que la realizaci\u00f3n de encuestas o el reparto de folleter\u00eda \u201cno pareciera\u201d estar encuadrado en ese r\u00e9gimen excepcional que se \u201ctransform\u00f3 en una suerte de regla inalterable\u201d.<\/p>\n<p>Adem\u00e1s, la Procelac imput\u00f3 al jefe de Gabinete porte\u00f1o; y a las ministras de Desarrollo Social y Salud, Carolina Stanley y Gabriela Mabel Reybaud; y al secretario de Comunicaci\u00f3n Social, Facundo Gayt\u00e1n, por \u00abincumplimiento de los deberes de funcionario p\u00fablico, negociaciones incompatibles con el ejercicio de la administraci\u00f3n p\u00fablica y administraci\u00f3n infiel\u00bb.<\/p>\n<p>Seg\u00fan consta en la denuncia, los fiscales consideraron la posibilidad del lavado de activos a partir de una serie de Reportes de Operaciones Sospechosas (ROS) remitidos por el Banco de la Ciudad de Buenos Aires a la Unidad de Informaci\u00f3n Financiera (UIF), organismo con el que la Procelac intercambia documentaci\u00f3n de manera habitual.<\/p>\n<p>Tambi\u00e9n, los fiscales se\u00f1alaron que tanto Meza como Niembro \u201cincorporaron a sus respectivos patrimonios diversos veh\u00edculos de alta gama\u201d, marca Mercedes Benz y Audi.<\/p>\n","protected":false},"excerpt":{"rendered":"<p>La denuncia incluye al periodista deportivo; a su ex socio en \u00abLa Usina Producciones\u00bb, Atilio Meza; y al jefe de Gabinete porte\u00f1o, Horacio Rodr\u00edguez Larreta, a las ministras de Desarrollo Social y Salud, Carolina Stanley y Gabriela Mabel Reybaud, y al secretario de Comunicaci\u00f3n Social, Facundo Gayt\u00e1n por incumplimiento de los deberes de funcionario p\u00fablico.<\/p>\n","protected":false},"author":8,"featured_media":0,"comment_status":"open","ping_status":"open","sticky":false,"template":"","format":"standard","meta":{"_jetpack_newsletter_access":"","_jetpack_dont_email_post_to_subs":false,"_jetpack_newsletter_tier_id":0,"_jetpack_memberships_contains_paywalled_content":false,"_jetpack_memberships_contains_paid_content":false,"footnotes":""},"categories":[51],"tags":[],"class_list":["post-71984","post","type-post","status-publish","format-standard","hentry","category-politica"],"jetpack_shortlink":"https:\/\/wp.me\/p2JWE0-iJ2","jetpack-related-posts":[{"id":71780,"url":"http:\/\/www.24baires.com\/?p=71780","url_meta":{"origin":71984,"position":0},"title":"El socio de Niembro en La Usina tambi\u00e9n es candidato de Cambiemos por la Provincia","author":"AF","date":"07\/09\/2015","format":false,"excerpt":"Atilio Alberto Meza, quien qued\u00f3 al frente de la empresa tras la salida del periodista y primer candidato a diputado del macrismo, ocupa el puesto de suplente n\u00famero 13 en la boleta en la provincia de Buenos Aires. El socio de Fernando Niembro en La Usina Producciones, Alberto Atilio Meza,\u2026","rel":"","context":"En \u00abElecciones 2015\u00bb","block_context":{"text":"Elecciones 2015","link":"http:\/\/www.24baires.com\/?cat=74"},"img":{"alt_text":"","src":"","width":0,"height":0},"classes":[]},{"id":72469,"url":"http:\/\/www.24baires.com\/?p=72469","url_meta":{"origin":71984,"position":1},"title":"Seg\u00fan una encuesta, el 54% cree que Macri es responsable en el caso Niembro","author":"AF","date":"21\/09\/2015","format":false,"excerpt":"Una encuesta asegura que m\u00e1s de la mitad de los argentinos considera que el jefe de Gobierno porte\u00f1o y candidato presidencial de la alianza Cambiemos, Mauricio Macri, tiene \u201calg\u00fan grado de responsabilidad\u201d en el caso de las contrataciones por m\u00e1s de 21 millones de pesos entre la Usina, la consultora\u2026","rel":"","context":"En \u00abPol\u00edtica\u00bb","block_context":{"text":"Pol\u00edtica","link":"http:\/\/www.24baires.com\/?cat=51"},"img":{"alt_text":"macri niembro","src":"https:\/\/i0.wp.com\/www.24baires.com\/wp-content\/uploads\/2015\/09\/macri-niembro.jpg?resize=350%2C200","width":350,"height":200,"srcset":"https:\/\/i0.wp.com\/www.24baires.com\/wp-content\/uploads\/2015\/09\/macri-niembro.jpg?resize=350%2C200 1x, https:\/\/i0.wp.com\/www.24baires.com\/wp-content\/uploads\/2015\/09\/macri-niembro.jpg?resize=525%2C300 1.5x"},"classes":[]},{"id":71795,"url":"http:\/\/www.24baires.com\/?p=71795","url_meta":{"origin":71984,"position":2},"title":"Piden que Niembro baje su candidatura por el esc\u00e1ndalo de La Usina","author":"AF","date":"08\/09\/2015","format":false,"excerpt":"El legislador bonaerense, del FpV, Guido Lorenzino, consider\u00f3 que \"lo m\u00e1s digno ser\u00eda\" que el periodista y candidato a diputado nacional de la provincia de Buenos Aires por Cambiemos desista de su postulaci\u00f3n. As\u00ed se manifest\u00f3 Lorenzino en declaraciones a FM Delta, tras calificar dichos contratos como un \"esc\u00e1ndalo\", luego\u2026","rel":"","context":"En \u00abElecciones 2015\u00bb","block_context":{"text":"Elecciones 2015","link":"http:\/\/www.24baires.com\/?cat=74"},"img":{"alt_text":"","src":"https:\/\/i0.wp.com\/www.24baires.com\/wp-content\/uploads\/2015\/09\/niembro.jpg?resize=350%2C200","width":350,"height":200,"srcset":"https:\/\/i0.wp.com\/www.24baires.com\/wp-content\/uploads\/2015\/09\/niembro.jpg?resize=350%2C200 1x, https:\/\/i0.wp.com\/www.24baires.com\/wp-content\/uploads\/2015\/09\/niembro.jpg?resize=525%2C300 1.5x"},"classes":[]},{"id":71748,"url":"http:\/\/www.24baires.com\/?p=71748","url_meta":{"origin":71984,"position":3},"title":"Allanaron dependencias del gobierno porte\u00f1o y de la empresa vinculada a Niembro","author":"GB","date":"07\/09\/2015","format":false,"excerpt":"Los allanamientos, llevados a cabo por la fiscal\u00eda de instrucci\u00f3n n\u00famero 43, a cargo del fiscal Carlos Velarde, fueron realizados en las \u00faltimas horas en oficinas del Ejecutivo porte\u00f1o y de La Usina Producciones, firma del periodista y candidato por Cambiemos El fiscal a cargo de la causa que investiga\u2026","rel":"","context":"En \u00abJUDICIALES\u00bb","block_context":{"text":"JUDICIALES","link":"http:\/\/www.24baires.com\/?cat=68"},"img":{"alt_text":"macri niembro","src":"https:\/\/i0.wp.com\/www.24baires.com\/wp-content\/uploads\/2015\/09\/macri-niembro.jpg?resize=350%2C200","width":350,"height":200,"srcset":"https:\/\/i0.wp.com\/www.24baires.com\/wp-content\/uploads\/2015\/09\/macri-niembro.jpg?resize=350%2C200 1x, https:\/\/i0.wp.com\/www.24baires.com\/wp-content\/uploads\/2015\/09\/macri-niembro.jpg?resize=525%2C300 1.5x"},"classes":[]},{"id":71852,"url":"http:\/\/www.24baires.com\/?p=71852","url_meta":{"origin":71984,"position":4},"title":"Niembro asegura que \u00abno hay motivos\u00bb para que renuncie a su candidatura","author":"AF","date":"09\/09\/2015","format":false,"excerpt":"El candidato a diputado por el frente Cambiemos asegur\u00f3 que las contrataciones de su ex empresa La Usina Producciones con el gobierno porte\u00f1o fueron adjudicadas por medio de una licitaci\u00f3n. \"No es cierto que el dinero fue dado sin licitaci\u00f3n. Nos presentamos en la compulsa de precios. Ninguna adjudicaci\u00f3n fue\u2026","rel":"","context":"En \u00abElecciones 2015\u00bb","block_context":{"text":"Elecciones 2015","link":"http:\/\/www.24baires.com\/?cat=74"},"img":{"alt_text":"fernando_niembro","src":"https:\/\/i0.wp.com\/www.24baires.com\/wp-content\/uploads\/2015\/07\/fernando_niembro.jpg?resize=350%2C200","width":350,"height":200,"srcset":"https:\/\/i0.wp.com\/www.24baires.com\/wp-content\/uploads\/2015\/07\/fernando_niembro.jpg?resize=350%2C200 1x, https:\/\/i0.wp.com\/www.24baires.com\/wp-content\/uploads\/2015\/07\/fernando_niembro.jpg?resize=525%2C300 1.5x"},"classes":[]},{"id":115802,"url":"http:\/\/www.24baires.com\/?p=115802","url_meta":{"origin":71984,"position":5},"title":"Alberto Fern\u00e1ndez anuncia la continuidad de la cuarentena en el AMBA","author":"GB","date":"31\/07\/2020","format":false,"excerpt":"El Presidente realizar\u00e1 el anuncio junto al gobernador Axel Kicillof y el jefe de Gobierno porte\u00f1o Horacio Rodr\u00edguez Larreta. El presidente Alberto Fern\u00e1ndez anunciar\u00e1 este viernes la continuidad de la cuarentena en el \u00c1rea Metropolitana de Buenos Aires (AMBA) mientras el n\u00famero de casos preocupa a las autoridades sanitarias. Como\u2026","rel":"","context":"En \u00abPol\u00edtica\u00bb","block_context":{"text":"Pol\u00edtica","link":"http:\/\/www.24baires.com\/?cat=51"},"img":{"alt_text":"","src":"https:\/\/i0.wp.com\/www.24baires.com\/wp-content\/uploads\/2020\/06\/alberto-kicillof-larreta.jpg?resize=350%2C200","width":350,"height":200,"srcset":"https:\/\/i0.wp.com\/www.24baires.com\/wp-content\/uploads\/2020\/06\/alberto-kicillof-larreta.jpg?resize=350%2C200 1x, https:\/\/i0.wp.com\/www.24baires.com\/wp-content\/uploads\/2020\/06\/alberto-kicillof-larreta.jpg?resize=525%2C300 1.5x"},"classes":[]}],"jetpack_sharing_enabled":true,"jetpack_likes_enabled":true,"jetpack_featured_media_url":"","_links":{"self":[{"href":"http:\/\/www.24baires.com\/index.php?rest_route=\/wp\/v2\/posts\/71984","targetHints":{"allow":["GET"]}}],"collection":[{"href":"http:\/\/www.24baires.com\/index.php?rest_route=\/wp\/v2\/posts"}],"about":[{"href":"http:\/\/www.24baires.com\/index.php?rest_route=\/wp\/v2\/types\/post"}],"author":[{"embeddable":true,"href":"http:\/\/www.24baires.com\/index.php?rest_route=\/wp\/v2\/users\/8"}],"replies":[{"embeddable":true,"href":"http:\/\/www.24baires.com\/index.php?rest_route=%2Fwp%2Fv2%2Fcomments&post=71984"}],"version-history":[{"count":1,"href":"http:\/\/www.24baires.com\/index.php?rest_route=\/wp\/v2\/posts\/71984\/revisions"}],"predecessor-version":[{"id":71985,"href":"http:\/\/www.24baires.com\/index.php?rest_route=\/wp\/v2\/posts\/71984\/revisions\/71985"}],"wp:attachment":[{"href":"http:\/\/www.24baires.com\/index.php?rest_route=%2Fwp%2Fv2%2Fmedia&parent=71984"}],"wp:term":[{"taxonomy":"category","embeddable":true,"href":"http:\/\/www.24baires.com\/index.php?rest_route=%2Fwp%2Fv2%2Fcategories&post=71984"},{"taxonomy":"post_tag","embeddable":true,"href":"http:\/\/www.24baires.com\/index.php?rest_route=%2Fwp%2Fv2%2Ftags&post=71984"}],"curies":[{"name":"wp","href":"https:\/\/api.w.org\/{rel}","templated":true}]}}