{"id":71965,"date":"2015-09-11T13:00:08","date_gmt":"2015-09-11T16:00:08","guid":{"rendered":"http:\/\/www.24baires.com\/?p=71965"},"modified":"2015-09-11T13:32:05","modified_gmt":"2015-09-11T16:32:05","slug":"la-procelac-denuncio-a-fernando-niembro-por-lavado-de-dinero","status":"publish","type":"post","link":"http:\/\/www.24baires.com\/?p=71965","title":{"rendered":"La Procelac denunci\u00f3 a Fernando Niembro por lavado de dinero"},"content":{"rendered":"<p><img data-recalc-dims=\"1\" loading=\"lazy\" decoding=\"async\" class=\"aligncenter size-full wp-image-71593\" src=\"https:\/\/i0.wp.com\/www.24baires.com\/wp-content\/uploads\/2015\/09\/macri-niembro.jpg?resize=560%2C317\" alt=\"macri niembro\" width=\"560\" height=\"317\" srcset=\"https:\/\/i0.wp.com\/www.24baires.com\/wp-content\/uploads\/2015\/09\/macri-niembro.jpg?w=560 560w, https:\/\/i0.wp.com\/www.24baires.com\/wp-content\/uploads\/2015\/09\/macri-niembro.jpg?resize=300%2C170 300w\" sizes=\"auto, (max-width: 560px) 100vw, 560px\" \/>La denuncia incluye al periodista deportivo a su ex socio en \u00abLa Usina Producciones\u00bb, Atilio Meza y al jefe de Gabinete porte\u00f1o, Horacio Rodr\u00edguez Larreta por incumplimiento de los deberes de funcionario p\u00fablico.<!--more--><\/p>\n<p>La Procuradur\u00eda de Criminalidad Econ\u00f3mica y Lavado de Activos (Procelac) denunci\u00f3 hoy por lavado de dinero al candidato a diputado por el frente Cambiemos, Fernando Niembro, a su ex socio en \u00abLa Usina Producciones\u00bb, Atilio Meza y al jefe de Gabinete porte\u00f1o, Horacio Rodr\u00edguez Larreta por incumplimiento de los deberes de funcionario p\u00fablico, en el marco de la causa que investiga contrataciones irregulares con el gobierno porte\u00f1o.<\/p>\n<p>\u201cNos hallamos, por el momento, frente a un universo de 164 contrataciones adjudicadas por el Gobierno de la Ciudad Aut\u00f3noma de Buenos Aires a favor de &#8216;La Usina Producciones S.R.L.&#8217; por un monto total de $19.473.878,30\u201d que nunca fueron otorgadas a trav\u00e9s del mecanismo de licitaci\u00f3n p\u00fablica\u201d, dice la denuncia presentada esta ma\u00f1ana por el titular de la Procelac, Carlos Gonella.<\/p>\n","protected":false},"excerpt":{"rendered":"<p>La denuncia incluye al periodista deportivo a su ex socio en \u00abLa Usina Producciones\u00bb, Atilio Meza y al jefe de Gabinete porte\u00f1o, Horacio Rodr\u00edguez Larreta por incumplimiento de los deberes de funcionario p\u00fablico.<\/p>\n","protected":false},"author":4,"featured_media":0,"comment_status":"open","ping_status":"open","sticky":false,"template":"","format":"standard","meta":{"_jetpack_newsletter_access":"","_jetpack_dont_email_post_to_subs":false,"_jetpack_newsletter_tier_id":0,"_jetpack_memberships_contains_paywalled_content":false,"_jetpack_memberships_contains_paid_content":false,"footnotes":""},"categories":[51],"tags":[],"class_list":["post-71965","post","type-post","status-publish","format-standard","hentry","category-politica"],"jetpack_shortlink":"https:\/\/wp.me\/p2JWE0-iIJ","jetpack-related-posts":[{"id":71780,"url":"http:\/\/www.24baires.com\/?p=71780","url_meta":{"origin":71965,"position":0},"title":"El socio de Niembro en La Usina tambi\u00e9n es candidato de Cambiemos por la Provincia","author":"AF","date":"07\/09\/2015","format":false,"excerpt":"Atilio Alberto Meza, quien qued\u00f3 al frente de la empresa tras la salida del periodista y primer candidato a diputado del macrismo, ocupa el puesto de suplente n\u00famero 13 en la boleta en la provincia de Buenos Aires. El socio de Fernando Niembro en La Usina Producciones, Alberto Atilio Meza,\u2026","rel":"","context":"En \u00abElecciones 2015\u00bb","block_context":{"text":"Elecciones 2015","link":"http:\/\/www.24baires.com\/?cat=74"},"img":{"alt_text":"","src":"","width":0,"height":0},"classes":[]},{"id":72469,"url":"http:\/\/www.24baires.com\/?p=72469","url_meta":{"origin":71965,"position":1},"title":"Seg\u00fan una encuesta, el 54% cree que Macri es responsable en el caso Niembro","author":"AF","date":"21\/09\/2015","format":false,"excerpt":"Una encuesta asegura que m\u00e1s de la mitad de los argentinos considera que el jefe de Gobierno porte\u00f1o y candidato presidencial de la alianza Cambiemos, Mauricio Macri, tiene \u201calg\u00fan grado de responsabilidad\u201d en el caso de las contrataciones por m\u00e1s de 21 millones de pesos entre la Usina, la consultora\u2026","rel":"","context":"En \u00abPol\u00edtica\u00bb","block_context":{"text":"Pol\u00edtica","link":"http:\/\/www.24baires.com\/?cat=51"},"img":{"alt_text":"macri niembro","src":"https:\/\/i0.wp.com\/www.24baires.com\/wp-content\/uploads\/2015\/09\/macri-niembro.jpg?resize=350%2C200","width":350,"height":200,"srcset":"https:\/\/i0.wp.com\/www.24baires.com\/wp-content\/uploads\/2015\/09\/macri-niembro.jpg?resize=350%2C200 1x, https:\/\/i0.wp.com\/www.24baires.com\/wp-content\/uploads\/2015\/09\/macri-niembro.jpg?resize=525%2C300 1.5x"},"classes":[]},{"id":71795,"url":"http:\/\/www.24baires.com\/?p=71795","url_meta":{"origin":71965,"position":2},"title":"Piden que Niembro baje su candidatura por el esc\u00e1ndalo de La Usina","author":"AF","date":"08\/09\/2015","format":false,"excerpt":"El legislador bonaerense, del FpV, Guido Lorenzino, consider\u00f3 que \"lo m\u00e1s digno ser\u00eda\" que el periodista y candidato a diputado nacional de la provincia de Buenos Aires por Cambiemos desista de su postulaci\u00f3n. As\u00ed se manifest\u00f3 Lorenzino en declaraciones a FM Delta, tras calificar dichos contratos como un \"esc\u00e1ndalo\", luego\u2026","rel":"","context":"En \u00abElecciones 2015\u00bb","block_context":{"text":"Elecciones 2015","link":"http:\/\/www.24baires.com\/?cat=74"},"img":{"alt_text":"","src":"https:\/\/i0.wp.com\/www.24baires.com\/wp-content\/uploads\/2015\/09\/niembro.jpg?resize=350%2C200","width":350,"height":200,"srcset":"https:\/\/i0.wp.com\/www.24baires.com\/wp-content\/uploads\/2015\/09\/niembro.jpg?resize=350%2C200 1x, https:\/\/i0.wp.com\/www.24baires.com\/wp-content\/uploads\/2015\/09\/niembro.jpg?resize=525%2C300 1.5x"},"classes":[]},{"id":71713,"url":"http:\/\/www.24baires.com\/?p=71713","url_meta":{"origin":71965,"position":3},"title":"Banco Ciudad y el gobierno porte\u00f1o, \u00fanicos clientes de La Usina Producciones","author":"GB","date":"06\/09\/2015","format":false,"excerpt":"La empresa vinculada al candidato a diputado del Pro Fernando Niembro le factur\u00f3 $21 millones al gobierno porte\u00f1o con procedimientos irregulares y firm\u00f3 un contrato con el banco para difundir publicidad. Hoy se conocieron m\u00e1s datos sobre los movimientos contractuales y facturaci\u00f3n de \"La Usina Producciones\", la empresa cuya titularidad\u2026","rel":"","context":"En \u00abPol\u00edtica\u00bb","block_context":{"text":"Pol\u00edtica","link":"http:\/\/www.24baires.com\/?cat=51"},"img":{"alt_text":"macri niembro","src":"https:\/\/i0.wp.com\/www.24baires.com\/wp-content\/uploads\/2015\/09\/macri-niembro.jpg?resize=350%2C200","width":350,"height":200,"srcset":"https:\/\/i0.wp.com\/www.24baires.com\/wp-content\/uploads\/2015\/09\/macri-niembro.jpg?resize=350%2C200 1x, https:\/\/i0.wp.com\/www.24baires.com\/wp-content\/uploads\/2015\/09\/macri-niembro.jpg?resize=525%2C300 1.5x"},"classes":[]},{"id":71748,"url":"http:\/\/www.24baires.com\/?p=71748","url_meta":{"origin":71965,"position":4},"title":"Allanaron dependencias del gobierno porte\u00f1o y de la empresa vinculada a Niembro","author":"GB","date":"07\/09\/2015","format":false,"excerpt":"Los allanamientos, llevados a cabo por la fiscal\u00eda de instrucci\u00f3n n\u00famero 43, a cargo del fiscal Carlos Velarde, fueron realizados en las \u00faltimas horas en oficinas del Ejecutivo porte\u00f1o y de La Usina Producciones, firma del periodista y candidato por Cambiemos El fiscal a cargo de la causa que investiga\u2026","rel":"","context":"En \u00abJUDICIALES\u00bb","block_context":{"text":"JUDICIALES","link":"http:\/\/www.24baires.com\/?cat=68"},"img":{"alt_text":"macri niembro","src":"https:\/\/i0.wp.com\/www.24baires.com\/wp-content\/uploads\/2015\/09\/macri-niembro.jpg?resize=350%2C200","width":350,"height":200,"srcset":"https:\/\/i0.wp.com\/www.24baires.com\/wp-content\/uploads\/2015\/09\/macri-niembro.jpg?resize=350%2C200 1x, https:\/\/i0.wp.com\/www.24baires.com\/wp-content\/uploads\/2015\/09\/macri-niembro.jpg?resize=525%2C300 1.5x"},"classes":[]},{"id":71852,"url":"http:\/\/www.24baires.com\/?p=71852","url_meta":{"origin":71965,"position":5},"title":"Niembro asegura que \u00abno hay motivos\u00bb para que renuncie a su candidatura","author":"AF","date":"09\/09\/2015","format":false,"excerpt":"El candidato a diputado por el frente Cambiemos asegur\u00f3 que las contrataciones de su ex empresa La Usina Producciones con el gobierno porte\u00f1o fueron adjudicadas por medio de una licitaci\u00f3n. \"No es cierto que el dinero fue dado sin licitaci\u00f3n. Nos presentamos en la compulsa de precios. Ninguna adjudicaci\u00f3n fue\u2026","rel":"","context":"En \u00abElecciones 2015\u00bb","block_context":{"text":"Elecciones 2015","link":"http:\/\/www.24baires.com\/?cat=74"},"img":{"alt_text":"fernando_niembro","src":"https:\/\/i0.wp.com\/www.24baires.com\/wp-content\/uploads\/2015\/07\/fernando_niembro.jpg?resize=350%2C200","width":350,"height":200,"srcset":"https:\/\/i0.wp.com\/www.24baires.com\/wp-content\/uploads\/2015\/07\/fernando_niembro.jpg?resize=350%2C200 1x, https:\/\/i0.wp.com\/www.24baires.com\/wp-content\/uploads\/2015\/07\/fernando_niembro.jpg?resize=525%2C300 1.5x"},"classes":[]}],"jetpack_sharing_enabled":true,"jetpack_likes_enabled":true,"jetpack_featured_media_url":"","_links":{"self":[{"href":"http:\/\/www.24baires.com\/index.php?rest_route=\/wp\/v2\/posts\/71965","targetHints":{"allow":["GET"]}}],"collection":[{"href":"http:\/\/www.24baires.com\/index.php?rest_route=\/wp\/v2\/posts"}],"about":[{"href":"http:\/\/www.24baires.com\/index.php?rest_route=\/wp\/v2\/types\/post"}],"author":[{"embeddable":true,"href":"http:\/\/www.24baires.com\/index.php?rest_route=\/wp\/v2\/users\/4"}],"replies":[{"embeddable":true,"href":"http:\/\/www.24baires.com\/index.php?rest_route=%2Fwp%2Fv2%2Fcomments&post=71965"}],"version-history":[{"count":1,"href":"http:\/\/www.24baires.com\/index.php?rest_route=\/wp\/v2\/posts\/71965\/revisions"}],"predecessor-version":[{"id":71966,"href":"http:\/\/www.24baires.com\/index.php?rest_route=\/wp\/v2\/posts\/71965\/revisions\/71966"}],"wp:attachment":[{"href":"http:\/\/www.24baires.com\/index.php?rest_route=%2Fwp%2Fv2%2Fmedia&parent=71965"}],"wp:term":[{"taxonomy":"category","embeddable":true,"href":"http:\/\/www.24baires.com\/index.php?rest_route=%2Fwp%2Fv2%2Fcategories&post=71965"},{"taxonomy":"post_tag","embeddable":true,"href":"http:\/\/www.24baires.com\/index.php?rest_route=%2Fwp%2Fv2%2Ftags&post=71965"}],"curies":[{"name":"wp","href":"https:\/\/api.w.org\/{rel}","templated":true}]}}