{"id":71950,"date":"2015-09-11T10:32:27","date_gmt":"2015-09-11T13:32:27","guid":{"rendered":"http:\/\/www.24baires.com\/?p=71950"},"modified":"2015-09-12T10:30:44","modified_gmt":"2015-09-12T13:30:44","slug":"anibal-asegura-que-es-altisimamente-positivo-el-aval-de-la-onu-a-la-propuesta-argentina","status":"publish","type":"post","link":"http:\/\/www.24baires.com\/?p=71950","title":{"rendered":"An\u00edbal asegura que es \u00abalt\u00edsimamente positivo\u00bb el aval de la ONU a la propuesta argentina"},"content":{"rendered":"<p><img data-recalc-dims=\"1\" loading=\"lazy\" decoding=\"async\" src=\"https:\/\/i0.wp.com\/www.24baires.com\/wp-content\/uploads\/2015\/08\/an%C3%ADbal-cierre.jpg?resize=560%2C370\" alt=\"an\u00edbal cierre\" width=\"560\" height=\"370\" class=\"aligncenter size-full wp-image-70083\" srcset=\"https:\/\/i0.wp.com\/www.24baires.com\/wp-content\/uploads\/2015\/08\/an%C3%ADbal-cierre.jpg?w=560 560w, https:\/\/i0.wp.com\/www.24baires.com\/wp-content\/uploads\/2015\/08\/an%C3%ADbal-cierre.jpg?resize=300%2C198 300w\" sizes=\"auto, (max-width: 560px) 100vw, 560px\" \/>El jefe de Gabinete destac\u00f3 el respaldo de la Asamblea General a la iniciativa para limitar el accionar de los denominados fondos buitre en los procesos de reestructuraci\u00f3n de deudas soberanas.<!--more--><\/p>\n<p>\u00abDe esta forma se pone en primer plano la necesidad de que sea respetada la voluntad de los pa\u00edses y que no sean sorprendidos en su buena fe\u00bb, apunt\u00f3 el funcionario nacional en declaraciones formuladas a la prensa al ingresar a Casa de Gobierno.<br \/>\nAsimismo, Fern\u00e1ndez valor\u00f3 que gracias al paso dado el jueves en el organismo internacional, \u00abel a\u00f1o que viene ya se tratar\u00e1 en la ONU no s\u00f3lo el tema de la deuda de los pa\u00edses -algo que no se hab\u00eda logrado en a\u00f1os-, sino que adem\u00e1s ese tratamiento contendr\u00e1 un presupuesto propio\u00bb.<\/p>\n","protected":false},"excerpt":{"rendered":"<p>El jefe de Gabinete destac\u00f3 el respaldo de la Asamblea General a la iniciativa para limitar el accionar de los denominados fondos buitre en los procesos de reestructuraci\u00f3n de deudas soberanas.<\/p>\n","protected":false},"author":4,"featured_media":0,"comment_status":"open","ping_status":"open","sticky":false,"template":"","format":"standard","meta":{"_jetpack_newsletter_access":"","_jetpack_dont_email_post_to_subs":false,"_jetpack_newsletter_tier_id":0,"_jetpack_memberships_contains_paywalled_content":false,"_jetpack_memberships_contains_paid_content":false,"footnotes":""},"categories":[51],"tags":[],"class_list":["post-71950","post","type-post","status-publish","format-standard","hentry","category-politica"],"jetpack_shortlink":"https:\/\/wp.me\/p2JWE0-iIu","jetpack-related-posts":[{"id":113690,"url":"http:\/\/www.24baires.com\/?p=113690","url_meta":{"origin":71950,"position":0},"title":"Revelan que Macri dej\u00f3 una deuda de U$S 150 millones con la ONU","author":"AF","date":"06\/01\/2020","format":false,"excerpt":"El macrismo no s\u00f3lo dej\u00f3 deudas impagas con acreedores internacionales sino que tambi\u00e9n con organismos internacionales relacionados a la diplomacia. Desde Canciller\u00eda afirmaron que el Estado argentino mantiene deudas con la ONU por U$S 151 millones. La deuda acumulada, seg\u00fan pudo confirmar El Destape, equivale a $ 9.500 millones. Se\u2026","rel":"","context":"En \u00abPol\u00edtica\u00bb","block_context":{"text":"Pol\u00edtica","link":"http:\/\/www.24baires.com\/?cat=51"},"img":{"alt_text":"","src":"https:\/\/i0.wp.com\/www.24baires.com\/wp-content\/uploads\/2019\/08\/macri.png?resize=350%2C200","width":350,"height":200,"srcset":"https:\/\/i0.wp.com\/www.24baires.com\/wp-content\/uploads\/2019\/08\/macri.png?resize=350%2C200 1x, https:\/\/i0.wp.com\/www.24baires.com\/wp-content\/uploads\/2019\/08\/macri.png?resize=525%2C300 1.5x"},"classes":[]},{"id":52801,"url":"http:\/\/www.24baires.com\/?p=52801","url_meta":{"origin":71950,"position":1},"title":"El G77+China llevar\u00e1 el tema de los fondos buitre a la ONU","author":"Grupo Sierra","date":"31\/08\/2014","format":false,"excerpt":"El canciller H\u00e9ctor Timerman se\u00f1al\u00f3 que el Grupo de los 77 m\u00e1s China promover\u00e1 el martes 9 que la Asamblea General de la ONU vote la necesidad de redactar una convenci\u00f3n sobre reestructuraci\u00f3n de deudas soberanas porque \u201cel vac\u00edo legal es enorme\u201d y \u201cafecta a la mayor\u00eda de los pa\u00edses\u2026","rel":"","context":"En \u00abEconom\u00eda\u00bb","block_context":{"text":"Econom\u00eda","link":"http:\/\/www.24baires.com\/?cat=45"},"img":{"alt_text":"timerman","src":"https:\/\/i0.wp.com\/www.24baires.com\/wp-content\/uploads\/2014\/08\/timerman.jpg?resize=350%2C200","width":350,"height":200,"srcset":"https:\/\/i0.wp.com\/www.24baires.com\/wp-content\/uploads\/2014\/08\/timerman.jpg?resize=350%2C200 1x, https:\/\/i0.wp.com\/www.24baires.com\/wp-content\/uploads\/2014\/08\/timerman.jpg?resize=525%2C300 1.5x"},"classes":[]},{"id":71879,"url":"http:\/\/www.24baires.com\/?p=71879","url_meta":{"origin":71950,"position":2},"title":"Kicillof ir\u00e1 a la ONU para impulsar la resoluci\u00f3n contra los fondos buitre","author":"GB","date":"09\/09\/2015","format":false,"excerpt":"El ministro de Econom\u00eda viajar\u00e1 esta noche a Nueva York para asistir en las Naciones Unidas a la votaci\u00f3n de la resoluci\u00f3n que condena el accionar de los fondos buitre y busca crear un marco legal para la reestructuraci\u00f3n de las deudas soberanas. Fuentes del Palacio de Hacienda confirmaron el\u2026","rel":"","context":"En \u00abEconom\u00eda\u00bb","block_context":{"text":"Econom\u00eda","link":"http:\/\/www.24baires.com\/?cat=45"},"img":{"alt_text":"kicillof onu","src":"https:\/\/i0.wp.com\/www.24baires.com\/wp-content\/uploads\/2015\/04\/kicillof-onu.jpg?resize=350%2C200","width":350,"height":200,"srcset":"https:\/\/i0.wp.com\/www.24baires.com\/wp-content\/uploads\/2015\/04\/kicillof-onu.jpg?resize=350%2C200 1x, https:\/\/i0.wp.com\/www.24baires.com\/wp-content\/uploads\/2015\/04\/kicillof-onu.jpg?resize=525%2C300 1.5x"},"classes":[]},{"id":65087,"url":"http:\/\/www.24baires.com\/?p=65087","url_meta":{"origin":71950,"position":3},"title":"\u00abEs necesaria la intervenci\u00f3n de todos los pa\u00edses\u00bb, asegur\u00f3 Kicillof ante la ONU","author":"GB","date":"29\/04\/2015","format":false,"excerpt":"El ministro de Econom\u00eda participa de una reuni\u00f3n de Naciones Unidas en la que lleva la posici\u00f3n argentina sobre reestructuraci\u00f3n de deuda soberana y el combate contra los fondos buitres. El ministro de Econom\u00eda, Axel Kicillof, dijo que en materia de reestructuraci\u00f3n de deudas soberanas \"hace falta una intervenci\u00f3n urgente\u2026","rel":"","context":"En \u00abEconom\u00eda\u00bb","block_context":{"text":"Econom\u00eda","link":"http:\/\/www.24baires.com\/?cat=45"},"img":{"alt_text":"","src":"https:\/\/i0.wp.com\/www.24baires.com\/wp-content\/uploads\/2015\/04\/kicillof-onu.jpg?resize=350%2C200","width":350,"height":200,"srcset":"https:\/\/i0.wp.com\/www.24baires.com\/wp-content\/uploads\/2015\/04\/kicillof-onu.jpg?resize=350%2C200 1x, https:\/\/i0.wp.com\/www.24baires.com\/wp-content\/uploads\/2015\/04\/kicillof-onu.jpg?resize=525%2C300 1.5x"},"classes":[]},{"id":72648,"url":"http:\/\/www.24baires.com\/?p=72648","url_meta":{"origin":71950,"position":4},"title":"Cristina viajar\u00e1 el viernes a Nueva York para participar de Asamblea de la ONU","author":"GB","date":"24\/09\/2015","format":false,"excerpt":"La mandataria se dirigir\u00e1 el pr\u00f3ximo lunes por octava y \u00faltima vez a la Asamblea General de las Naciones Unidas donde se prev\u00e9 haga especial hincapi\u00e9 en la lucha contra los fondos buitre luego de la aprobaci\u00f3n por ese cuerpo de una resoluci\u00f3n para blindar las reestructuraciones de deudas soberanas.\u2026","rel":"","context":"En \u00abPol\u00edtica\u00bb","block_context":{"text":"Pol\u00edtica","link":"http:\/\/www.24baires.com\/?cat=51"},"img":{"alt_text":"Cristina ONU 2","src":"https:\/\/i0.wp.com\/www.24baires.com\/wp-content\/uploads\/2014\/09\/Cristina-ONU-2.jpg?resize=350%2C200","width":350,"height":200,"srcset":"https:\/\/i0.wp.com\/www.24baires.com\/wp-content\/uploads\/2014\/09\/Cristina-ONU-2.jpg?resize=350%2C200 1x, https:\/\/i0.wp.com\/www.24baires.com\/wp-content\/uploads\/2014\/09\/Cristina-ONU-2.jpg?resize=525%2C300 1.5x"},"classes":[]},{"id":53498,"url":"http:\/\/www.24baires.com\/?p=53498","url_meta":{"origin":71950,"position":5},"title":"Golazo argentino en la ONU y pro buitres locales","author":"Grupo Sierra","date":"11\/09\/2014","format":false,"excerpt":"La cifra final fue de 124 votos a favor, 11 en contra y 41 abstenciones en La Asamblea General de la ONU donde se aprob\u00f3 en la ciudad de Nueva York establecer un marco regulatorio mundial para las reestructuraciones de deuda soberanas. Si, estamos aislados del mundo que\u2026 ah, no,\u2026","rel":"","context":"En \u00abOpini\u00f3n\u00bb","block_context":{"text":"Opini\u00f3n","link":"http:\/\/www.24baires.com\/?cat=64"},"img":{"alt_text":"onu","src":"https:\/\/i0.wp.com\/www.24baires.com\/wp-content\/uploads\/2012\/10\/onu.jpg?resize=350%2C200","width":350,"height":200,"srcset":"https:\/\/i0.wp.com\/www.24baires.com\/wp-content\/uploads\/2012\/10\/onu.jpg?resize=350%2C200 1x, https:\/\/i0.wp.com\/www.24baires.com\/wp-content\/uploads\/2012\/10\/onu.jpg?resize=525%2C300 1.5x"},"classes":[]}],"jetpack_sharing_enabled":true,"jetpack_likes_enabled":true,"jetpack_featured_media_url":"","_links":{"self":[{"href":"http:\/\/www.24baires.com\/index.php?rest_route=\/wp\/v2\/posts\/71950","targetHints":{"allow":["GET"]}}],"collection":[{"href":"http:\/\/www.24baires.com\/index.php?rest_route=\/wp\/v2\/posts"}],"about":[{"href":"http:\/\/www.24baires.com\/index.php?rest_route=\/wp\/v2\/types\/post"}],"author":[{"embeddable":true,"href":"http:\/\/www.24baires.com\/index.php?rest_route=\/wp\/v2\/users\/4"}],"replies":[{"embeddable":true,"href":"http:\/\/www.24baires.com\/index.php?rest_route=%2Fwp%2Fv2%2Fcomments&post=71950"}],"version-history":[{"count":1,"href":"http:\/\/www.24baires.com\/index.php?rest_route=\/wp\/v2\/posts\/71950\/revisions"}],"predecessor-version":[{"id":71951,"href":"http:\/\/www.24baires.com\/index.php?rest_route=\/wp\/v2\/posts\/71950\/revisions\/71951"}],"wp:attachment":[{"href":"http:\/\/www.24baires.com\/index.php?rest_route=%2Fwp%2Fv2%2Fmedia&parent=71950"}],"wp:term":[{"taxonomy":"category","embeddable":true,"href":"http:\/\/www.24baires.com\/index.php?rest_route=%2Fwp%2Fv2%2Fcategories&post=71950"},{"taxonomy":"post_tag","embeddable":true,"href":"http:\/\/www.24baires.com\/index.php?rest_route=%2Fwp%2Fv2%2Ftags&post=71950"}],"curies":[{"name":"wp","href":"https:\/\/api.w.org\/{rel}","templated":true}]}}