{"id":71940,"date":"2015-09-10T20:35:38","date_gmt":"2015-09-10T23:35:38","guid":{"rendered":"http:\/\/www.24baires.com\/?p=71940"},"modified":"2015-09-11T10:31:45","modified_gmt":"2015-09-11T13:31:45","slug":"argentina-ha-ejercido-su-responsabilidad-solidaria-ante-el-resto-de-los-pueblos","status":"publish","type":"post","link":"http:\/\/www.24baires.com\/?p=71940","title":{"rendered":"\u201cArgentina ha ejercido su responsabilidad solidaria ante el resto de los pueblos\u201d"},"content":{"rendered":"<p><img data-recalc-dims=\"1\" loading=\"lazy\" decoding=\"async\" class=\"aligncenter wp-image-71658 size-full\" src=\"https:\/\/i0.wp.com\/www.24baires.com\/wp-content\/uploads\/2015\/09\/cristina-energia.jpg?resize=560%2C373\" alt=\"cristina energia\" width=\"560\" height=\"373\" srcset=\"https:\/\/i0.wp.com\/www.24baires.com\/wp-content\/uploads\/2015\/09\/cristina-energia.jpg?w=560 560w, https:\/\/i0.wp.com\/www.24baires.com\/wp-content\/uploads\/2015\/09\/cristina-energia.jpg?resize=300%2C200 300w\" sizes=\"auto, (max-width: 560px) 100vw, 560px\" \/>La Presidenta agradeci\u00f3 hoy el apoyo de los pa\u00edses que avalaron el proyecto argentino de deudas soberanas y a los que no lo hicieron por \u201crecibir presiones\u201d. Resalt\u00f3 que con la iniciativa, nuestro pa\u00eds \u201ccumpli\u00f3 con su responsabilidad solidaria y pol\u00edtica\u201d. <!--more--><\/p>\n<p>La presidenta Cristina Fern\u00e1ndez de Kirchner celebr\u00f3 hoy la aprobaci\u00f3n en la ONU de los 9 principios para reestructurar deudas soberanas, que la Asamblea del organismo aprob\u00f3 esta tarde con 136 votos positivos por iniciativa argentina.<\/p>\n<p>Al hablar en cadena nacional desde Casa de Gobierno, la mandataria resalt\u00f3 que \u00abestos principios b\u00e1sicos van a regir la reestructuraci\u00f3n de las deudas de los pueblos\u00bb.<\/p>\n<p>\u00abMuchas veces los gobiernos tienen como obligaci\u00f3n principal responder a las necesidades de su pueblo, pero en esta oportunidad Argentina no solamente ha ejercido su responsabilidad con los compatriotas sino que ha ejercido su responsabilidad solidaria con el resto de los pueblos\u00bb, afirm\u00f3.<\/p>\n<p>La presidenta Cristina Fern\u00e1ndez de Kirchner destac\u00f3 que \u00abno puede haber acreedores que cobren dos pesos y otros millones solamente porque especularon\u00bb, al celebrar que la Asamblea General de Naciones Unidas aprob\u00f3 esta tarde la resoluci\u00f3n que contiene los 9 principios b\u00e1sicos para los procesos de reestructuraci\u00f3n de deudas soberanas.<\/p>\n<p>\u00abLa mayor\u00eda absoluta, 136 pa\u00edses, apoyaron estos 9 principios b\u00e1sicos\u00bb sostuvo la jefa de Estado durante un mensaje transmitido por cadena nacional durante el cual destac\u00f3 el \u00abreconocimiento de la soberan\u00eda de los Estados a formular sus pol\u00edticas macroecon\u00f3micas y poder reestructurar sus deudas\u00bb.<\/p>\n","protected":false},"excerpt":{"rendered":"<p>La Presidenta agradeci\u00f3 hoy el apoyo de los pa\u00edses que avalaron el proyecto argentino de deudas soberanas y a los que no lo hicieron por \u201crecibir presiones\u201d. Resalt\u00f3 que con la iniciativa, nuestro pa\u00eds \u201ccumpli\u00f3 con su responsabilidad solidaria y pol\u00edtica\u201d.<\/p>\n","protected":false},"author":8,"featured_media":0,"comment_status":"open","ping_status":"open","sticky":false,"template":"","format":"standard","meta":{"_jetpack_newsletter_access":"","_jetpack_dont_email_post_to_subs":false,"_jetpack_newsletter_tier_id":0,"_jetpack_memberships_contains_paywalled_content":false,"_jetpack_memberships_contains_paid_content":false,"footnotes":""},"categories":[51],"tags":[],"class_list":["post-71940","post","type-post","status-publish","format-standard","hentry","category-politica"],"jetpack_shortlink":"https:\/\/wp.me\/p2JWE0-iIk","jetpack-related-posts":[{"id":118238,"url":"http:\/\/www.24baires.com\/?p=118238","url_meta":{"origin":71940,"position":0},"title":"\u00abSer soberanos hoy es no pedir permiso para hacer un programa de gobierno\u00bb","author":"AF","date":"19\/11\/2021","format":false,"excerpt":"El Presidente encabez\u00f3 en el Palacio San Mart\u00edn el lanzamiento de la Mesa de Trabajo Interministerial \u201cAgenda Malvinas 40 a\u00f1os\u201d, en el marco de la conmemoraci\u00f3n por el D\u00eda de la Soberan\u00eda. El presidente Alberto Fern\u00e1ndez afirm\u00f3 que \"ser soberanos hoy es no pedir permiso a nadie para hacer un\u2026","rel":"","context":"En \u00abPol\u00edtica\u00bb","block_context":{"text":"Pol\u00edtica","link":"http:\/\/www.24baires.com\/?cat=51"},"img":{"alt_text":"","src":"https:\/\/i0.wp.com\/www.24baires.com\/wp-content\/uploads\/2021\/11\/6197e2b267745_900.jpg?resize=350%2C200","width":350,"height":200,"srcset":"https:\/\/i0.wp.com\/www.24baires.com\/wp-content\/uploads\/2021\/11\/6197e2b267745_900.jpg?resize=350%2C200 1x, https:\/\/i0.wp.com\/www.24baires.com\/wp-content\/uploads\/2021\/11\/6197e2b267745_900.jpg?resize=525%2C300 1.5x"},"classes":[]},{"id":102357,"url":"http:\/\/www.24baires.com\/?p=102357","url_meta":{"origin":71940,"position":1},"title":"Cristina arremeti\u00f3 contra el acuerdo entre Macri y el FMI","author":"AF","date":"25\/05\/2018","format":false,"excerpt":"A dos semanas del pedido de ayuda al Fondo por parte del gobierno, la expresidenta decidi\u00f3 hablar sobre el tema. Habl\u00f3 de \"cat\u00e1strofe\", \"tragedia\" y \"traici\u00f3n a la patria\". La expresidenta Cristina Fern\u00e1ndez rompi\u00f3 el silencio luego de dos semanas y se refiri\u00f3 al pedido de ayuda econ\u00f3mica del gobierno\u2026","rel":"","context":"En \u00abPol\u00edtica\u00bb","block_context":{"text":"Pol\u00edtica","link":"http:\/\/www.24baires.com\/?cat=51"},"img":{"alt_text":"","src":"https:\/\/i0.wp.com\/www.24baires.com\/wp-content\/uploads\/2017\/10\/cristina-conferencia-de-prensa.jpg?resize=350%2C200","width":350,"height":200,"srcset":"https:\/\/i0.wp.com\/www.24baires.com\/wp-content\/uploads\/2017\/10\/cristina-conferencia-de-prensa.jpg?resize=350%2C200 1x, https:\/\/i0.wp.com\/www.24baires.com\/wp-content\/uploads\/2017\/10\/cristina-conferencia-de-prensa.jpg?resize=525%2C300 1.5x"},"classes":[]},{"id":115106,"url":"http:\/\/www.24baires.com\/?p=115106","url_meta":{"origin":71940,"position":2},"title":"Alberto: \u00abQuiero que el mundo nos vea como un pa\u00eds que cumple sus compromisos\u00bb","author":"GB","date":"22\/05\/2020","format":false,"excerpt":"El presidente Alberto Fern\u00e1ndez asegur\u00f3 que quiere \u201cque el mundo vea a la Argentina como un pa\u00eds honorable que cumple sus compromisos\u201d al referirse a la renegociaci\u00f3n de la deuda externa que lleva adelante el Gobierno \u201csin que eso signifique una nueva postergaci\u00f3n de nuestro pueblo\u201d. En este sentido, Fern\u00e1ndez\u2026","rel":"","context":"En \u00abPol\u00edtica\u00bb","block_context":{"text":"Pol\u00edtica","link":"http:\/\/www.24baires.com\/?cat=51"},"img":{"alt_text":"","src":"https:\/\/i0.wp.com\/www.24baires.com\/wp-content\/uploads\/2020\/05\/alberto-1.jpg?resize=350%2C200","width":350,"height":200,"srcset":"https:\/\/i0.wp.com\/www.24baires.com\/wp-content\/uploads\/2020\/05\/alberto-1.jpg?resize=350%2C200 1x, https:\/\/i0.wp.com\/www.24baires.com\/wp-content\/uploads\/2020\/05\/alberto-1.jpg?resize=525%2C300 1.5x"},"classes":[]},{"id":72648,"url":"http:\/\/www.24baires.com\/?p=72648","url_meta":{"origin":71940,"position":3},"title":"Cristina viajar\u00e1 el viernes a Nueva York para participar de Asamblea de la ONU","author":"GB","date":"24\/09\/2015","format":false,"excerpt":"La mandataria se dirigir\u00e1 el pr\u00f3ximo lunes por octava y \u00faltima vez a la Asamblea General de las Naciones Unidas donde se prev\u00e9 haga especial hincapi\u00e9 en la lucha contra los fondos buitre luego de la aprobaci\u00f3n por ese cuerpo de una resoluci\u00f3n para blindar las reestructuraciones de deudas soberanas.\u2026","rel":"","context":"En \u00abPol\u00edtica\u00bb","block_context":{"text":"Pol\u00edtica","link":"http:\/\/www.24baires.com\/?cat=51"},"img":{"alt_text":"Cristina ONU 2","src":"https:\/\/i0.wp.com\/www.24baires.com\/wp-content\/uploads\/2014\/09\/Cristina-ONU-2.jpg?resize=350%2C200","width":350,"height":200,"srcset":"https:\/\/i0.wp.com\/www.24baires.com\/wp-content\/uploads\/2014\/09\/Cristina-ONU-2.jpg?resize=350%2C200 1x, https:\/\/i0.wp.com\/www.24baires.com\/wp-content\/uploads\/2014\/09\/Cristina-ONU-2.jpg?resize=525%2C300 1.5x"},"classes":[]},{"id":108392,"url":"http:\/\/www.24baires.com\/?p=108392","url_meta":{"origin":71940,"position":4},"title":"Alberto y Cristina Fern\u00e1ndez presentaron su candidatura en Merlo","author":"AF","date":"26\/05\/2019","format":false,"excerpt":"El precandidato a presidente se present\u00f3 con su candidata a vice, la ex mandataria Cristina Kirchner: \"Yo estuve en el laberinto de la crisis y se c\u00f3mo salir\", enfatiz\u00f3 Alberto. Alberto Fern\u00e1ndez present\u00f3 su f\u00f3rmula junto a Cristina Kirchner de cara a las elecciones presidenciales de octubre en la que\u2026","rel":"","context":"En \u00abPol\u00edtica\u00bb","block_context":{"text":"Pol\u00edtica","link":"http:\/\/www.24baires.com\/?cat=51"},"img":{"alt_text":"","src":"https:\/\/i0.wp.com\/www.24baires.com\/wp-content\/uploads\/2019\/05\/alberto-cristina-fernandez-merlo.jpg?resize=350%2C200","width":350,"height":200,"srcset":"https:\/\/i0.wp.com\/www.24baires.com\/wp-content\/uploads\/2019\/05\/alberto-cristina-fernandez-merlo.jpg?resize=350%2C200 1x, https:\/\/i0.wp.com\/www.24baires.com\/wp-content\/uploads\/2019\/05\/alberto-cristina-fernandez-merlo.jpg?resize=525%2C300 1.5x"},"classes":[]},{"id":118112,"url":"http:\/\/www.24baires.com\/?p=118112","url_meta":{"origin":71940,"position":5},"title":"Guzm\u00e1n: \u00abLas cargas de deuda impiden la recuperaci\u00f3n y crean una din\u00e1mica desestabilizadora\u00bb","author":"AF","date":"06\/10\/2021","format":false,"excerpt":"El ministro de Econom\u00eda particip\u00f3 de la XV Conferencia de las Naciones Unidas sobre Comercio y Desarrollo (Unctad) y habl\u00f3 sobre la reestructuraci\u00f3n llevada adelante por Argentina el a\u00f1o pasado. \"Hacen falta reformas en la arquitectura financiera internacional\", expres\u00f3. El ministro de Econom\u00eda, Mart\u00edn Guzm\u00e1n, advirti\u00f3 este mi\u00e9rcoles que \"las\u2026","rel":"","context":"En \u00abEconom\u00eda\u00bb","block_context":{"text":"Econom\u00eda","link":"http:\/\/www.24baires.com\/?cat=45"},"img":{"alt_text":"","src":"https:\/\/i0.wp.com\/www.24baires.com\/wp-content\/uploads\/2020\/05\/guzman-1.jpg?resize=350%2C200","width":350,"height":200,"srcset":"https:\/\/i0.wp.com\/www.24baires.com\/wp-content\/uploads\/2020\/05\/guzman-1.jpg?resize=350%2C200 1x, https:\/\/i0.wp.com\/www.24baires.com\/wp-content\/uploads\/2020\/05\/guzman-1.jpg?resize=525%2C300 1.5x"},"classes":[]}],"jetpack_sharing_enabled":true,"jetpack_likes_enabled":true,"jetpack_featured_media_url":"","_links":{"self":[{"href":"http:\/\/www.24baires.com\/index.php?rest_route=\/wp\/v2\/posts\/71940","targetHints":{"allow":["GET"]}}],"collection":[{"href":"http:\/\/www.24baires.com\/index.php?rest_route=\/wp\/v2\/posts"}],"about":[{"href":"http:\/\/www.24baires.com\/index.php?rest_route=\/wp\/v2\/types\/post"}],"author":[{"embeddable":true,"href":"http:\/\/www.24baires.com\/index.php?rest_route=\/wp\/v2\/users\/8"}],"replies":[{"embeddable":true,"href":"http:\/\/www.24baires.com\/index.php?rest_route=%2Fwp%2Fv2%2Fcomments&post=71940"}],"version-history":[{"count":1,"href":"http:\/\/www.24baires.com\/index.php?rest_route=\/wp\/v2\/posts\/71940\/revisions"}],"predecessor-version":[{"id":71941,"href":"http:\/\/www.24baires.com\/index.php?rest_route=\/wp\/v2\/posts\/71940\/revisions\/71941"}],"wp:attachment":[{"href":"http:\/\/www.24baires.com\/index.php?rest_route=%2Fwp%2Fv2%2Fmedia&parent=71940"}],"wp:term":[{"taxonomy":"category","embeddable":true,"href":"http:\/\/www.24baires.com\/index.php?rest_route=%2Fwp%2Fv2%2Fcategories&post=71940"},{"taxonomy":"post_tag","embeddable":true,"href":"http:\/\/www.24baires.com\/index.php?rest_route=%2Fwp%2Fv2%2Ftags&post=71940"}],"curies":[{"name":"wp","href":"https:\/\/api.w.org\/{rel}","templated":true}]}}