{"id":71916,"date":"2015-09-10T16:06:57","date_gmt":"2015-09-10T19:06:57","guid":{"rendered":"http:\/\/www.24baires.com\/?p=71916"},"modified":"2015-09-11T10:31:35","modified_gmt":"2015-09-11T13:31:35","slug":"cristina-se-reunio-con-lula-en-casa-de-gobierno","status":"publish","type":"post","link":"http:\/\/www.24baires.com\/?p=71916","title":{"rendered":"Cristina se reuni\u00f3 con Lula en Casa de Gobierno"},"content":{"rendered":"<p><img data-recalc-dims=\"1\" loading=\"lazy\" decoding=\"async\" class=\"aligncenter size-full wp-image-71917\" src=\"https:\/\/i0.wp.com\/www.24baires.com\/wp-content\/uploads\/2015\/09\/lula-cristina.jpg?resize=560%2C373\" alt=\"lula cristina\" width=\"560\" height=\"373\" srcset=\"https:\/\/i0.wp.com\/www.24baires.com\/wp-content\/uploads\/2015\/09\/lula-cristina.jpg?w=560 560w, https:\/\/i0.wp.com\/www.24baires.com\/wp-content\/uploads\/2015\/09\/lula-cristina.jpg?resize=300%2C200 300w\" sizes=\"auto, (max-width: 560px) 100vw, 560px\" \/>Tras una breve reuni\u00f3n, la Presidenta invit\u00f3 al ex presidente de Brasil a compartir en el comedor presidencial un almuerzo privado durante el cual pasar\u00e1n revista a la situaci\u00f3n de la regi\u00f3n.<!--more--><\/p>\n<p>La presidenta Cristina Fern\u00e1ndez de Kirchner recibe este mediod\u00eda en la Casa de Gobierno al ex jefe de Estado de Brasil, Inacio Lula Da Silva, quien se encuentra desde ayer de visita en nuestro pa\u00eds.<\/p>\n<p>Tras una breve reuni\u00f3n, la jefa de Estado invit\u00f3 a su ilustre visitante a compartir en el comedor presidencial un almuerzo privado durante el cual pasar\u00e1n revista a la situaci\u00f3n de la regi\u00f3n, del cual participa adem\u00e1s el embajador del pa\u00eds vecino, Everton Vieira Vargas.<\/p>\n","protected":false},"excerpt":{"rendered":"<p>Tras una breve reuni\u00f3n, la Presidenta invit\u00f3 al ex presidente de Brasil a compartir en el comedor presidencial un almuerzo privado durante el cual pasar\u00e1n revista a la situaci\u00f3n de la regi\u00f3n.<\/p>\n","protected":false},"author":8,"featured_media":0,"comment_status":"open","ping_status":"open","sticky":false,"template":"","format":"standard","meta":{"_jetpack_newsletter_access":"","_jetpack_dont_email_post_to_subs":false,"_jetpack_newsletter_tier_id":0,"_jetpack_memberships_contains_paywalled_content":false,"_jetpack_memberships_contains_paid_content":false,"footnotes":""},"categories":[51],"tags":[],"class_list":["post-71916","post","type-post","status-publish","format-standard","hentry","category-politica"],"jetpack_shortlink":"https:\/\/wp.me\/p2JWE0-iHW","jetpack-related-posts":[{"id":111073,"url":"http:\/\/www.24baires.com\/?p=111073","url_meta":{"origin":71916,"position":0},"title":"Alberto Fern\u00e1ndez visit\u00f3 a Lula en la c\u00e1rcel","author":"AF","date":"04\/07\/2019","format":false,"excerpt":"El precandidato presidencial por el Frente de Todos se reuni\u00f3 en Curitiba con el ex Presidente de Brasil, quien cumple una condena por corrupci\u00f3n tras un escandaloso proceso judicial cuestionado en todo el mundo. Alberto Fern\u00e1ndez visit\u00f3 este jueves al ex presidente de Brasil, Luiz In\u00e1cio Lula da Silva, quien\u2026","rel":"","context":"En \u00abPol\u00edtica\u00bb","block_context":{"text":"Pol\u00edtica","link":"http:\/\/www.24baires.com\/?cat=51"},"img":{"alt_text":"","src":"https:\/\/i0.wp.com\/www.24baires.com\/wp-content\/uploads\/2019\/07\/lula-fern%C3%A1ndez.jpg?resize=350%2C200","width":350,"height":200,"srcset":"https:\/\/i0.wp.com\/www.24baires.com\/wp-content\/uploads\/2019\/07\/lula-fern%C3%A1ndez.jpg?resize=350%2C200 1x, https:\/\/i0.wp.com\/www.24baires.com\/wp-content\/uploads\/2019\/07\/lula-fern%C3%A1ndez.jpg?resize=525%2C300 1.5x"},"classes":[]},{"id":103564,"url":"http:\/\/www.24baires.com\/?p=103564","url_meta":{"origin":71916,"position":1},"title":"Macri y Temer buscan avanzar en un tratado de libre comercio con la Uni\u00f3n Europea","author":"AF","date":"27\/07\/2018","format":false,"excerpt":"Ambos se encuentran en la cumbre de Brics, en Sud\u00e1frica. El jefe de la Casa Rosada quiere que el acuerdo se firme antes de las elecciones presidenciales de Brasil, donde asoma la sombra de Lula. Mauricio Macri y Michel Temer quieren sacarle todo el jugo posible a los pocos minutos\u2026","rel":"","context":"En \u00abPol\u00edtica\u00bb","block_context":{"text":"Pol\u00edtica","link":"http:\/\/www.24baires.com\/?cat=51"},"img":{"alt_text":"","src":"https:\/\/i0.wp.com\/www.24baires.com\/wp-content\/uploads\/2016\/10\/macri-temer.jpg?resize=350%2C200","width":350,"height":200,"srcset":"https:\/\/i0.wp.com\/www.24baires.com\/wp-content\/uploads\/2016\/10\/macri-temer.jpg?resize=350%2C200 1x, https:\/\/i0.wp.com\/www.24baires.com\/wp-content\/uploads\/2016\/10\/macri-temer.jpg?resize=525%2C300 1.5x"},"classes":[]},{"id":119744,"url":"http:\/\/www.24baires.com\/?p=119744","url_meta":{"origin":71916,"position":2},"title":"Fern\u00e1ndez pidi\u00f3 fortalecer \u00abla institucionalidad ante una derecha recalcitrante\u00bb","author":"AF","date":"24\/01\/2023","format":false,"excerpt":"\u201cLa oportunidad de unir a la regi\u00f3n es un imperativo\u201d, dijo el mandatario argentino al dar por iniciada la cumbre y advirti\u00f3 que \"la democracia est\u00e1 en peligro\" por una \"derecha recalcitrante y fascista\u201d. Por primera vez participan presidentes y representantes de los 33 pa\u00edses que integran la Celac. El\u2026","rel":"","context":"En \u00abPol\u00edtica\u00bb","block_context":{"text":"Pol\u00edtica","link":"http:\/\/www.24baires.com\/?cat=51"},"img":{"alt_text":"","src":"https:\/\/i0.wp.com\/www.24baires.com\/wp-content\/uploads\/2023\/01\/AF-LDS.jpeg?resize=350%2C200","width":350,"height":200,"srcset":"https:\/\/i0.wp.com\/www.24baires.com\/wp-content\/uploads\/2023\/01\/AF-LDS.jpeg?resize=350%2C200 1x, https:\/\/i0.wp.com\/www.24baires.com\/wp-content\/uploads\/2023\/01\/AF-LDS.jpeg?resize=525%2C300 1.5x, https:\/\/i0.wp.com\/www.24baires.com\/wp-content\/uploads\/2023\/01\/AF-LDS.jpeg?resize=700%2C400 2x"},"classes":[]},{"id":101409,"url":"http:\/\/www.24baires.com\/?p=101409","url_meta":{"origin":71916,"position":3},"title":"Brasil: con amenaza de golpe de Estado, se define si Lula va preso","author":"GB","date":"04\/04\/2018","format":false,"excerpt":"Los militares amenazaron con una intervenci\u00f3n militar. Desde las clases populares, con un levantamiento en armas. La Corte Suprema define el destino del pa\u00eds vecino. A horas de que el Supremo Tribunal Federal (STF), la Corte Suprema de Brasil, se expida sobre el posible encarcelamiento al ex presidente Luiz In\u00e1cio\u2026","rel":"","context":"En \u00abInternacionales\u00bb","block_context":{"text":"Internacionales","link":"http:\/\/www.24baires.com\/?cat=73"},"img":{"alt_text":"","src":"https:\/\/i0.wp.com\/www.24baires.com\/wp-content\/uploads\/2018\/04\/lula.jpg?resize=350%2C200","width":350,"height":200,"srcset":"https:\/\/i0.wp.com\/www.24baires.com\/wp-content\/uploads\/2018\/04\/lula.jpg?resize=350%2C200 1x, https:\/\/i0.wp.com\/www.24baires.com\/wp-content\/uploads\/2018\/04\/lula.jpg?resize=525%2C300 1.5x"},"classes":[]},{"id":67162,"url":"http:\/\/www.24baires.com\/?p=67162","url_meta":{"origin":71916,"position":4},"title":"Cristina se reuni\u00f3 con &#8216;Lula&#8217; en Roma","author":"GB","date":"06\/06\/2015","format":false,"excerpt":"La presidenta Cristina Fern\u00e1ndez de Kirchner se reuni\u00f3 en Roma con el ex mandatario brasile\u00f1o, Luiz Inacio 'Lula' Da Silva, en el marco de la visita que cumple desde ayer en la capital italiana, y como parte de la cual se entrevistar\u00e1 ma\u00f1ana con el papa Francisco. \"Fue un gran\u2026","rel":"","context":"En \u00abPol\u00edtica\u00bb","block_context":{"text":"Pol\u00edtica","link":"http:\/\/www.24baires.com\/?cat=51"},"img":{"alt_text":"","src":"https:\/\/i0.wp.com\/www.24baires.com\/wp-content\/uploads\/2015\/06\/cristina-lula.jpg?resize=350%2C200","width":350,"height":200,"srcset":"https:\/\/i0.wp.com\/www.24baires.com\/wp-content\/uploads\/2015\/06\/cristina-lula.jpg?resize=350%2C200 1x, https:\/\/i0.wp.com\/www.24baires.com\/wp-content\/uploads\/2015\/06\/cristina-lula.jpg?resize=525%2C300 1.5x"},"classes":[]},{"id":121535,"url":"http:\/\/www.24baires.com\/?p=121535","url_meta":{"origin":71916,"position":5},"title":"Axel Kicillof viaja a Brasil","author":"GB","date":"13\/08\/2024","format":false,"excerpt":"El gobernador bonaerense, Axel Kicillof, estar\u00e1 hoy en Brasil para mantener tres reuniones de alto vuelo pol\u00edtico y diplom\u00e1tico. Poco m\u00e1s de un a\u00f1o despu\u00e9s de su \u00faltima visita, el gobernador de la provincia de Buenos Aires, Axel Kicillof, vuelve a Brasil. Esta vez ir\u00e1 a Brasilia, ciudad capital del\u2026","rel":"","context":"En \u00abProvincia\u00bb","block_context":{"text":"Provincia","link":"http:\/\/www.24baires.com\/?cat=40"},"img":{"alt_text":"","src":"https:\/\/i0.wp.com\/www.24baires.com\/wp-content\/uploads\/2024\/08\/axel-brasil.webp?resize=350%2C200","width":350,"height":200,"srcset":"https:\/\/i0.wp.com\/www.24baires.com\/wp-content\/uploads\/2024\/08\/axel-brasil.webp?resize=350%2C200 1x, https:\/\/i0.wp.com\/www.24baires.com\/wp-content\/uploads\/2024\/08\/axel-brasil.webp?resize=525%2C300 1.5x, https:\/\/i0.wp.com\/www.24baires.com\/wp-content\/uploads\/2024\/08\/axel-brasil.webp?resize=700%2C400 2x"},"classes":[]}],"jetpack_sharing_enabled":true,"jetpack_likes_enabled":true,"jetpack_featured_media_url":"","_links":{"self":[{"href":"http:\/\/www.24baires.com\/index.php?rest_route=\/wp\/v2\/posts\/71916","targetHints":{"allow":["GET"]}}],"collection":[{"href":"http:\/\/www.24baires.com\/index.php?rest_route=\/wp\/v2\/posts"}],"about":[{"href":"http:\/\/www.24baires.com\/index.php?rest_route=\/wp\/v2\/types\/post"}],"author":[{"embeddable":true,"href":"http:\/\/www.24baires.com\/index.php?rest_route=\/wp\/v2\/users\/8"}],"replies":[{"embeddable":true,"href":"http:\/\/www.24baires.com\/index.php?rest_route=%2Fwp%2Fv2%2Fcomments&post=71916"}],"version-history":[{"count":1,"href":"http:\/\/www.24baires.com\/index.php?rest_route=\/wp\/v2\/posts\/71916\/revisions"}],"predecessor-version":[{"id":71918,"href":"http:\/\/www.24baires.com\/index.php?rest_route=\/wp\/v2\/posts\/71916\/revisions\/71918"}],"wp:attachment":[{"href":"http:\/\/www.24baires.com\/index.php?rest_route=%2Fwp%2Fv2%2Fmedia&parent=71916"}],"wp:term":[{"taxonomy":"category","embeddable":true,"href":"http:\/\/www.24baires.com\/index.php?rest_route=%2Fwp%2Fv2%2Fcategories&post=71916"},{"taxonomy":"post_tag","embeddable":true,"href":"http:\/\/www.24baires.com\/index.php?rest_route=%2Fwp%2Fv2%2Ftags&post=71916"}],"curies":[{"name":"wp","href":"https:\/\/api.w.org\/{rel}","templated":true}]}}