{"id":71907,"date":"2015-09-10T12:30:25","date_gmt":"2015-09-10T15:30:25","guid":{"rendered":"http:\/\/www.24baires.com\/?p=71907"},"modified":"2015-09-10T11:58:22","modified_gmt":"2015-09-10T14:58:22","slug":"carrio-y-sanz-hicieron-su-discurso-con-la-etica-y-ahora-se-callan-la-boca","status":"publish","type":"post","link":"http:\/\/www.24baires.com\/?p=71907","title":{"rendered":"\u00abCarri\u00f3 y Sanz hicieron su discurso con la \u00e9tica y ahora se callan la boca\u00bb"},"content":{"rendered":"<p><img data-recalc-dims=\"1\" loading=\"lazy\" decoding=\"async\" class=\"aligncenter size-full wp-image-50552\" src=\"https:\/\/i0.wp.com\/www.24baires.com\/wp-content\/uploads\/2014\/07\/felipe-sol%C3%A1.jpg?resize=560%2C336\" alt=\"felipe sol\u00e1\" width=\"560\" height=\"336\" srcset=\"https:\/\/i0.wp.com\/www.24baires.com\/wp-content\/uploads\/2014\/07\/felipe-sol%C3%A1.jpg?w=560 560w, https:\/\/i0.wp.com\/www.24baires.com\/wp-content\/uploads\/2014\/07\/felipe-sol%C3%A1.jpg?resize=300%2C180 300w\" sizes=\"auto, (max-width: 560px) 100vw, 560px\" \/>El candidato a gobernador bonaerense por el Frente Renovador, Felipe Sol\u00e1, critic\u00f3 a Elisa Carri\u00f3 y a Ernesto Sanz, socios del PRO en la alianza Cambiemos, por no tomar postura p\u00fablica en el esc\u00e1ndalo que involucra al periodista Fernando Niembro, postulante a diputado por el macrismo, por contratos entre la el Ejecutivo porte\u00f1o y la empresa La Usina de la que fue socio.<!--more--><\/p>\n<p>En declaraciones radiales, Sol\u00e1 dispar\u00f3: \u00abCarri\u00f3 y Sanz hicieron su discurso con la \u00e9tica y ahora se callan la boca\u00bb.<\/p>\n<p>\u00abA un candidato se le encargaron funciones diferentes, Niembro hace de intermediario y subcontrata lo que el Gobierno de la Ciudad necesita. Da siempre para pensar que hay retornos\u00bb, lanz\u00f3 el diputado nacional.<\/p>\n<p>Asimismo, Sol\u00e1 consider\u00f3 que el l\u00edder del PRO y candidato presidencial, Mauricio Macri, \u00abtendr\u00eda que haber puesto la cara y rajar a Niembro de la lista\u00bb. \u00abFrente a un hecho de denuncia de corrupci\u00f3n hacen lo mismo que criticaban del gobierno\u00bb, sostuvo. Y remat\u00f3: \u00abHay que tomar las medidas necesarias. Hay que ser y parecer\u00bb.<\/p>\n","protected":false},"excerpt":{"rendered":"<p>El candidato a gobernador bonaerense por el Frente Renovador, Felipe Sol\u00e1, critic\u00f3 a Elisa Carri\u00f3 y a Ernesto Sanz, socios del PRO en la alianza Cambiemos, por no tomar postura p\u00fablica en el esc\u00e1ndalo que involucra al periodista Fernando Niembro, postulante a diputado por el macrismo, por contratos entre la el Ejecutivo porte\u00f1o y la empresa La Usina de la [&#8230;]<\/p>\n","protected":false},"author":4,"featured_media":0,"comment_status":"open","ping_status":"open","sticky":false,"template":"","format":"standard","meta":{"_jetpack_newsletter_access":"","_jetpack_dont_email_post_to_subs":false,"_jetpack_newsletter_tier_id":0,"_jetpack_memberships_contains_paywalled_content":false,"_jetpack_memberships_contains_paid_content":false,"footnotes":""},"categories":[51],"tags":[],"class_list":["post-71907","post","type-post","status-publish","format-standard","hentry","category-politica"],"jetpack_shortlink":"https:\/\/wp.me\/p2JWE0-iHN","jetpack-related-posts":[{"id":71886,"url":"http:\/\/www.24baires.com\/?p=71886","url_meta":{"origin":71907,"position":0},"title":"Stolbizer contra Macri: \u00ab\u00bfCu\u00e1ntos Niembros m\u00e1s tiene la Ciudad?\u00bb","author":"GB","date":"09\/09\/2015","format":false,"excerpt":"\"\u00bfCu\u00e1ntos Niembros m\u00e1s tiene el gobierno de CABA?\", se pregunt\u00f3 la candidata a presidenta de Progresistas, en referencia al acuerdo electoral que tienen Carri\u00f3 y el radicalismo con el PRO y las irregularidades como las detectadas en los contratos que involucraron al gobierno de la ciudad y al periodista. La\u2026","rel":"","context":"En \u00abElecciones 2015\u00bb","block_context":{"text":"Elecciones 2015","link":"http:\/\/www.24baires.com\/?cat=74"},"img":{"alt_text":"Stolbizer2","src":"https:\/\/i0.wp.com\/www.24baires.com\/wp-content\/uploads\/2014\/08\/Stolbizer2.jpg?resize=350%2C200","width":350,"height":200,"srcset":"https:\/\/i0.wp.com\/www.24baires.com\/wp-content\/uploads\/2014\/08\/Stolbizer2.jpg?resize=350%2C200 1x, https:\/\/i0.wp.com\/www.24baires.com\/wp-content\/uploads\/2014\/08\/Stolbizer2.jpg?resize=525%2C300 1.5x"},"classes":[]},{"id":71821,"url":"http:\/\/www.24baires.com\/?p=71821","url_meta":{"origin":71907,"position":1},"title":"\u00abQue Niembro d\u00e9 explicaciones o que Macri y Vidal no hablen m\u00e1s de corrupci\u00f3n\u00bb","author":"GB","date":"08\/09\/2015","format":false,"excerpt":"El candidato a gobernador bonaerense por UNA carg\u00f3 contra los principales referentes del macrismo en medio del mutismo que ese espacio adopt\u00f3 luego de que estallara el esc\u00e1ndalo que involucra a uno de sus candidatos. El candidato a gobernador bonerense por el frente Unidos por una Nueva Alternativa (UNA), Felipe\u2026","rel":"","context":"En \u00abPol\u00edtica\u00bb","block_context":{"text":"Pol\u00edtica","link":"http:\/\/www.24baires.com\/?cat=51"},"img":{"alt_text":"felipe sol\u00e1","src":"https:\/\/i0.wp.com\/www.24baires.com\/wp-content\/uploads\/2014\/07\/felipe-sol%C3%A1.jpg?resize=350%2C200","width":350,"height":200,"srcset":"https:\/\/i0.wp.com\/www.24baires.com\/wp-content\/uploads\/2014\/07\/felipe-sol%C3%A1.jpg?resize=350%2C200 1x, https:\/\/i0.wp.com\/www.24baires.com\/wp-content\/uploads\/2014\/07\/felipe-sol%C3%A1.jpg?resize=525%2C300 1.5x"},"classes":[]},{"id":63340,"url":"http:\/\/www.24baires.com\/?p=63340","url_meta":{"origin":71907,"position":2},"title":"Carri\u00f3: \u00abA diferencia de Macri y del radicalismo yo no me financio con grandes empresarios\u00bb","author":"AF","date":"18\/03\/2015","format":false,"excerpt":"La diputada nacional por la Coalici\u00f3n C\u00edvica-ARI (CC-ARI) y precandidata presidencial, Elisa Carri\u00f3, dispar\u00f3 contra el radicalismo y el l\u00edder del PRO, Mauricio Macri. \"La gente me pidi\u00f3 Rep\u00fablica, ya est\u00e1 la posibilidad de la Rep\u00fablica; ahora guarda con lo que van a elegir porque la libertad y la responsabilidad\u2026","rel":"","context":"En \u00abElecciones 2015\u00bb","block_context":{"text":"Elecciones 2015","link":"http:\/\/www.24baires.com\/?cat=74"},"img":{"alt_text":"carri\u00f3","src":"https:\/\/i0.wp.com\/www.24baires.com\/wp-content\/uploads\/2014\/04\/carri%C3%B3.jpg?resize=350%2C200","width":350,"height":200,"srcset":"https:\/\/i0.wp.com\/www.24baires.com\/wp-content\/uploads\/2014\/04\/carri%C3%B3.jpg?resize=350%2C200 1x, https:\/\/i0.wp.com\/www.24baires.com\/wp-content\/uploads\/2014\/04\/carri%C3%B3.jpg?resize=525%2C300 1.5x"},"classes":[]},{"id":67634,"url":"http:\/\/www.24baires.com\/?p=67634","url_meta":{"origin":71907,"position":3},"title":"Sanz no descart\u00f3 una alianza con Massa en la Provincia","author":"AF","date":"16\/06\/2015","format":false,"excerpt":"El precandidato a presidente por la UCR, Ernesto Sanz, afirm\u00f3 que \"a nivel nacional\" no hay posibilidad de que el frente que integra junto al PRO de Mauricio Macri y la diputada Elisa Carri\u00f3 sume al Frente Renovador de Sergio Massa, aunque no descart\u00f3 esa chance en la provincia de\u2026","rel":"","context":"En \u00abElecciones 2015\u00bb","block_context":{"text":"Elecciones 2015","link":"http:\/\/www.24baires.com\/?cat=74"},"img":{"alt_text":"","src":"https:\/\/i0.wp.com\/www.24baires.com\/wp-content\/uploads\/2015\/06\/sanz-massa.jpg?resize=350%2C200","width":350,"height":200,"srcset":"https:\/\/i0.wp.com\/www.24baires.com\/wp-content\/uploads\/2015\/06\/sanz-massa.jpg?resize=350%2C200 1x, https:\/\/i0.wp.com\/www.24baires.com\/wp-content\/uploads\/2015\/06\/sanz-massa.jpg?resize=525%2C300 1.5x"},"classes":[]},{"id":57723,"url":"http:\/\/www.24baires.com\/?p=57723","url_meta":{"origin":71907,"position":4},"title":"Macri descart\u00f3 una alianza con Massa","author":"GB","date":"26\/11\/2014","format":false,"excerpt":"El jefe de gobierno porte\u00f1o y l\u00edder del PRO, Mauricio Macri, descart\u00f3 la posibilidad de una alianza con Sergio Massa por considerarlo como \"continuidad\" de la actual gesti\u00f3n kirchnerista y fogone\u00f3 una interna con Ernesto Sanz y Elisa Carri\u00f3. \"Para m\u00ed (Massa) es el candidato del Partido Justicialista, de la\u2026","rel":"","context":"En \u00abElecciones 2015\u00bb","block_context":{"text":"Elecciones 2015","link":"http:\/\/www.24baires.com\/?cat=74"},"img":{"alt_text":"macri","src":"https:\/\/i0.wp.com\/www.24baires.com\/wp-content\/uploads\/2013\/10\/macri.jpg?resize=350%2C200","width":350,"height":200,"srcset":"https:\/\/i0.wp.com\/www.24baires.com\/wp-content\/uploads\/2013\/10\/macri.jpg?resize=350%2C200 1x, https:\/\/i0.wp.com\/www.24baires.com\/wp-content\/uploads\/2013\/10\/macri.jpg?resize=525%2C300 1.5x"},"classes":[]},{"id":56957,"url":"http:\/\/www.24baires.com\/?p=56957","url_meta":{"origin":71907,"position":5},"title":"\u00bfSe viene la delantera Macri-Sanz-Carri\u00f3?","author":"Grupo Sierra","date":"11\/11\/2014","format":false,"excerpt":"A trav\u00e9s de su cuenta de Facebook, el l\u00edder del PRO abri\u00f3 el juego y dej\u00f3 abierta una posible b\u00fasqueda de alianzas de cara a las pr\u00f3ximas elecciones. \"Somos muchos los que queremos un cambio verdadero; veo esa vocaci\u00f3n en Sanz y Carri\u00f3\", afirm\u00f3. A trav\u00e9s de un breve mensaje\u2026","rel":"","context":"En \u00abElecciones 2015\u00bb","block_context":{"text":"Elecciones 2015","link":"http:\/\/www.24baires.com\/?cat=74"},"img":{"alt_text":"","src":"https:\/\/i0.wp.com\/www.24baires.com\/wp-content\/uploads\/2014\/11\/macri-carrio-sanz.jpg?resize=350%2C200","width":350,"height":200,"srcset":"https:\/\/i0.wp.com\/www.24baires.com\/wp-content\/uploads\/2014\/11\/macri-carrio-sanz.jpg?resize=350%2C200 1x, https:\/\/i0.wp.com\/www.24baires.com\/wp-content\/uploads\/2014\/11\/macri-carrio-sanz.jpg?resize=525%2C300 1.5x"},"classes":[]}],"jetpack_sharing_enabled":true,"jetpack_likes_enabled":true,"jetpack_featured_media_url":"","_links":{"self":[{"href":"http:\/\/www.24baires.com\/index.php?rest_route=\/wp\/v2\/posts\/71907","targetHints":{"allow":["GET"]}}],"collection":[{"href":"http:\/\/www.24baires.com\/index.php?rest_route=\/wp\/v2\/posts"}],"about":[{"href":"http:\/\/www.24baires.com\/index.php?rest_route=\/wp\/v2\/types\/post"}],"author":[{"embeddable":true,"href":"http:\/\/www.24baires.com\/index.php?rest_route=\/wp\/v2\/users\/4"}],"replies":[{"embeddable":true,"href":"http:\/\/www.24baires.com\/index.php?rest_route=%2Fwp%2Fv2%2Fcomments&post=71907"}],"version-history":[{"count":1,"href":"http:\/\/www.24baires.com\/index.php?rest_route=\/wp\/v2\/posts\/71907\/revisions"}],"predecessor-version":[{"id":71909,"href":"http:\/\/www.24baires.com\/index.php?rest_route=\/wp\/v2\/posts\/71907\/revisions\/71909"}],"wp:attachment":[{"href":"http:\/\/www.24baires.com\/index.php?rest_route=%2Fwp%2Fv2%2Fmedia&parent=71907"}],"wp:term":[{"taxonomy":"category","embeddable":true,"href":"http:\/\/www.24baires.com\/index.php?rest_route=%2Fwp%2Fv2%2Fcategories&post=71907"},{"taxonomy":"post_tag","embeddable":true,"href":"http:\/\/www.24baires.com\/index.php?rest_route=%2Fwp%2Fv2%2Ftags&post=71907"}],"curies":[{"name":"wp","href":"https:\/\/api.w.org\/{rel}","templated":true}]}}