{"id":71902,"date":"2015-09-10T11:31:58","date_gmt":"2015-09-10T14:31:58","guid":{"rendered":"http:\/\/www.24baires.com\/?p=71902"},"modified":"2015-09-10T11:31:58","modified_gmt":"2015-09-10T14:31:58","slug":"la-escuela-de-periodismo-de-niembro-tambien-facturo-por-cursos-a-la-metropolitana","status":"publish","type":"post","link":"http:\/\/www.24baires.com\/?p=71902","title":{"rendered":"La escuela de periodismo de Niembro tambi\u00e9n factur\u00f3 por cursos a la Metropolitana"},"content":{"rendered":"<p>La Escuela Superior de Ciencias Deportivas (ESCD) fundada por el periodista y primer candidato a diputado nacional bonaerense por Cambiemos, Fernando Niembro, factur\u00f3 por cursos de ingl\u00e9s a la Polic\u00eda Metropolitana, la fuerza de seguridad creada por la administraci\u00f3n macrista, la suma de 470.000 pesos, seg\u00fan revel\u00f3 en su edici\u00f3n de hoy el diario Tiempo Argentino.<!--more--><\/p>\n<p>Esta novedad se suma a las denuncias por los contratos directos que su ex empresa, La Usina Producciones, con la Ciudad por un monto superior a los 21 millones de pesos.<\/p>\n<p>En este caso, el matutino Tiempo Argentino precis\u00f3 en una nota period\u00edstica que la facturaci\u00f3n a la Metropolitana \u00abfue para la realizaci\u00f3n de un curso de ingl\u00e9s por $470.000, cuyas clases cotizaron a $7.800 cada una\u00bb, y que fue cobrado por la Escuela Superior de Ciencias Deportivas (ESCD).<\/p>\n<p>El art\u00edculo retoma la informaci\u00f3n revelada ayer en la que se indicaba que la instituci\u00f3n educativa fundada por Niembro \u00abtambi\u00e9n ofici\u00f3 de capacitador externo en el Instituto Superior de la Carrera Administrativa porte\u00f1o que depende del ministro de Hacienda y candidato a intendente de Lan\u00fas, N\u00e9stor Grindetti, por un monto de $2.386.830\u00bb, y a\u00f1ade que, sumados los aportes de la Metropolitana, \u00abla cifra que embols\u00f3 la ESCD ascendi\u00f3 a 3.622.840 pesos\u00bb.<\/p>\n<p>El diario consign\u00f3 adem\u00e1s que el martes pasado el candidato a diputado del macrismo hab\u00eda asegurado que su \u00fanica vinculaci\u00f3n con el gobierno porte\u00f1o hab\u00eda sido a trav\u00e9s de La Usina Producciones, sin mencionar los contratos con la escuela de periodismo deportivo que datan de 2009, antes de que el periodista deportivo cediera su participaci\u00f3n en 2010.<\/p>\n<p>Sin embargo, seg\u00fan Tiempo Argentino, aunque la academia fue clausurada en 2014 por problemas econ\u00f3micos, de acuerdo a declaraciones period\u00edsticas de Niembro, \u00abla sociedad comercial que explotaba la escuela nunca dej\u00f3 de funcionar\u00bb.<\/p>\n<p>\u00abDe hecho, a\u00fan hoy le sigue facturando a varios ministerios porte\u00f1os por tareas varias\u00bb, entre las cuales menciona \u00abtareas de distribuci\u00f3n de folleter\u00eda imputadas a la subsecretar\u00eda de Transporte de la Ciudad\u00bb, se indic\u00f3.<\/p>\n","protected":false},"excerpt":{"rendered":"<p>La Escuela Superior de Ciencias Deportivas (ESCD) fundada por el periodista y primer candidato a diputado nacional bonaerense por Cambiemos, Fernando Niembro, factur\u00f3 por cursos de ingl\u00e9s a la Polic\u00eda Metropolitana, la fuerza de seguridad creada por la administraci\u00f3n macrista, la suma de 470.000 pesos, seg\u00fan revel\u00f3 en su edici\u00f3n de hoy el diario Tiempo Argentino.<\/p>\n","protected":false},"author":4,"featured_media":0,"comment_status":"open","ping_status":"open","sticky":false,"template":"","format":"standard","meta":{"_jetpack_newsletter_access":"","_jetpack_dont_email_post_to_subs":false,"_jetpack_newsletter_tier_id":0,"_jetpack_memberships_contains_paywalled_content":false,"_jetpack_memberships_contains_paid_content":false,"footnotes":""},"categories":[51],"tags":[],"class_list":["post-71902","post","type-post","status-publish","format-standard","hentry","category-politica"],"jetpack_shortlink":"https:\/\/wp.me\/p2JWE0-iHI","jetpack-related-posts":[{"id":71713,"url":"http:\/\/www.24baires.com\/?p=71713","url_meta":{"origin":71902,"position":0},"title":"Banco Ciudad y el gobierno porte\u00f1o, \u00fanicos clientes de La Usina Producciones","author":"GB","date":"06\/09\/2015","format":false,"excerpt":"La empresa vinculada al candidato a diputado del Pro Fernando Niembro le factur\u00f3 $21 millones al gobierno porte\u00f1o con procedimientos irregulares y firm\u00f3 un contrato con el banco para difundir publicidad. Hoy se conocieron m\u00e1s datos sobre los movimientos contractuales y facturaci\u00f3n de \"La Usina Producciones\", la empresa cuya titularidad\u2026","rel":"","context":"En \u00abPol\u00edtica\u00bb","block_context":{"text":"Pol\u00edtica","link":"http:\/\/www.24baires.com\/?cat=51"},"img":{"alt_text":"macri niembro","src":"https:\/\/i0.wp.com\/www.24baires.com\/wp-content\/uploads\/2015\/09\/macri-niembro.jpg?resize=350%2C200","width":350,"height":200,"srcset":"https:\/\/i0.wp.com\/www.24baires.com\/wp-content\/uploads\/2015\/09\/macri-niembro.jpg?resize=350%2C200 1x, https:\/\/i0.wp.com\/www.24baires.com\/wp-content\/uploads\/2015\/09\/macri-niembro.jpg?resize=525%2C300 1.5x"},"classes":[]},{"id":71682,"url":"http:\/\/www.24baires.com\/?p=71682","url_meta":{"origin":71902,"position":1},"title":"\u00abLa defensa de Niembro destapa una olla que genera m\u00e1s sospechas\u00bb","author":"AF","date":"05\/09\/2015","format":false,"excerpt":"La legisladora del Frente para la Victoria (FpV), Gabriela Alegre, evalu\u00f3 hoy que la \"defensa\" del comentarista deportivo, referida a sus contratos con la Ciudad de Buenos Aires, \"no alcanza\" y que lo conocido hasta el momento \"est\u00e1 destapando una olla que genera m\u00e1s sospechas\". Alegre se refiri\u00f3, as\u00ed, a\u2026","rel":"","context":"En \u00abPol\u00edtica\u00bb","block_context":{"text":"Pol\u00edtica","link":"http:\/\/www.24baires.com\/?cat=51"},"img":{"alt_text":"macri niembro","src":"https:\/\/i0.wp.com\/www.24baires.com\/wp-content\/uploads\/2015\/09\/macri-niembro.jpg?resize=350%2C200","width":350,"height":200,"srcset":"https:\/\/i0.wp.com\/www.24baires.com\/wp-content\/uploads\/2015\/09\/macri-niembro.jpg?resize=350%2C200 1x, https:\/\/i0.wp.com\/www.24baires.com\/wp-content\/uploads\/2015\/09\/macri-niembro.jpg?resize=525%2C300 1.5x"},"classes":[]},{"id":72479,"url":"http:\/\/www.24baires.com\/?p=72479","url_meta":{"origin":71902,"position":2},"title":"Nuevo esc\u00e1ndalo en Cambiemos: denuncian a Eduardo Amadeo","author":"AF","date":"22\/09\/2015","format":false,"excerpt":"Un informe period\u00edstico revel\u00f3 que el actual candidato a diputado nacional por Cambiemos en la provincia de Buenos Aires figura como presidente de dos asociaciones civiles que entre 2005 y 2015 le facturaron al gobierno porte\u00f1o 4.5 millones de pesos. Tras el esc\u00e1ndalo por la revelaci\u00f3n de los contratos irregulares\u2026","rel":"","context":"En \u00abElecciones 2015\u00bb","block_context":{"text":"Elecciones 2015","link":"http:\/\/www.24baires.com\/?cat=74"},"img":{"alt_text":"eduardo amadeo","src":"https:\/\/i0.wp.com\/www.24baires.com\/wp-content\/uploads\/2015\/09\/eduardo-amadeo-300x200.jpg?resize=350%2C200","width":350,"height":200},"classes":[]},{"id":72215,"url":"http:\/\/www.24baires.com\/?p=72215","url_meta":{"origin":71902,"position":3},"title":"Finalmente Niembro declin\u00f3 su candidatura","author":"GB","date":"16\/09\/2015","format":false,"excerpt":"El periodista ya no se postular\u00e1 por el frente Cambiemos en la provincia de Buenos Aires, luego de que presentara este mediod\u00eda su renuncia en medio del esc\u00e1ndalo de las contrataciones millonarias entre una productora de su propiedad y el gobierno porte\u00f1o. El periodista deportivo Fernando Niembro renunci\u00f3 a su\u2026","rel":"","context":"En \u00abElecciones 2015\u00bb","block_context":{"text":"Elecciones 2015","link":"http:\/\/www.24baires.com\/?cat=74"},"img":{"alt_text":"fernando_niembro","src":"https:\/\/i0.wp.com\/www.24baires.com\/wp-content\/uploads\/2015\/07\/fernando_niembro.jpg?resize=350%2C200","width":350,"height":200,"srcset":"https:\/\/i0.wp.com\/www.24baires.com\/wp-content\/uploads\/2015\/07\/fernando_niembro.jpg?resize=350%2C200 1x, https:\/\/i0.wp.com\/www.24baires.com\/wp-content\/uploads\/2015\/07\/fernando_niembro.jpg?resize=525%2C300 1.5x"},"classes":[]},{"id":97760,"url":"http:\/\/www.24baires.com\/?p=97760","url_meta":{"origin":71902,"position":4},"title":"Revocaron el sobreseimiento dictado en favor de Fernando Niembro","author":"AF","date":"28\/09\/2017","format":false,"excerpt":"Lo hizo la C\u00e1mara Nacional en lo Criminal que consider\u00f3 que se pudo haber cometido un \"fraude\" millonario en la causa penal por supuestos il\u00edcitos con millonarios contratos de publicidad con el Gobierno de la Ciudad de Buenos Aires. La C\u00e1mara Nacional en lo Criminal consider\u00f3 que se pudo haber\u2026","rel":"","context":"En \u00abJUDICIALES\u00bb","block_context":{"text":"JUDICIALES","link":"http:\/\/www.24baires.com\/?cat=68"},"img":{"alt_text":"","src":"https:\/\/i0.wp.com\/www.24baires.com\/wp-content\/uploads\/2015\/09\/niembro.jpg?resize=350%2C200","width":350,"height":200,"srcset":"https:\/\/i0.wp.com\/www.24baires.com\/wp-content\/uploads\/2015\/09\/niembro.jpg?resize=350%2C200 1x, https:\/\/i0.wp.com\/www.24baires.com\/wp-content\/uploads\/2015\/09\/niembro.jpg?resize=525%2C300 1.5x"},"classes":[]},{"id":115266,"url":"http:\/\/www.24baires.com\/?p=115266","url_meta":{"origin":71902,"position":5},"title":"Las clases presenciales se retomar\u00edan a partir de agosto en casi todo el pa\u00eds","author":"GB","date":"08\/06\/2020","format":false,"excerpt":"Para el \u00e1rea metropolitana todav\u00eda no existe una fecha probable, pero se trabaja para definir protocolos que permitan acelerar los tiempos en todas las provincias El ministro de Educaci\u00f3n a nivel nacional, Nicol\u00e1s Trotta, adelant\u00f3 que se eval\u00faan mecanismos para permitir la vuelta a clases en la mayor\u00eda de las\u2026","rel":"","context":"En \u00abPol\u00edtica\u00bb","block_context":{"text":"Pol\u00edtica","link":"http:\/\/www.24baires.com\/?cat=51"},"img":{"alt_text":"","src":"https:\/\/i0.wp.com\/www.24baires.com\/wp-content\/uploads\/2020\/06\/nicolas-trotta.jpg?resize=350%2C200","width":350,"height":200,"srcset":"https:\/\/i0.wp.com\/www.24baires.com\/wp-content\/uploads\/2020\/06\/nicolas-trotta.jpg?resize=350%2C200 1x, https:\/\/i0.wp.com\/www.24baires.com\/wp-content\/uploads\/2020\/06\/nicolas-trotta.jpg?resize=525%2C300 1.5x"},"classes":[]}],"jetpack_sharing_enabled":true,"jetpack_likes_enabled":true,"jetpack_featured_media_url":"","_links":{"self":[{"href":"http:\/\/www.24baires.com\/index.php?rest_route=\/wp\/v2\/posts\/71902","targetHints":{"allow":["GET"]}}],"collection":[{"href":"http:\/\/www.24baires.com\/index.php?rest_route=\/wp\/v2\/posts"}],"about":[{"href":"http:\/\/www.24baires.com\/index.php?rest_route=\/wp\/v2\/types\/post"}],"author":[{"embeddable":true,"href":"http:\/\/www.24baires.com\/index.php?rest_route=\/wp\/v2\/users\/4"}],"replies":[{"embeddable":true,"href":"http:\/\/www.24baires.com\/index.php?rest_route=%2Fwp%2Fv2%2Fcomments&post=71902"}],"version-history":[{"count":1,"href":"http:\/\/www.24baires.com\/index.php?rest_route=\/wp\/v2\/posts\/71902\/revisions"}],"predecessor-version":[{"id":71903,"href":"http:\/\/www.24baires.com\/index.php?rest_route=\/wp\/v2\/posts\/71902\/revisions\/71903"}],"wp:attachment":[{"href":"http:\/\/www.24baires.com\/index.php?rest_route=%2Fwp%2Fv2%2Fmedia&parent=71902"}],"wp:term":[{"taxonomy":"category","embeddable":true,"href":"http:\/\/www.24baires.com\/index.php?rest_route=%2Fwp%2Fv2%2Fcategories&post=71902"},{"taxonomy":"post_tag","embeddable":true,"href":"http:\/\/www.24baires.com\/index.php?rest_route=%2Fwp%2Fv2%2Ftags&post=71902"}],"curies":[{"name":"wp","href":"https:\/\/api.w.org\/{rel}","templated":true}]}}