{"id":71896,"date":"2015-09-10T10:30:50","date_gmt":"2015-09-10T13:30:50","guid":{"rendered":"http:\/\/www.24baires.com\/?p=71896"},"modified":"2015-09-10T19:52:16","modified_gmt":"2015-09-10T22:52:16","slug":"anibal-cuestiono-la-deliberada-utilizacion-politica-de-la-muerte-del-nino-qom","status":"publish","type":"post","link":"http:\/\/www.24baires.com\/?p=71896","title":{"rendered":"An\u00edbal cuestion\u00f3 la \u00abdeliberada utilizaci\u00f3n pol\u00edtica\u00bb de la muerte del ni\u00f1o QOM"},"content":{"rendered":"<p><img data-recalc-dims=\"1\" loading=\"lazy\" decoding=\"async\" class=\"aligncenter size-full wp-image-10776\" src=\"https:\/\/i0.wp.com\/www.24baires.com\/wp-content\/uploads\/2012\/12\/fern%C3%A1ndez-an%C3%ADbal.jpg?resize=560%2C314\" alt=\"fern\u00e1ndez an\u00edbal\" width=\"560\" height=\"314\" srcset=\"https:\/\/i0.wp.com\/www.24baires.com\/wp-content\/uploads\/2012\/12\/fern%C3%A1ndez-an%C3%ADbal.jpg?w=560 560w, https:\/\/i0.wp.com\/www.24baires.com\/wp-content\/uploads\/2012\/12\/fern%C3%A1ndez-an%C3%ADbal.jpg?resize=300%2C168 300w\" sizes=\"auto, (max-width: 560px) 100vw, 560px\" \/>El jefe de Gabinete, An\u00edbal Fern\u00e1ndez, cuestion\u00f3 la \u00abdeliberada utilizaci\u00f3n pol\u00edtica\u00bb de diferentes temas a poco de la realizaci\u00f3n de los comicios generales del 25 de octubre, entre los que cit\u00f3 \u00abla muerte de un chico Qom en la provincia del Chaco\u00bb.<!--more--><\/p>\n<p>\u00abLa muerte del ni\u00f1o se produjo por un cuadro de salud muy grave y complejo; estamos hablando de un chico que ten\u00eda hidrocefalia, lo que sumado a la neumon\u00eda que padec\u00eda le gener\u00f3 un deterioro grave y permanente que lo llev\u00f3 a perder su vida\u00bb, dijo Fern\u00e1ndez.<\/p>\n<p>El ministro denunci\u00f3 que se trata de \u00abuna total utilizaci\u00f3n pol\u00edtica\u00bb la que algunos medios de prensa y sectores pol\u00edticos est\u00e1n haciendo de la muerte del ni\u00f1o Qom.<\/p>\n<p>\u00abHay una utilizaci\u00f3n pol\u00edtica deliberada. Totalmente, es as\u00ed. Como muchas de las cosas que vemos en estos d\u00edas y sobretodo en \u00e9pocas electorales\u00bb, manifest\u00f3.<\/p>\n<p>El Jefe de Gabinete habl\u00f3 esta ma\u00f1ana con la prensa, minutos antes de ingresar a su despacho de la Casa de Gobierno.<br \/>\n\u00abEn realidad, tenemos que comenzar por la desagradable y deleznable actitud de quienes buscaron la foto del chico para exhibirla, impidiendo lo que significa la intimidad de la propia familia y que va en contra de la doctrina de la Justicia\u00bb, opin\u00f3.<\/p>\n<p>Para el ministro coordinador, \u00abel chiquito es un chiquito de 11 a\u00f1os, con 13 kilogramos de peso, un chiquito con una enfermedad de una hidrocefalia, que le provoc\u00f3 una par\u00e1lisis cerebral, y que esa situaci\u00f3n lo puso en la situaci\u00f3n de no asimilar alimentos, con mucho deterioro de su cuerpo. El ha sido atendido y seguido por los propios agentes sanitarios Qom; en la provincia hay 630 agentes sanitarios de la comunidad Qom, que son los que siguen de cerca estas situaciones\u00bb.<\/p>\n<p>\u00abYo no estoy justificando nada. Lo que digo es que cuando (Jorge) Capitanich lleg\u00f3 a la provincia el nivel de mortalidad infantil del Chaco (era) 20.9 (por mil) y hoy tienen 10.5; quiere decir entonces que la tarea que se hizo y que se est\u00e1 haciendo es muy importante\u00bb, remarc\u00f3.<\/p>\n<p>El funcionario pregunt\u00f3: \u00ab\u00bfcon cu\u00e1ntos hospitales cuenta el Chaco? Con 52, \u00bfcu\u00e1ntos son los que se hicieron a nuevo? 26. Y del resto, todos fueron reparados en las mejores condiciones. Uno de los nuevos es justamente el Hospital de Ni\u00f1os, con lo cual el nivel de trabajo que se ha hecho en la provincia es muy importante, muy amplio y muy profundo\u00bb.<\/p>\n<p>Fern\u00e1ndez afirm\u00f3 que \u00abse quiere utilizar este caso, desgraciado cien por ciento, doloros\u00edsimo, si hay algo que realmente conmueve e impacta de lleno con much\u00edsimo dolor es la de chiquitos como este, que durante muchos a\u00f1os nadie le prest\u00f3 atenci\u00f3n, \u00a1Nunca jam\u00e1s! Ning\u00fan gobierno, como se lo presta el actual gobernador\u00bb.<\/p>\n<p>Ante una consulta sobre la responsabilidad del hambre y la miseria en el norte del pa\u00eds, el ministro contest\u00f3: \u00abel hambre y la miseria es el hambre y la miseria. En este caso no estamos hablando ni de hambre ni de miseria, estamos hablando de un chico que tiene un problema cong\u00e9nito, que precisamente por la particularidad de su hidrocefalia, no ten\u00eda bomba de control que le genera precisamente la situaci\u00f3n de un deterioro f\u00edsico permanente y que le produce la imposibilidad de asimilar alimentos. Y esto sumado a la neumon\u00eda generada, lo llev\u00f3 a una situaci\u00f3n de no alimentarse y esto le produjo la muerte\u00bb.<\/p>\n<p>\u00abSiempre tuvo protecci\u00f3n y el contacto de los m\u00e9dicos porque precisamente esos 630 agentes sanitarios de la comunidad Qom siguen los casos d\u00eda a d\u00eda en toda la provincia del Chaco, segundo a segundo, con lo cual estaba todo el tema absolutamente conocido, pero la situaci\u00f3n del chico era de tal deterioro que la neumon\u00eda termin\u00f3 con su vida desgraciadamente y con todo el dolor del alma\u00bb, insisti\u00f3 en aclarar el jefe de Gabinete.<\/p>\n","protected":false},"excerpt":{"rendered":"<p>El jefe de Gabinete, An\u00edbal Fern\u00e1ndez, cuestion\u00f3 la \u00abdeliberada utilizaci\u00f3n pol\u00edtica\u00bb de diferentes temas a poco de la realizaci\u00f3n de los comicios generales del 25 de octubre, entre los que cit\u00f3 \u00abla muerte de un chico Qom en la provincia del Chaco\u00bb.<\/p>\n","protected":false},"author":4,"featured_media":0,"comment_status":"open","ping_status":"open","sticky":false,"template":"","format":"standard","meta":{"_jetpack_newsletter_access":"","_jetpack_dont_email_post_to_subs":false,"_jetpack_newsletter_tier_id":0,"_jetpack_memberships_contains_paywalled_content":false,"_jetpack_memberships_contains_paid_content":false,"footnotes":""},"categories":[51],"tags":[],"class_list":["post-71896","post","type-post","status-publish","format-standard","hentry","category-politica"],"jetpack_shortlink":"https:\/\/wp.me\/p2JWE0-iHC","jetpack-related-posts":[{"id":46476,"url":"http:\/\/www.24baires.com\/?p=46476","url_meta":{"origin":71896,"position":0},"title":"Grave denuncia por la muerte de una ni\u00f1a qom y su madre en Tigre","author":"AF","date":"21\/05\/2014","format":false,"excerpt":"Eugenio Fern\u00e1ndez bordea los 80, es qom, vive desde joven cerca del cruce del arroyo Las Tunas con la vieja ruta nacional 9 en El Talar de Pacheco, Tigre. Est\u00e1 de luto por partida doble, asesinaron a su nieta de 14 a\u00f1os, v\u00edctima de trata, y a su hija de\u2026","rel":"","context":"En \u00abLocales\u00bb","block_context":{"text":"Locales","link":"http:\/\/www.24baires.com\/?cat=38"},"img":{"alt_text":"eugenio fern\u00e1ndez","src":"https:\/\/i0.wp.com\/www.24baires.com\/wp-content\/uploads\/2014\/05\/eugenio-fern%C3%A1ndez.jpg?resize=350%2C200","width":350,"height":200},"classes":[]},{"id":19604,"url":"http:\/\/www.24baires.com\/?p=19604","url_meta":{"origin":71896,"position":1},"title":"Denuncian la muerte de una chica qom en la casa de un hombre que la ten\u00eda secuestrada","author":"Grupo Sierra","date":"28\/03\/2013","format":false,"excerpt":"TIGRE.- Una adolescente de 14 a\u00f1os, integrante de la comunidad Qom, fue encontrada muerta en la casa de un hombre que la ten\u00eda cautiva en la localidad bonaerense de El Talar, partido de Tigre, luego de ser violada y golpeada, denunciaron sus familiares. La adolescente fue hallada muerta el 17\u2026","rel":"","context":"En \u00abPoliciales\u00bb","block_context":{"text":"Policiales","link":"http:\/\/www.24baires.com\/?cat=49"},"img":{"alt_text":"","src":"","width":0,"height":0},"classes":[]},{"id":52855,"url":"http:\/\/www.24baires.com\/?p=52855","url_meta":{"origin":71896,"position":2},"title":"Garantizan la educaci\u00f3n intercultural a una comunidad Qom bonaerense","author":"GB","date":"01\/09\/2014","format":false,"excerpt":"Se trata de un pedido de la comunidad Qom de Derqui, la cual comenz\u00f3 a conformarse en 1995 a partir de varias familias provenientes de distintas localidades del Gran Buenos Aires las que se asentaron en tierras donadas por el Obispado de Mor\u00f3n. La decisi\u00f3n se suscit\u00f3 luego de un\u2026","rel":"","context":"En \u00abMunicipios\u00bb","block_context":{"text":"Municipios","link":"http:\/\/www.24baires.com\/?cat=44"},"img":{"alt_text":"","src":"https:\/\/i0.wp.com\/www.24baires.com\/wp-content\/uploads\/2014\/09\/qom.jpg?resize=350%2C200","width":350,"height":200,"srcset":"https:\/\/i0.wp.com\/www.24baires.com\/wp-content\/uploads\/2014\/09\/qom.jpg?resize=350%2C200 1x, https:\/\/i0.wp.com\/www.24baires.com\/wp-content\/uploads\/2014\/09\/qom.jpg?resize=525%2C300 1.5x"},"classes":[]},{"id":30163,"url":"http:\/\/www.24baires.com\/?p=30163","url_meta":{"origin":71896,"position":3},"title":"Cristina pidi\u00f3 a la prensa hegem\u00f3nica que no \u00abofendan la inteligencia de la gente\u00bb","author":"GB","date":"14\/08\/2013","format":false,"excerpt":"La presidenta Cristina Fern\u00e1ndez de Kirchner acus\u00f3 por su cuenta de Twitter a Clar\u00edn, La Naci\u00f3n, Perfil e Infobae de tergiversar su discurso de hoy en Tecn\u00f3polis y descontextualizar su alusi\u00f3n a las elecciones en la Ant\u00e1rtida y en la comunidad Qom La Primavera, y les pidi\u00f3 que \"no ofendan\u2026","rel":"","context":"En \u00abPol\u00edtica\u00bb","block_context":{"text":"Pol\u00edtica","link":"http:\/\/www.24baires.com\/?cat=51"},"img":{"alt_text":"Cristina en Tecn\u00f3polis","src":"https:\/\/i0.wp.com\/www.24baires.com\/wp-content\/uploads\/2013\/08\/Cristina-en-Tecn%C3%B3polis-300x199.jpg?resize=350%2C200","width":350,"height":200},"classes":[]},{"id":61882,"url":"http:\/\/www.24baires.com\/?p=61882","url_meta":{"origin":71896,"position":4},"title":"Capitanich: \u201cLa Justicia argentina busca la desestabilizaci\u00f3n pol\u00edtica\u201d","author":"AF","date":"18\/02\/2015","format":false,"excerpt":"El jefe de Gabinete, Jorge Capitanich, afirm\u00f3 adem\u00e1s que \"la justicia argentina s\u00f3lo funciona sobre una estrategia corporativa\u201d y que \u201ces \"absolutamente dependiente del poder econ\u00f3mico y concentrado\". \"La justicia argentina solo funciona sobre una estrategia corporativa, que tiende a la desestabilizaci\u00f3n desde el punto de vista pol\u00edtico, con otra\u2026","rel":"","context":"En \u00abPol\u00edtica\u00bb","block_context":{"text":"Pol\u00edtica","link":"http:\/\/www.24baires.com\/?cat=51"},"img":{"alt_text":"capitanich 4","src":"https:\/\/i0.wp.com\/www.24baires.com\/wp-content\/uploads\/2014\/09\/capitanich-4.jpg?resize=350%2C200","width":350,"height":200,"srcset":"https:\/\/i0.wp.com\/www.24baires.com\/wp-content\/uploads\/2014\/09\/capitanich-4.jpg?resize=350%2C200 1x, https:\/\/i0.wp.com\/www.24baires.com\/wp-content\/uploads\/2014\/09\/capitanich-4.jpg?resize=525%2C300 1.5x"},"classes":[]},{"id":59072,"url":"http:\/\/www.24baires.com\/?p=59072","url_meta":{"origin":71896,"position":5},"title":"Hist\u00f3rica entrega de escritura a la Comunidad QOM de La Plata","author":"GB","date":"23\/12\/2014","format":false,"excerpt":"La Comunidad QOM recibi\u00f3 por parte del Gobierno bonaerense la escritura que acredita la propiedad de terrenos del barrio Islas Malvinas de La Plata, algo que sucede por primera vez en la provincia de Buenos Aires y que beneficiar\u00e1 a 45 familias que hace m\u00e1s de 20 a\u00f1os reclamaban este\u2026","rel":"","context":"En \u00abSociedad\u00bb","block_context":{"text":"Sociedad","link":"http:\/\/www.24baires.com\/?cat=1"},"img":{"alt_text":"","src":"https:\/\/i0.wp.com\/www.24baires.com\/wp-content\/uploads\/2014\/12\/comunidad-qom.jpg?resize=350%2C200","width":350,"height":200,"srcset":"https:\/\/i0.wp.com\/www.24baires.com\/wp-content\/uploads\/2014\/12\/comunidad-qom.jpg?resize=350%2C200 1x, https:\/\/i0.wp.com\/www.24baires.com\/wp-content\/uploads\/2014\/12\/comunidad-qom.jpg?resize=525%2C300 1.5x"},"classes":[]}],"jetpack_sharing_enabled":true,"jetpack_likes_enabled":true,"jetpack_featured_media_url":"","_links":{"self":[{"href":"http:\/\/www.24baires.com\/index.php?rest_route=\/wp\/v2\/posts\/71896","targetHints":{"allow":["GET"]}}],"collection":[{"href":"http:\/\/www.24baires.com\/index.php?rest_route=\/wp\/v2\/posts"}],"about":[{"href":"http:\/\/www.24baires.com\/index.php?rest_route=\/wp\/v2\/types\/post"}],"author":[{"embeddable":true,"href":"http:\/\/www.24baires.com\/index.php?rest_route=\/wp\/v2\/users\/4"}],"replies":[{"embeddable":true,"href":"http:\/\/www.24baires.com\/index.php?rest_route=%2Fwp%2Fv2%2Fcomments&post=71896"}],"version-history":[{"count":1,"href":"http:\/\/www.24baires.com\/index.php?rest_route=\/wp\/v2\/posts\/71896\/revisions"}],"predecessor-version":[{"id":71897,"href":"http:\/\/www.24baires.com\/index.php?rest_route=\/wp\/v2\/posts\/71896\/revisions\/71897"}],"wp:attachment":[{"href":"http:\/\/www.24baires.com\/index.php?rest_route=%2Fwp%2Fv2%2Fmedia&parent=71896"}],"wp:term":[{"taxonomy":"category","embeddable":true,"href":"http:\/\/www.24baires.com\/index.php?rest_route=%2Fwp%2Fv2%2Fcategories&post=71896"},{"taxonomy":"post_tag","embeddable":true,"href":"http:\/\/www.24baires.com\/index.php?rest_route=%2Fwp%2Fv2%2Ftags&post=71896"}],"curies":[{"name":"wp","href":"https:\/\/api.w.org\/{rel}","templated":true}]}}