{"id":71874,"date":"2015-09-09T16:08:46","date_gmt":"2015-09-09T19:08:46","guid":{"rendered":"http:\/\/www.24baires.com\/?p=71874"},"modified":"2015-09-09T16:08:46","modified_gmt":"2015-09-09T19:08:46","slug":"cristina-terminara-su-mandato-como-una-heroina-considero-lula","status":"publish","type":"post","link":"http:\/\/www.24baires.com\/?p=71874","title":{"rendered":"\u00abCristina terminar\u00e1 su mandato como una hero\u00edna\u00bb, consider\u00f3 Lula"},"content":{"rendered":"<p><img data-recalc-dims=\"1\" loading=\"lazy\" decoding=\"async\" src=\"https:\/\/i0.wp.com\/www.24baires.com\/wp-content\/uploads\/2015\/06\/cristina-lula.jpg?resize=560%2C373\" alt=\"cristina lula\" width=\"560\" height=\"373\" class=\"aligncenter size-full wp-image-67163\" srcset=\"https:\/\/i0.wp.com\/www.24baires.com\/wp-content\/uploads\/2015\/06\/cristina-lula.jpg?w=560 560w, https:\/\/i0.wp.com\/www.24baires.com\/wp-content\/uploads\/2015\/06\/cristina-lula.jpg?resize=300%2C200 300w\" sizes=\"auto, (max-width: 560px) 100vw, 560px\" \/>El ex presidente de Brasil, Inacio Lula Da Silva, dese\u00f3 que el proyecto que en el 2003 comenz\u00f3 N\u00e9stor Kirchner y que a partir de 2007 continu\u00f3 la presidenta Cristina Fern\u00e1ndez de Kirchner, \u00abpueda ser concluido eligiendo otra vez\u00bb a un candidato del Frente para la Victoria.<!--more--><\/p>\n<p>\u00abEspero, Cristina, que el proyecto que comenz\u00f3 a construir en 2003 N\u00e9stor Kirchner y que luego t\u00fa continuaste, pueda ser concluido eligiendo otra vez a un candidato de este proyecto que cambi\u00f3 la historia argentina\u00bb, dijo Lula en el marco de la inauguraci\u00f3n de una nueva Unidad de Pronta Atenci\u00f3n (UPA) ubicada en Jos\u00e9 C. Paz, acompa\u00f1ando a la jefa de Estado, y al gobernador y candidato a presidente Daniel Scioli.<\/p>\n<p>El ex mandatario brasile\u00f1o remarc\u00f3 que como parte de este proyecto que llevaron a cabo N\u00e9stor Kirchner y Cristina Fern\u00e1ndez \u00abArgentina y Brasil pudieron comprender que son inseparables, que son una \u00fanica cosa, y as\u00ed \u00abconstruir la mejor relaci\u00f3n, junto a toda Am\u00e9rica del Sur y Am\u00e9rica latina\u00bb.<\/p>\n<p>\u00abEn dos temas Argentina y Brasil no logran ponerse de acuerdo, y es que Maradona es mejor que Pel\u00e9 y Messi que Neymar\u00bb, ironiz\u00f3 Lula arrancando la simpat\u00eda del auditorio.<\/p>\n<p>El ex mandatario brasile\u00f1o tambi\u00e9n record\u00f3 con alegr\u00eda que mientras \u00e9l fue mandatario en Brasil, en sus dos gestiones, \u00abN\u00e9stor Kirchner lo fue en Argentina primero, y luego Cristina\u00bb.<\/p>\n<p>Lula record\u00f3 que el modelo de los UPA surgi\u00f3 en R\u00edo de Janeiro y luego se extendi\u00f3 por todo el territorio brasile\u00f1o, con la ventaja de que \u00abevita que los pobres tengan que trasladarse al hospital\u00bb.<\/p>\n<p>\u00abLas UPA hacen que el 95 por ciento de las personas prescinda del hospital\u00bb, afirm\u00f3 Lula, al pronunciar su mensaje en el marco del acto que presidi\u00f3 la presidenta Cristina Fern\u00e1ndez de Kirchner, en compa\u00f1\u00eda de Scioli, del jefe de gabinete y candidato a gobernador por el FpV, An\u00edbal Fern\u00e1ndez, adem\u00e1s de diputados, senadores e intendentes.<\/p>\n<p>Finalmente, Lula agradeci\u00f3 la posibilidad de poder participar del acto que tuvo lugar en la localidad bonaerense de Jos\u00e9 C. Paz, y se refiri\u00f3 a la Presidenta como una \u00abhero\u00edna\u00bb y \u00abvencedora\u00bb.<\/p>\n","protected":false},"excerpt":{"rendered":"<p>El ex presidente de Brasil, Inacio Lula Da Silva, dese\u00f3 que el proyecto que en el 2003 comenz\u00f3 N\u00e9stor Kirchner y que a partir de 2007 continu\u00f3 la presidenta Cristina Fern\u00e1ndez de Kirchner, \u00abpueda ser concluido eligiendo otra vez\u00bb a un candidato del Frente para la Victoria.<\/p>\n","protected":false},"author":8,"featured_media":0,"comment_status":"open","ping_status":"open","sticky":false,"template":"","format":"standard","meta":{"_jetpack_newsletter_access":"","_jetpack_dont_email_post_to_subs":false,"_jetpack_newsletter_tier_id":0,"_jetpack_memberships_contains_paywalled_content":false,"_jetpack_memberships_contains_paid_content":false,"footnotes":""},"categories":[51],"tags":[],"class_list":["post-71874","post","type-post","status-publish","format-standard","hentry","category-politica"],"jetpack_shortlink":"https:\/\/wp.me\/p2JWE0-iHg","jetpack-related-posts":[{"id":108392,"url":"http:\/\/www.24baires.com\/?p=108392","url_meta":{"origin":71874,"position":0},"title":"Alberto y Cristina Fern\u00e1ndez presentaron su candidatura en Merlo","author":"AF","date":"26\/05\/2019","format":false,"excerpt":"El precandidato a presidente se present\u00f3 con su candidata a vice, la ex mandataria Cristina Kirchner: \"Yo estuve en el laberinto de la crisis y se c\u00f3mo salir\", enfatiz\u00f3 Alberto. Alberto Fern\u00e1ndez present\u00f3 su f\u00f3rmula junto a Cristina Kirchner de cara a las elecciones presidenciales de octubre en la que\u2026","rel":"","context":"En \u00abPol\u00edtica\u00bb","block_context":{"text":"Pol\u00edtica","link":"http:\/\/www.24baires.com\/?cat=51"},"img":{"alt_text":"","src":"https:\/\/i0.wp.com\/www.24baires.com\/wp-content\/uploads\/2019\/05\/alberto-cristina-fernandez-merlo.jpg?resize=350%2C200","width":350,"height":200,"srcset":"https:\/\/i0.wp.com\/www.24baires.com\/wp-content\/uploads\/2019\/05\/alberto-cristina-fernandez-merlo.jpg?resize=350%2C200 1x, https:\/\/i0.wp.com\/www.24baires.com\/wp-content\/uploads\/2019\/05\/alberto-cristina-fernandez-merlo.jpg?resize=525%2C300 1.5x"},"classes":[]},{"id":107773,"url":"http:\/\/www.24baires.com\/?p=107773","url_meta":{"origin":71874,"position":1},"title":"CFK presentar\u00e1 su libro \u00abSinceramente\u00bb","author":"AF","date":"23\/04\/2019","format":false,"excerpt":"La expresidenta lanzar\u00e1 el 26 de abril un texto que no es \"autobiogr\u00e1fico, ni tampoco una enumeraci\u00f3n de logros personales o pol\u00edticos\". \"Mauricio Macri es el caos y por eso creo firmemente que hay que volver a ordenar la Argentina\", se puede leer en un adelanto. La presentaci\u00f3n ser\u00e1 el\u2026","rel":"","context":"En \u00abPol\u00edtica\u00bb","block_context":{"text":"Pol\u00edtica","link":"http:\/\/www.24baires.com\/?cat=51"},"img":{"alt_text":"","src":"https:\/\/i0.wp.com\/www.24baires.com\/wp-content\/uploads\/2019\/04\/libro-cfk.jpg?resize=350%2C200","width":350,"height":200,"srcset":"https:\/\/i0.wp.com\/www.24baires.com\/wp-content\/uploads\/2019\/04\/libro-cfk.jpg?resize=350%2C200 1x, https:\/\/i0.wp.com\/www.24baires.com\/wp-content\/uploads\/2019\/04\/libro-cfk.jpg?resize=525%2C300 1.5x"},"classes":[]},{"id":112689,"url":"http:\/\/www.24baires.com\/?p=112689","url_meta":{"origin":71874,"position":2},"title":"Vot\u00f3 Alberto y record\u00f3 a N\u00e9stor: \u201cestoy seguro que me est\u00e1 ayudando\u00bb","author":"GB","date":"27\/10\/2019","format":false,"excerpt":"El candidato a presidente del Frente de Todos emitir\u00e1 su voto en la mesa 68 de la Universidad Cat\u00f3lica Argentina (UCA), en Puerto Madero. En la previa, record\u00f3 a N\u00e9stor Kirchner al cumplirse nueve a\u00f1os de su fallecimiento. El candidato a presidente del Frente de Todos, Alberto Fern\u00e1ndez, emiti\u00f3 su\u2026","rel":"","context":"En \u00abELECCIONES 2019\u00bb","block_context":{"text":"ELECCIONES 2019","link":"http:\/\/www.24baires.com\/?cat=329"},"img":{"alt_text":"","src":"https:\/\/i0.wp.com\/www.24baires.com\/wp-content\/uploads\/2019\/10\/alberto.jpg?resize=350%2C200","width":350,"height":200,"srcset":"https:\/\/i0.wp.com\/www.24baires.com\/wp-content\/uploads\/2019\/10\/alberto.jpg?resize=350%2C200 1x, https:\/\/i0.wp.com\/www.24baires.com\/wp-content\/uploads\/2019\/10\/alberto.jpg?resize=525%2C300 1.5x"},"classes":[]},{"id":120542,"url":"http:\/\/www.24baires.com\/?p=120542","url_meta":{"origin":71874,"position":3},"title":"\u00abQu\u00e9dense tranquilos, tengo en claro que la deuda es con las y los trabajadores\u00bb","author":"GB","date":"09\/10\/2023","format":false,"excerpt":"\"Voy a ser el presidente de las y los trabajadores, porque creemos en una clase de personas: los que trabajan\", asegur\u00f3 el candidato presidencial de Uni\u00f3n por la Patria en el cierre de la caravana peronista en La Matanza. El ministro de Econom\u00eda y candidato presidencial de Uni\u00f3n por la\u2026","rel":"","context":"En \u00abElecciones\u00bb","block_context":{"text":"Elecciones","link":"http:\/\/www.24baires.com\/?cat=316"},"img":{"alt_text":"","src":"https:\/\/i0.wp.com\/www.24baires.com\/wp-content\/uploads\/2023\/10\/campana.jpg?resize=350%2C200","width":350,"height":200,"srcset":"https:\/\/i0.wp.com\/www.24baires.com\/wp-content\/uploads\/2023\/10\/campana.jpg?resize=350%2C200 1x, https:\/\/i0.wp.com\/www.24baires.com\/wp-content\/uploads\/2023\/10\/campana.jpg?resize=525%2C300 1.5x, https:\/\/i0.wp.com\/www.24baires.com\/wp-content\/uploads\/2023\/10\/campana.jpg?resize=700%2C400 2x"},"classes":[]},{"id":120269,"url":"http:\/\/www.24baires.com\/?p=120269","url_meta":{"origin":71874,"position":4},"title":"Cristina a Macri: \u201cUsted es muy mentiroso, ingeniero\u201d","author":"AF","date":"10\/07\/2023","format":false,"excerpt":"Los ex mandatarios se cruzaron en Twitter por la pol\u00edtica energ\u00e9tica de sus gobiernos y la inauguraci\u00f3n de la obra en Salliquel\u00f3. El dirigente de Juntos por el Cambio hab\u00eda calificado al kirchnerismo como el \u201cpeor gobierno de la historia\u201d. La vicepresidenta Cristina Fern\u00e1ndez de Kirchner tild\u00f3 hoy de \u201cmuy\u2026","rel":"","context":"En \u00abPol\u00edtica\u00bb","block_context":{"text":"Pol\u00edtica","link":"http:\/\/www.24baires.com\/?cat=51"},"img":{"alt_text":"","src":"https:\/\/i0.wp.com\/www.24baires.com\/wp-content\/uploads\/2021\/10\/macri.jpg?resize=350%2C200","width":350,"height":200,"srcset":"https:\/\/i0.wp.com\/www.24baires.com\/wp-content\/uploads\/2021\/10\/macri.jpg?resize=350%2C200 1x, https:\/\/i0.wp.com\/www.24baires.com\/wp-content\/uploads\/2021\/10\/macri.jpg?resize=525%2C300 1.5x, https:\/\/i0.wp.com\/www.24baires.com\/wp-content\/uploads\/2021\/10\/macri.jpg?resize=700%2C400 2x"},"classes":[]},{"id":108246,"url":"http:\/\/www.24baires.com\/?p=108246","url_meta":{"origin":71874,"position":5},"title":"Se confirm\u00f3 la f\u00f3rmula presidencial: Alberto Fern\u00e1ndez &#8211; Cristina Fern\u00e1ndez de Kirchner","author":"AF","date":"18\/05\/2019","format":false,"excerpt":"La ex presidenta anuncio por las redes sociales que acompa\u00f1ar\u00e1 al ex jefe de Gabinete como candidata a vicepresidenta. Reivindic\u00f3 su trabajo al lado de Nestor Kirchner y de ella, Record\u00f3 que \"tuvimos diferencias\" y lo destac\u00f3 en la tarea del rescatar al pa\u00eds del \"drama\" actual. El siguiente video\u2026","rel":"","context":"En \u00abPol\u00edtica\u00bb","block_context":{"text":"Pol\u00edtica","link":"http:\/\/www.24baires.com\/?cat=51"},"img":{"alt_text":"","src":"https:\/\/i0.wp.com\/www.24baires.com\/wp-content\/uploads\/2019\/05\/anibal-y-cristina.jpg?resize=350%2C200","width":350,"height":200,"srcset":"https:\/\/i0.wp.com\/www.24baires.com\/wp-content\/uploads\/2019\/05\/anibal-y-cristina.jpg?resize=350%2C200 1x, https:\/\/i0.wp.com\/www.24baires.com\/wp-content\/uploads\/2019\/05\/anibal-y-cristina.jpg?resize=525%2C300 1.5x"},"classes":[]}],"jetpack_sharing_enabled":true,"jetpack_likes_enabled":true,"jetpack_featured_media_url":"","_links":{"self":[{"href":"http:\/\/www.24baires.com\/index.php?rest_route=\/wp\/v2\/posts\/71874","targetHints":{"allow":["GET"]}}],"collection":[{"href":"http:\/\/www.24baires.com\/index.php?rest_route=\/wp\/v2\/posts"}],"about":[{"href":"http:\/\/www.24baires.com\/index.php?rest_route=\/wp\/v2\/types\/post"}],"author":[{"embeddable":true,"href":"http:\/\/www.24baires.com\/index.php?rest_route=\/wp\/v2\/users\/8"}],"replies":[{"embeddable":true,"href":"http:\/\/www.24baires.com\/index.php?rest_route=%2Fwp%2Fv2%2Fcomments&post=71874"}],"version-history":[{"count":1,"href":"http:\/\/www.24baires.com\/index.php?rest_route=\/wp\/v2\/posts\/71874\/revisions"}],"predecessor-version":[{"id":71875,"href":"http:\/\/www.24baires.com\/index.php?rest_route=\/wp\/v2\/posts\/71874\/revisions\/71875"}],"wp:attachment":[{"href":"http:\/\/www.24baires.com\/index.php?rest_route=%2Fwp%2Fv2%2Fmedia&parent=71874"}],"wp:term":[{"taxonomy":"category","embeddable":true,"href":"http:\/\/www.24baires.com\/index.php?rest_route=%2Fwp%2Fv2%2Fcategories&post=71874"},{"taxonomy":"post_tag","embeddable":true,"href":"http:\/\/www.24baires.com\/index.php?rest_route=%2Fwp%2Fv2%2Ftags&post=71874"}],"curies":[{"name":"wp","href":"https:\/\/api.w.org\/{rel}","templated":true}]}}