{"id":71845,"date":"2015-09-08T21:30:21","date_gmt":"2015-09-09T00:30:21","guid":{"rendered":"http:\/\/www.24baires.com\/?p=71845"},"modified":"2015-09-09T10:49:57","modified_gmt":"2015-09-09T13:49:57","slug":"la-dinamica-de-la-devaluacion-es-letal-para-paises-en-vias-de-crecimiento-y-desarrollo","status":"publish","type":"post","link":"http:\/\/www.24baires.com\/?p=71845","title":{"rendered":"La din\u00e1mica de la devaluaci\u00f3n \u00abes letal para pa\u00edses en v\u00edas de crecimiento y desarrollo\u00bb"},"content":{"rendered":"<p><img data-recalc-dims=\"1\" loading=\"lazy\" decoding=\"async\" class=\"aligncenter size-full wp-image-71658\" src=\"https:\/\/i0.wp.com\/www.24baires.com\/wp-content\/uploads\/2015\/09\/cristina-energia.jpg?resize=560%2C373\" alt=\"cristina energia\" width=\"560\" height=\"373\" srcset=\"https:\/\/i0.wp.com\/www.24baires.com\/wp-content\/uploads\/2015\/09\/cristina-energia.jpg?w=560 560w, https:\/\/i0.wp.com\/www.24baires.com\/wp-content\/uploads\/2015\/09\/cristina-energia.jpg?resize=300%2C200 300w\" sizes=\"auto, (max-width: 560px) 100vw, 560px\" \/>la din\u00e1mica de la devaluaci\u00f3n \u00abes letal para pa\u00edses en v\u00edas de crecimiento y desarrollo\u00bb<!--more--><\/p>\n<p>La presidenta Cristina Fern\u00e1ndez de Kirchner afirm\u00f3 que los centros del capital financiero internacional \u201cvan por los BRICS&#8230; Y algunos m\u00e1s\u201d, como parte de una estrategia que busca \u201cel endeudamiento en d\u00f3lares como moneda de \u00fanica reserva\u201d.<\/p>\n<p>A trav\u00e9s de una serie de mensajes en la red social Twitter, la mandataria ampli\u00f3 los comentarios que difundi\u00f3 ayer por la noche sobre \u201cel traslado de la crisis global\u201d al grupo de pa\u00edses que componen Brasil, Rusia, India, China y Sud\u00e1frica.<\/p>\n<p>\u201cAyer, bajo el t\u00edtulo &#8216;Van por los BRICS. Esto no es econom\u00eda: es la geopol\u00edtica est\u00fapido&#8217; te coment\u00e9 algunos de los p\u00e1rrafos de la nota del Financial Times sobre situaci\u00f3n de los emergentes\u201d, se\u00f1al\u00f3 la presidenta.<\/p>\n<p>Cristina asegur\u00f3 haberse quedado \u201ccorta\u201d al afirmar que iban por los BRICS, pues pareciera que \u201clos centros de poder global van por algunos m\u00e1s\u201d.<\/p>\n<p>\u201cLuego de la crisis financiera, el vigor de los mercados emergentes sum\u00f3 m\u00e1s de 8 puntos porcentuales al crecimiento del comercio. Sin embargo, en los dos primeros trimestres de este a\u00f1o los mercados emergentes se convirtieron en un detractor neto del crecimiento del comercio mundial por primera vez desde la crisis, seg\u00fan Oxford Economics\u201d, subray\u00f3 la mandataria.<\/p>\n<p>Y en ese sentido, reafirm\u00f3: \u201c\u00bfVos te das cuenta? Arriba de que los emergentes tuvimos que bancar el crecimiento global despu\u00e9s de la crisis del 2008, que los pa\u00edses centrales de Occidente produjeron con la burbuja financiera que explot\u00f3 1ro en Nueva York y despu\u00e9s en Europa\u201d.<\/p>\n<p>Cristina volvi\u00f3 a citar una nota del Financial Times, como lo hiciera ayer, y destac\u00f3: \u201cEllos nos dicen que en los dos 1ros trimestres de \u00e9ste a\u00f1o somos lo que se dice un pelotazo en contra. Eso s\u00ed, tienen la delicadeza de decir que es la 1ra vez despu\u00e9s de la crisis. \u00bf Despu\u00e9s de que crisis? \u00a1De la de ellos! Que todav\u00eda no pudieron remontar\u201d.<\/p>\n<p>Cristina cit\u00f3 investigaciones del Financial Times, que compar\u00f3 los cambios en el valor de 107 monedas de mercados emergentes con sus vol\u00famenes comerciales del a\u00f1o siguiente.<\/p>\n<p>\u201cSeg\u00fan el an\u00e1lisis \u2013sostiene Cristina&#8211; si bien LAS FUERTES DEPRECIACIONES de la mayor\u00eda de las monedas de mercados emergentes NO HICIERON NADA para impulsar las exportaciones, PERJUDICARON a las importaciones dado que las monedas depreciadas encarecen las importaciones\u201d.<\/p>\n<p>Al respecto, la jefa de Estado apunt\u00f3 que \u201cpor cada 1% de depreciaci\u00f3n de una moneda frente al d\u00f3lar estadounidense, los vol\u00famenes de importaci\u00f3n cayeron un 0,5% en promedio, seg\u00fan el estudio del Financial Times. \u00bfQu\u00e9 tul?\u201d\u2026 Analizaron 107 pa\u00edses que depreciaron. \u00bfTe d\u00e1s cuenta porque agregu\u00e9 la frase \u201cy algunos m\u00e1s\u201d a los BRICS?\u2026\u00bb.<br \/>\n\u201cEl an\u00e1lisis coincide con lo dicho en Bolsa de Comercio, cuando compar\u00e9 ca\u00edda de exportaciones de otros pa\u00edses que hab\u00edan devaluado y nuestras exportaciones\u201d, remarc\u00f3.<\/p>\n<p>Y fundament\u00f3: \u201cAc\u00e1 te agregan que no solamente no te mejoran la exportaciones, sino que adem\u00e1s te perjudican, obviamente, las importaciones, al encarecer el valor del d\u00f3lar. Esta din\u00e1mica es letal para pa\u00edses en v\u00edas de crecimiento y desarrollo industrial y tecnol\u00f3gico\u201d.<\/p>\n<p>Para la presidenta, ese camino lleva \u201ca aumentar el costo de servicio de la deuda en moneda extranjera de las empresas de mercados emergentes. Lo pr\u00f3ximo que ocurrir\u00e1 ser\u00e1n defaults de empresas de mercados emergentes\u201d.<br \/>\nEn consecuencia, Cristina observ\u00f3 que \u201ctodo termina donde empez\u00f3: el endeudamiento en d\u00f3lares, como moneda \u00fanica de reserva, y la apreciaci\u00f3n del d\u00f3lar, con su consecuencia eterna: El aumento de la deuda externa en d\u00f3lares de los pa\u00edses emergentes, y de sus empresas\u201d.<\/p>\n<p>\u201cEsto fue Argentina hasta el a\u00f1o 2003. Ah\u00ed empez\u00f3 el desendeudamiento y, adem\u00e1s, como no ten\u00edamos acceso al mercado de capitales, nuestras empresas privadas, al igual que el pa\u00eds, tienen un baj\u00edsimo nivel de endeudamiento en moneda extranjera\u201d, enfatiz\u00f3.<\/p>\n<p>Y finaliz\u00f3 ironizando: \u201cDespu\u00e9s nos hablan de &#8216;realismo m\u00e1gico&#8217; al referirse a nuestros pa\u00edses. El \u00fanico realismo m\u00e1gico que tuvimos recibi\u00f3 un Premio Nobel\u00bb, cerr\u00f3 en referencia a Gabriel Garc\u00eda M\u00e1rquez, autor de \u00abesa magn\u00edfica met\u00e1fora sobre la deuda externa externa latinoamericana en su cuento &#8216;La incre\u00edble y triste historia de la c\u00e1ndida Er\u00e9ndida y de su abuela desalmada&#8217;\u201d.<\/p>\n","protected":false},"excerpt":{"rendered":"<p>la din\u00e1mica de la devaluaci\u00f3n \u00abes letal para pa\u00edses en v\u00edas de crecimiento y desarrollo\u00bb<\/p>\n","protected":false},"author":8,"featured_media":0,"comment_status":"open","ping_status":"open","sticky":false,"template":"","format":"standard","meta":{"_jetpack_newsletter_access":"","_jetpack_dont_email_post_to_subs":false,"_jetpack_newsletter_tier_id":0,"_jetpack_memberships_contains_paywalled_content":false,"_jetpack_memberships_contains_paid_content":false,"footnotes":""},"categories":[51],"tags":[],"class_list":["post-71845","post","type-post","status-publish","format-standard","hentry","category-politica"],"jetpack_shortlink":"https:\/\/wp.me\/p2JWE0-iGN","jetpack-related-posts":[{"id":49975,"url":"http:\/\/www.24baires.com\/?p=49975","url_meta":{"origin":71845,"position":0},"title":"Cristina participa de la primera cumbre Brics y Unasur en Brasil","author":"AF","date":"16\/07\/2014","format":false,"excerpt":"Cristina arrib\u00f3 a Brasilia anoche, donde hoy comenzar\u00e1 el primer encuentro de trabajo entre los jefes de Estado de ambos bloques con el objetivo de estrechar lazos. El documento que Brics formaliz\u00f3 ayer. La jefa de Estado lleg\u00f3 al aeropuerto internacional de Brasilia a las 22:30 proveniente de R\u00edo Gallegos\u2026","rel":"","context":"En \u00abInternacionales\u00bb","block_context":{"text":"Internacionales","link":"http:\/\/www.24baires.com\/?cat=73"},"img":{"alt_text":"dilma cristina","src":"https:\/\/i0.wp.com\/www.24baires.com\/wp-content\/uploads\/2014\/07\/dilma-cristina-300x199.jpg?resize=350%2C200","width":350,"height":200},"classes":[]},{"id":103564,"url":"http:\/\/www.24baires.com\/?p=103564","url_meta":{"origin":71845,"position":1},"title":"Macri y Temer buscan avanzar en un tratado de libre comercio con la Uni\u00f3n Europea","author":"AF","date":"27\/07\/2018","format":false,"excerpt":"Ambos se encuentran en la cumbre de Brics, en Sud\u00e1frica. El jefe de la Casa Rosada quiere que el acuerdo se firme antes de las elecciones presidenciales de Brasil, donde asoma la sombra de Lula. Mauricio Macri y Michel Temer quieren sacarle todo el jugo posible a los pocos minutos\u2026","rel":"","context":"En \u00abPol\u00edtica\u00bb","block_context":{"text":"Pol\u00edtica","link":"http:\/\/www.24baires.com\/?cat=51"},"img":{"alt_text":"","src":"https:\/\/i0.wp.com\/www.24baires.com\/wp-content\/uploads\/2016\/10\/macri-temer.jpg?resize=350%2C200","width":350,"height":200,"srcset":"https:\/\/i0.wp.com\/www.24baires.com\/wp-content\/uploads\/2016\/10\/macri-temer.jpg?resize=350%2C200 1x, https:\/\/i0.wp.com\/www.24baires.com\/wp-content\/uploads\/2016\/10\/macri-temer.jpg?resize=525%2C300 1.5x"},"classes":[]},{"id":49575,"url":"http:\/\/www.24baires.com\/?p=49575","url_meta":{"origin":71845,"position":2},"title":"Amplio apoyo a la Argentina para el ingreso al BRICS","author":"Grupo Sierra","date":"09\/07\/2014","format":false,"excerpt":"China impulsar\u00e1 al pa\u00eds para entrar al grupo de potencias emergentes, tal como lo hace tambi\u00e9n respecto a M\u00e9xico, Indonesia y Australia, seg\u00fan explic\u00f3 un alto funcionario de la Canciller\u00ed\u00ada china. \"El Brics va a favorecer a los pa\u00ed\u00adses en v\u00ed\u00adas de desarrollo y los de mercados emergentes bajo las\u2026","rel":"","context":"En \u00abInternacionales\u00bb","block_context":{"text":"Internacionales","link":"http:\/\/www.24baires.com\/?cat=73"},"img":{"alt_text":"","src":"https:\/\/i0.wp.com\/www.24baires.com\/wp-content\/uploads\/2014\/07\/BRICS.jpg?resize=350%2C200","width":350,"height":200,"srcset":"https:\/\/i0.wp.com\/www.24baires.com\/wp-content\/uploads\/2014\/07\/BRICS.jpg?resize=350%2C200 1x, https:\/\/i0.wp.com\/www.24baires.com\/wp-content\/uploads\/2014\/07\/BRICS.jpg?resize=525%2C300 1.5x"},"classes":[]},{"id":50000,"url":"http:\/\/www.24baires.com\/?p=50000","url_meta":{"origin":71845,"position":3},"title":"Cristina: \u00abSe debe terminar el pillaje internacional en materia financiera\u00bb","author":"GB","date":"16\/07\/2014","format":false,"excerpt":"La presidenta hizo estas declaraciones al arribar al edificio principal de la canciller\u00eda brasile\u00f1a, donde fue recibida por Dila Rousseff, en primer encuentro de trabajo entre los jefes de Estado de la regi\u00f3n y de los Brics, en Fortaleza. La jefa de Estado hizo estas declaraciones al salir del hotel\u2026","rel":"","context":"En \u00abPol\u00edtica\u00bb","block_context":{"text":"Pol\u00edtica","link":"http:\/\/www.24baires.com\/?cat=51"},"img":{"alt_text":"","src":"https:\/\/i0.wp.com\/www.24baires.com\/wp-content\/uploads\/2014\/07\/cristina-brics.jpg?resize=350%2C200","width":350,"height":200,"srcset":"https:\/\/i0.wp.com\/www.24baires.com\/wp-content\/uploads\/2014\/07\/cristina-brics.jpg?resize=350%2C200 1x, https:\/\/i0.wp.com\/www.24baires.com\/wp-content\/uploads\/2014\/07\/cristina-brics.jpg?resize=525%2C300 1.5x"},"classes":[]},{"id":46964,"url":"http:\/\/www.24baires.com\/?p=46964","url_meta":{"origin":71845,"position":4},"title":"\u00abTodas las obligaciones financieras se han venido pagando religiosamente\u00bb","author":"GB","date":"29\/05\/2014","format":false,"excerpt":"La presidenta Cristina Fern\u00e1ndez de Kirchner, afirm\u00f3 hoy que \"todas las obligaciones financieras de la Rep\u00fablica Argentina desde el 25 de mayo del a\u00f1o 2003 se han venido pagando religiosamente\", en referencia al acuerdo alcanzado con el Club de Par\u00eds. La presidenta Cristina Fern\u00e1ndez de Kirchner, afirm\u00f3 hoy que \"todas\u2026","rel":"","context":"En \u00abPol\u00edtica\u00bb","block_context":{"text":"Pol\u00edtica","link":"http:\/\/www.24baires.com\/?cat=51"},"img":{"alt_text":"cristina twitter 2013","src":"https:\/\/i0.wp.com\/www.24baires.com\/wp-content\/uploads\/2013\/09\/cristina-twitter-2013.jpg?resize=350%2C200","width":350,"height":200,"srcset":"https:\/\/i0.wp.com\/www.24baires.com\/wp-content\/uploads\/2013\/09\/cristina-twitter-2013.jpg?resize=350%2C200 1x, https:\/\/i0.wp.com\/www.24baires.com\/wp-content\/uploads\/2013\/09\/cristina-twitter-2013.jpg?resize=525%2C300 1.5x"},"classes":[]},{"id":71789,"url":"http:\/\/www.24baires.com\/?p=71789","url_meta":{"origin":71845,"position":5},"title":"Cristina: \u00abLa crisis se traslada con violencia los BRICS\u00bb","author":"AF","date":"07\/09\/2015","format":false,"excerpt":"Esta noche, la mandataria, tras recordar uno de sus \u00faltimos discursos, atac\u00f3 a los especuladores y calific\u00f3 a las econom\u00edas emergentes (entre las que se cuentan pa\u00edses como Brasil y China) de \"v\u00edctimas\". La presidenta Cristina Fern\u00e1ndez de Kirchner hizo uso esta noche de la red social Twitter para recordar\u2026","rel":"","context":"En \u00abPol\u00edtica\u00bb","block_context":{"text":"Pol\u00edtica","link":"http:\/\/www.24baires.com\/?cat=51"},"img":{"alt_text":"cristina dia de industria","src":"https:\/\/i0.wp.com\/www.24baires.com\/wp-content\/uploads\/2015\/09\/cristina-dia-de-industria.jpg?resize=350%2C200","width":350,"height":200,"srcset":"https:\/\/i0.wp.com\/www.24baires.com\/wp-content\/uploads\/2015\/09\/cristina-dia-de-industria.jpg?resize=350%2C200 1x, https:\/\/i0.wp.com\/www.24baires.com\/wp-content\/uploads\/2015\/09\/cristina-dia-de-industria.jpg?resize=525%2C300 1.5x"},"classes":[]}],"jetpack_sharing_enabled":true,"jetpack_likes_enabled":true,"jetpack_featured_media_url":"","_links":{"self":[{"href":"http:\/\/www.24baires.com\/index.php?rest_route=\/wp\/v2\/posts\/71845","targetHints":{"allow":["GET"]}}],"collection":[{"href":"http:\/\/www.24baires.com\/index.php?rest_route=\/wp\/v2\/posts"}],"about":[{"href":"http:\/\/www.24baires.com\/index.php?rest_route=\/wp\/v2\/types\/post"}],"author":[{"embeddable":true,"href":"http:\/\/www.24baires.com\/index.php?rest_route=\/wp\/v2\/users\/8"}],"replies":[{"embeddable":true,"href":"http:\/\/www.24baires.com\/index.php?rest_route=%2Fwp%2Fv2%2Fcomments&post=71845"}],"version-history":[{"count":1,"href":"http:\/\/www.24baires.com\/index.php?rest_route=\/wp\/v2\/posts\/71845\/revisions"}],"predecessor-version":[{"id":71846,"href":"http:\/\/www.24baires.com\/index.php?rest_route=\/wp\/v2\/posts\/71845\/revisions\/71846"}],"wp:attachment":[{"href":"http:\/\/www.24baires.com\/index.php?rest_route=%2Fwp%2Fv2%2Fmedia&parent=71845"}],"wp:term":[{"taxonomy":"category","embeddable":true,"href":"http:\/\/www.24baires.com\/index.php?rest_route=%2Fwp%2Fv2%2Fcategories&post=71845"},{"taxonomy":"post_tag","embeddable":true,"href":"http:\/\/www.24baires.com\/index.php?rest_route=%2Fwp%2Fv2%2Ftags&post=71845"}],"curies":[{"name":"wp","href":"https:\/\/api.w.org\/{rel}","templated":true}]}}