{"id":71836,"date":"2015-09-08T20:30:05","date_gmt":"2015-09-08T23:30:05","guid":{"rendered":"http:\/\/www.24baires.com\/?p=71836"},"modified":"2015-09-08T19:56:09","modified_gmt":"2015-09-08T22:56:09","slug":"scioli-encabezo-egreso-de-la-policia-local-en-san-martin","status":"publish","type":"post","link":"http:\/\/www.24baires.com\/?p=71836","title":{"rendered":"Scioli encabez\u00f3 egreso de la Polic\u00eda Local en San Mart\u00edn"},"content":{"rendered":"<p><img data-recalc-dims=\"1\" loading=\"lazy\" decoding=\"async\" class=\"aligncenter size-full wp-image-63605\" src=\"https:\/\/i0.wp.com\/www.24baires.com\/wp-content\/uploads\/2015\/03\/poli-local-lp.jpg?resize=560%2C379\" alt=\"poli local lp\" width=\"560\" height=\"379\" srcset=\"https:\/\/i0.wp.com\/www.24baires.com\/wp-content\/uploads\/2015\/03\/poli-local-lp.jpg?w=560 560w, https:\/\/i0.wp.com\/www.24baires.com\/wp-content\/uploads\/2015\/03\/poli-local-lp.jpg?resize=300%2C203 300w\" sizes=\"auto, (max-width: 560px) 100vw, 560px\" \/>El Gobernador bonaerense y candidato presidencial del FpV, Daniel Scioli encabez\u00f3 el acto junto a 235 oficiales que se incorporar\u00e1n a la fuerza a partir del 9 de septiembre.<!--more--><\/p>\n<p>Durante el acto de egreso de los m\u00e1s de doscientos polic\u00edas de la localidad de San Mart\u00edn donde tambi\u00e9n estuvo presente el intendente Gabriel Katopodis, Scioli record\u00f3 que cuando \u00ablas discusiones se enredaron en un debate pol\u00edtico, implementamos la polic\u00eda local por decreto con el apoyo de 62 intendentes\u00bb.<\/p>\n<p>En ese marco subray\u00f3: \u00abHoy podemos tener 8700 polic\u00edas en funciones\u00bb enfatiz\u00f3 el candidato a presidente y agreg\u00f3 \u00abporque comprendimos la angustia ciudadana\u00bb.<\/p>\n<p>Adem\u00e1s, el Gobernador defini\u00f3 que el trabajo de los nuevos agentes est\u00e1 destinado \u00abal cuidado de espacios p\u00fablicos y centros comerciales\u00bb desde un paradigma de seguridad que parte de la \u00abaproximaci\u00f3n y la prevenci\u00f3n\u00bb.<\/p>\n<p>Por \u00faltimo, anunci\u00f3 que despu\u00e9s de haber mantenido una reuni\u00f3n entre las c\u00fapulas de la polic\u00eda provincial y la del distrito de San Mart\u00edn se tom\u00f3 la decisi\u00f3n de que los Comandos de Prevenci\u00f3n Comunitarios (CPC) extendieran la jornada de trabajo de 26 horas a 40.<\/p>\n<p>&nbsp;<\/p>\n<p>&nbsp;<\/p>\n<p>&nbsp;<\/p>\n<p>&nbsp;<\/p>\n<p>&nbsp;<\/p>\n<p>&nbsp;<\/p>\n<p>&nbsp;<\/p>\n<p>&nbsp;<\/p>\n<p>&nbsp;<\/p>\n<p>&nbsp;<\/p>\n<p>&nbsp;<\/p>\n<p>&nbsp;<\/p>\n<p>&nbsp;<\/p>\n<p>&nbsp;<\/p>\n","protected":false},"excerpt":{"rendered":"<p>El Gobernador bonaerense y candidato presidencial del FpV, Daniel Scioli encabez\u00f3 el acto junto a 235 oficiales que se incorporar\u00e1n a la fuerza a partir del 9 de septiembre.<\/p>\n","protected":false},"author":8,"featured_media":0,"comment_status":"open","ping_status":"open","sticky":false,"template":"","format":"standard","meta":{"_jetpack_newsletter_access":"","_jetpack_dont_email_post_to_subs":false,"_jetpack_newsletter_tier_id":0,"_jetpack_memberships_contains_paywalled_content":false,"_jetpack_memberships_contains_paid_content":false,"footnotes":""},"categories":[51],"tags":[],"class_list":["post-71836","post","type-post","status-publish","format-standard","hentry","category-politica"],"jetpack_shortlink":"https:\/\/wp.me\/p2JWE0-iGE","jetpack-related-posts":[{"id":71814,"url":"http:\/\/www.24baires.com\/?p=71814","url_meta":{"origin":71836,"position":0},"title":"Scioli: \u00abEl progreso se debe dar en el marco de oportunidades y equidad\u00bb","author":"AF","date":"08\/09\/2015","format":false,"excerpt":"El gobernador de la provincia de Buenos Aires y candidato a presidente del FpV destac\u00f3 la importancia de \"distribuir\", al hablar enel acto de egreso de 235 polic\u00edas locales en la localidad de San Mart\u00edn. Al hablar en el acto de egreso de 235 polic\u00edas locales en la localidad de\u2026","rel":"","context":"En \u00abPol\u00edtica\u00bb","block_context":{"text":"Pol\u00edtica","link":"http:\/\/www.24baires.com\/?cat=51"},"img":{"alt_text":"scioli cierre campa\u00f1a","src":"https:\/\/i0.wp.com\/www.24baires.com\/wp-content\/uploads\/2015\/08\/scioli-cierre-campa%C3%B1a.jpg?resize=350%2C200","width":350,"height":200,"srcset":"https:\/\/i0.wp.com\/www.24baires.com\/wp-content\/uploads\/2015\/08\/scioli-cierre-campa%C3%B1a.jpg?resize=350%2C200 1x, https:\/\/i0.wp.com\/www.24baires.com\/wp-content\/uploads\/2015\/08\/scioli-cierre-campa%C3%B1a.jpg?resize=525%2C300 1.5x"},"classes":[]},{"id":65831,"url":"http:\/\/www.24baires.com\/?p=65831","url_meta":{"origin":71836,"position":1},"title":"Scioli protagoniz\u00f3 el acto de egreso de la Polic\u00eda Local de Lan\u00fas","author":"GB","date":"13\/05\/2015","format":false,"excerpt":"El Gobernador encabez\u00f3 la ceremonia, junto al intendente Dar\u00edo D\u00edaz P\u00e9rez. En el acto, se entregaron 10 patrulleros para el distrito. Los primeros egresados de la Polic\u00eda Local de Lan\u00fas son 73 efectivos, quienes desde hoy estar\u00e1n patrullando las calles del distrito. El gobernador Daniel Scioli encabez\u00f3 el acto, esta\u2026","rel":"","context":"En \u00abMunicipios\u00bb","block_context":{"text":"Municipios","link":"http:\/\/www.24baires.com\/?cat=44"},"img":{"alt_text":"poli local lp","src":"https:\/\/i0.wp.com\/www.24baires.com\/wp-content\/uploads\/2015\/03\/poli-local-lp.jpg?resize=350%2C200","width":350,"height":200,"srcset":"https:\/\/i0.wp.com\/www.24baires.com\/wp-content\/uploads\/2015\/03\/poli-local-lp.jpg?resize=350%2C200 1x, https:\/\/i0.wp.com\/www.24baires.com\/wp-content\/uploads\/2015\/03\/poli-local-lp.jpg?resize=525%2C300 1.5x"},"classes":[]},{"id":72864,"url":"http:\/\/www.24baires.com\/?p=72864","url_meta":{"origin":71836,"position":2},"title":"Desde La Matanza, Scioli defini\u00f3 a la seguridad como su \u201cprioridad\u201d","author":"GB","date":"29\/09\/2015","format":false,"excerpt":"El gobernador y candidato a presidente por el FPV reiter\u00f3 que las pol\u00edticas de seguridad ciudadana ser\u00e1n su \u201cprioridad\u201d y se comprometi\u00f3 a \u201cestar cerca de los problemas\" para solucionarlos. El gobernador bonaerense y candidato a presidente por el Frente para la Victoria, Daniel Scioli reiter\u00f3 que las pol\u00edticas de\u2026","rel":"","context":"En \u00abPol\u00edtica\u00bb","block_context":{"text":"Pol\u00edtica","link":"http:\/\/www.24baires.com\/?cat=51"},"img":{"alt_text":"scioli","src":"https:\/\/i0.wp.com\/www.24baires.com\/wp-content\/uploads\/2015\/09\/scioli1.jpg?resize=350%2C200","width":350,"height":200,"srcset":"https:\/\/i0.wp.com\/www.24baires.com\/wp-content\/uploads\/2015\/09\/scioli1.jpg?resize=350%2C200 1x, https:\/\/i0.wp.com\/www.24baires.com\/wp-content\/uploads\/2015\/09\/scioli1.jpg?resize=525%2C300 1.5x"},"classes":[]},{"id":50033,"url":"http:\/\/www.24baires.com\/?p=50033","url_meta":{"origin":71836,"position":3},"title":"Scioli no quiere que \u00abse demoren\u00bb con la Polic\u00eda Local","author":"Grupo Sierra","date":"16\/07\/2014","format":false,"excerpt":"Durante un acto en el que se destruyeron armas, el gobernador pidi\u00f3 que los intendentes aceleren el proceso y suscriban los convenios\" para tener sus fuerzas municipales. El gobernador de Buenos Aires, Daniel Scioli, destac\u00f3 este mi\u00e9rcoles que \"la pelea contra la inseguridad no puede ser pol\u00edtica\", en relaci\u00f3n a\u2026","rel":"","context":"En \u00abProvincia\u00bb","block_context":{"text":"Provincia","link":"http:\/\/www.24baires.com\/?cat=40"},"img":{"alt_text":"scioli - granados","src":"https:\/\/i0.wp.com\/www.24baires.com\/wp-content\/uploads\/2014\/06\/scioli-granados.jpg?resize=350%2C200","width":350,"height":200,"srcset":"https:\/\/i0.wp.com\/www.24baires.com\/wp-content\/uploads\/2014\/06\/scioli-granados.jpg?resize=350%2C200 1x, https:\/\/i0.wp.com\/www.24baires.com\/wp-content\/uploads\/2014\/06\/scioli-granados.jpg?resize=525%2C300 1.5x"},"classes":[]},{"id":68569,"url":"http:\/\/www.24baires.com\/?p=68569","url_meta":{"origin":71836,"position":4},"title":"Scioli en Presidente Per\u00f3n: \u201cQueremos llegar al rinc\u00f3n de cada barrio de la Provincia\u201d","author":"GB","date":"03\/07\/2015","format":false,"excerpt":"El gobernador bonaerense asegur\u00f3 que est\u00e1 llevando adelante \"la mayor renovaci\u00f3n cuantitativa y cualitativa de la historia de la polic\u00eda\", al encabezar el acto de egreso de 131 oficiales de la polic\u00eda local en la localidad de Presidente Per\u00f3n. \"Quiero una polic\u00eda local con autoridad, no autoritaria, que tenga una\u2026","rel":"","context":"En \u00abPol\u00edtica\u00bb","block_context":{"text":"Pol\u00edtica","link":"http:\/\/www.24baires.com\/?cat=51"},"img":{"alt_text":"poli local lp","src":"https:\/\/i0.wp.com\/www.24baires.com\/wp-content\/uploads\/2015\/03\/poli-local-lp.jpg?resize=350%2C200","width":350,"height":200,"srcset":"https:\/\/i0.wp.com\/www.24baires.com\/wp-content\/uploads\/2015\/03\/poli-local-lp.jpg?resize=350%2C200 1x, https:\/\/i0.wp.com\/www.24baires.com\/wp-content\/uploads\/2015\/03\/poli-local-lp.jpg?resize=525%2C300 1.5x"},"classes":[]},{"id":65350,"url":"http:\/\/www.24baires.com\/?p=65350","url_meta":{"origin":71836,"position":5},"title":"Avellaneda: Scioli encabez\u00f3 el egreso de polic\u00edas locales","author":"AF","date":"05\/05\/2015","format":false,"excerpt":"El gobernador bonaerense entreg\u00f3 m\u00f3viles con blindaje e inaugur\u00f3 el edificio donde funcionar\u00e1 la nueva dependencia. El gobernador Daniel Scioli encabez\u00f3 el segundo egreso de 55 oficiales y el ingreso de 90 cadetes de la Polic\u00eda Local de Avellaneda. Asimismo, el mandatario provincial entreg\u00f3 27 veh\u00edculos con blindaje e inaugur\u00f3\u2026","rel":"","context":"En \u00abLocales\u00bb","block_context":{"text":"Locales","link":"http:\/\/www.24baires.com\/?cat=38"},"img":{"alt_text":"scioli gral r","src":"https:\/\/i0.wp.com\/www.24baires.com\/wp-content\/uploads\/2014\/08\/scioli-gral-r.jpg?resize=350%2C200","width":350,"height":200,"srcset":"https:\/\/i0.wp.com\/www.24baires.com\/wp-content\/uploads\/2014\/08\/scioli-gral-r.jpg?resize=350%2C200 1x, https:\/\/i0.wp.com\/www.24baires.com\/wp-content\/uploads\/2014\/08\/scioli-gral-r.jpg?resize=525%2C300 1.5x"},"classes":[]}],"jetpack_sharing_enabled":true,"jetpack_likes_enabled":true,"jetpack_featured_media_url":"","_links":{"self":[{"href":"http:\/\/www.24baires.com\/index.php?rest_route=\/wp\/v2\/posts\/71836","targetHints":{"allow":["GET"]}}],"collection":[{"href":"http:\/\/www.24baires.com\/index.php?rest_route=\/wp\/v2\/posts"}],"about":[{"href":"http:\/\/www.24baires.com\/index.php?rest_route=\/wp\/v2\/types\/post"}],"author":[{"embeddable":true,"href":"http:\/\/www.24baires.com\/index.php?rest_route=\/wp\/v2\/users\/8"}],"replies":[{"embeddable":true,"href":"http:\/\/www.24baires.com\/index.php?rest_route=%2Fwp%2Fv2%2Fcomments&post=71836"}],"version-history":[{"count":1,"href":"http:\/\/www.24baires.com\/index.php?rest_route=\/wp\/v2\/posts\/71836\/revisions"}],"predecessor-version":[{"id":71837,"href":"http:\/\/www.24baires.com\/index.php?rest_route=\/wp\/v2\/posts\/71836\/revisions\/71837"}],"wp:attachment":[{"href":"http:\/\/www.24baires.com\/index.php?rest_route=%2Fwp%2Fv2%2Fmedia&parent=71836"}],"wp:term":[{"taxonomy":"category","embeddable":true,"href":"http:\/\/www.24baires.com\/index.php?rest_route=%2Fwp%2Fv2%2Fcategories&post=71836"},{"taxonomy":"post_tag","embeddable":true,"href":"http:\/\/www.24baires.com\/index.php?rest_route=%2Fwp%2Fv2%2Ftags&post=71836"}],"curies":[{"name":"wp","href":"https:\/\/api.w.org\/{rel}","templated":true}]}}