{"id":71821,"date":"2015-09-08T18:00:56","date_gmt":"2015-09-08T21:00:56","guid":{"rendered":"http:\/\/www.24baires.com\/?p=71821"},"modified":"2015-09-08T16:38:40","modified_gmt":"2015-09-08T19:38:40","slug":"que-niembro-de-explicaciones-o-que-macri-y-vidal-no-hablen-mas-de-corrupcion","status":"publish","type":"post","link":"http:\/\/www.24baires.com\/?p=71821","title":{"rendered":"\u00abQue Niembro d\u00e9 explicaciones o que Macri y Vidal no hablen m\u00e1s de corrupci\u00f3n\u00bb"},"content":{"rendered":"<p><img data-recalc-dims=\"1\" loading=\"lazy\" decoding=\"async\" class=\"aligncenter size-full wp-image-50552\" src=\"https:\/\/i0.wp.com\/www.24baires.com\/wp-content\/uploads\/2014\/07\/felipe-sol%C3%A1.jpg?resize=560%2C336\" alt=\"felipe sol\u00e1\" width=\"560\" height=\"336\" srcset=\"https:\/\/i0.wp.com\/www.24baires.com\/wp-content\/uploads\/2014\/07\/felipe-sol%C3%A1.jpg?w=560 560w, https:\/\/i0.wp.com\/www.24baires.com\/wp-content\/uploads\/2014\/07\/felipe-sol%C3%A1.jpg?resize=300%2C180 300w\" sizes=\"auto, (max-width: 560px) 100vw, 560px\" \/>El candidato a gobernador bonaerense por UNA carg\u00f3 contra los principales referentes del macrismo en medio del mutismo que ese espacio adopt\u00f3 luego de que estallara el esc\u00e1ndalo que involucra a uno de sus candidatos.<!--more--><br \/>\nEl candidato a gobernador bonerense por el frente Unidos por una Nueva Alternativa (UNA), Felipe Sol\u00e1, asegur\u00f3 este martes que los representantes de Cambiemos, Mauricio Macri, Elisa Carri\u00f3 y Mar\u00eda Eugenia Vidal \u00abdeben salir r\u00e1pidamente a exigir\u00bb a Fernando Niembro que de explicaciones sobre las contrataciones de su empresa con el gobierno de la ciudad, y afirm\u00f3 que si no lo hacen que \u00abse dejen de joder con la palabra corrupci\u00f3n\u00bb.<\/p>\n<p>\u00abMacri, Carri\u00f3 y Vidal deben salir r\u00e1pidamente a exigir a Niembro que d\u00e9 explicaciones, si es que las puede dar. Si no lo hacen, que se dejen de joder con la palabra corrupci\u00f3n\u00bb, dispar\u00f3 Sol\u00e1 en declaraciones radiales.<\/p>\n<p>Para Sol\u00e1, el candidato a diputado de Cambiemos por la provincia de Buenos Aires \u00abusa de una manera bastante obscena la comunicaci\u00f3n y se hace pasar por un perito del Gran Buenos Aires, cuando es la primera vez que lo debe pisar\u00bb.<\/p>\n<p>\u00abHace una sobreactuaci\u00f3n evidente. Est\u00e1 acostumbrado al micr\u00f3fono y la televisi\u00f3n. Se cree impune, que puede decir lo que se le canta. En vez de hablar del conurbano, que nos venga a hablar de los 21 millones\u00bb, concluy\u00f3 Sol\u00e1.<\/p>\n<p>En la misma l\u00ednea se pronunci\u00f3 la legisladora porte\u00f1a por el Frente para la Victoria, Gabriela Cerruti, quien consider\u00f3 que Niembro \u00abdeber\u00eda dar explicaciones\u00bb por el esc\u00e1ndalo en las contrataciones directas con el gobierno de Mauricio Macri, o de lo contrario, \u00abrenunciar porque ensucia al partido\u00bb.<\/p>\n<p>\u00abQue siga con su candidatura le hace da\u00f1o a Vidal (Mar\u00eda Eugenia, candidata a gobernadora bonaerense) y al PRO\u00bb, dijo Cerruti al reclamar al gobierno porte\u00f1o \u00abque d\u00e9 explicaciones claras y explique de qu\u00e9 se trata\u00bb.<\/p>\n<p>Para la diputada porte\u00f1a, el esc\u00e1ndalo de las contrataciones \u00abdevela un sistema de financiamiento de la pol\u00edtica a partir del Estado en la ciudad de Buenos Aires, a trav\u00e9s de consultoras o empresas, en las que se derivan fondos para enriquecimiento personal o para bancar campa\u00f1as pol\u00edticas\u00bb.<\/p>\n<p>&nbsp;<\/p>\n<p>&nbsp;<\/p>\n<p>&nbsp;<\/p>\n<p>&nbsp;<\/p>\n<p>&nbsp;<\/p>\n<p>&nbsp;<\/p>\n<p>&nbsp;<\/p>\n<p>&nbsp;<\/p>\n<p>&nbsp;<\/p>\n<p>&nbsp;<\/p>\n<p>&nbsp;<\/p>\n<p>&nbsp;<\/p>\n<p>&nbsp;<\/p>\n<p>&nbsp;<\/p>\n<p>&nbsp;<\/p>\n<p>&nbsp;<\/p>\n<p>&nbsp;<\/p>\n","protected":false},"excerpt":{"rendered":"<p>El candidato a gobernador bonaerense por UNA carg\u00f3 contra los principales referentes del macrismo en medio del mutismo que ese espacio adopt\u00f3 luego de que estallara el esc\u00e1ndalo que involucra a uno de sus candidatos.<\/p>\n","protected":false},"author":8,"featured_media":0,"comment_status":"open","ping_status":"open","sticky":false,"template":"","format":"standard","meta":{"_jetpack_newsletter_access":"","_jetpack_dont_email_post_to_subs":false,"_jetpack_newsletter_tier_id":0,"_jetpack_memberships_contains_paywalled_content":false,"_jetpack_memberships_contains_paid_content":false,"footnotes":""},"categories":[51],"tags":[],"class_list":["post-71821","post","type-post","status-publish","format-standard","hentry","category-politica"],"jetpack_shortlink":"https:\/\/wp.me\/p2JWE0-iGp","jetpack-related-posts":[{"id":71886,"url":"http:\/\/www.24baires.com\/?p=71886","url_meta":{"origin":71821,"position":0},"title":"Stolbizer contra Macri: \u00ab\u00bfCu\u00e1ntos Niembros m\u00e1s tiene la Ciudad?\u00bb","author":"GB","date":"09\/09\/2015","format":false,"excerpt":"\"\u00bfCu\u00e1ntos Niembros m\u00e1s tiene el gobierno de CABA?\", se pregunt\u00f3 la candidata a presidenta de Progresistas, en referencia al acuerdo electoral que tienen Carri\u00f3 y el radicalismo con el PRO y las irregularidades como las detectadas en los contratos que involucraron al gobierno de la ciudad y al periodista. La\u2026","rel":"","context":"En \u00abElecciones 2015\u00bb","block_context":{"text":"Elecciones 2015","link":"http:\/\/www.24baires.com\/?cat=74"},"img":{"alt_text":"Stolbizer2","src":"https:\/\/i0.wp.com\/www.24baires.com\/wp-content\/uploads\/2014\/08\/Stolbizer2.jpg?resize=350%2C200","width":350,"height":200,"srcset":"https:\/\/i0.wp.com\/www.24baires.com\/wp-content\/uploads\/2014\/08\/Stolbizer2.jpg?resize=350%2C200 1x, https:\/\/i0.wp.com\/www.24baires.com\/wp-content\/uploads\/2014\/08\/Stolbizer2.jpg?resize=525%2C300 1.5x"},"classes":[]},{"id":71566,"url":"http:\/\/www.24baires.com\/?p=71566","url_meta":{"origin":71821,"position":1},"title":"\u00abNo satisfacen las explicaciones del gobierno porte\u00f1o sobre los contratos a Niembro\u00bb","author":"AF","date":"03\/09\/2015","format":false,"excerpt":"El jefe de Gabinete y candidato a gobernador bonaerense, An\u00edbal Fern\u00e1ndez, sostuvo que las autoridades del gobierno porte\u00f1o le recuerdan a Atahualpa Yupanqui, cuando dijo que \"'no aclaren que oscurece', y en \u00e9ste caso tratan de aclarar\", al referirse a la denuncia presentada contra el candidato a diputado de Cambiemos,\u2026","rel":"","context":"En \u00abPol\u00edtica\u00bb","block_context":{"text":"Pol\u00edtica","link":"http:\/\/www.24baires.com\/?cat=51"},"img":{"alt_text":"anibal","src":"https:\/\/i0.wp.com\/www.24baires.com\/wp-content\/uploads\/2015\/01\/anibal.jpg?resize=350%2C200","width":350,"height":200,"srcset":"https:\/\/i0.wp.com\/www.24baires.com\/wp-content\/uploads\/2015\/01\/anibal.jpg?resize=350%2C200 1x, https:\/\/i0.wp.com\/www.24baires.com\/wp-content\/uploads\/2015\/01\/anibal.jpg?resize=525%2C300 1.5x"},"classes":[]},{"id":72469,"url":"http:\/\/www.24baires.com\/?p=72469","url_meta":{"origin":71821,"position":2},"title":"Seg\u00fan una encuesta, el 54% cree que Macri es responsable en el caso Niembro","author":"AF","date":"21\/09\/2015","format":false,"excerpt":"Una encuesta asegura que m\u00e1s de la mitad de los argentinos considera que el jefe de Gobierno porte\u00f1o y candidato presidencial de la alianza Cambiemos, Mauricio Macri, tiene \u201calg\u00fan grado de responsabilidad\u201d en el caso de las contrataciones por m\u00e1s de 21 millones de pesos entre la Usina, la consultora\u2026","rel":"","context":"En \u00abPol\u00edtica\u00bb","block_context":{"text":"Pol\u00edtica","link":"http:\/\/www.24baires.com\/?cat=51"},"img":{"alt_text":"macri niembro","src":"https:\/\/i0.wp.com\/www.24baires.com\/wp-content\/uploads\/2015\/09\/macri-niembro.jpg?resize=350%2C200","width":350,"height":200,"srcset":"https:\/\/i0.wp.com\/www.24baires.com\/wp-content\/uploads\/2015\/09\/macri-niembro.jpg?resize=350%2C200 1x, https:\/\/i0.wp.com\/www.24baires.com\/wp-content\/uploads\/2015\/09\/macri-niembro.jpg?resize=525%2C300 1.5x"},"classes":[]},{"id":108185,"url":"http:\/\/www.24baires.com\/?p=108185","url_meta":{"origin":71821,"position":3},"title":"Cambiemos al rojo vivo: cruces violentos entre Carri\u00f3 y Marcos Pe\u00f1a","author":"AF","date":"15\/05\/2019","format":false,"excerpt":"La diputada cuestion\u00f3 con dureza a Frigerio y Bullrich tras la derrota en C\u00f3rdoba. Solo reconoci\u00f3 a Rodr\u00edguez Larreta y Vidal. En Cambiemos siguieron comiendo facturas. Pases de factura. La l\u00edder de la Coalici\u00f3n C\u00edvica, Elisa Carri\u00f3, respondi\u00f3 al Gobierno por el malestar con sus cr\u00edticas tras la elecci\u00f3n de\u2026","rel":"","context":"En \u00abPol\u00edtica\u00bb","block_context":{"text":"Pol\u00edtica","link":"http:\/\/www.24baires.com\/?cat=51"},"img":{"alt_text":"","src":"https:\/\/i0.wp.com\/www.24baires.com\/wp-content\/uploads\/2019\/05\/carrio-pe%C3%B1a.jpg?resize=350%2C200","width":350,"height":200,"srcset":"https:\/\/i0.wp.com\/www.24baires.com\/wp-content\/uploads\/2019\/05\/carrio-pe%C3%B1a.jpg?resize=350%2C200 1x, https:\/\/i0.wp.com\/www.24baires.com\/wp-content\/uploads\/2019\/05\/carrio-pe%C3%B1a.jpg?resize=525%2C300 1.5x"},"classes":[]},{"id":71795,"url":"http:\/\/www.24baires.com\/?p=71795","url_meta":{"origin":71821,"position":4},"title":"Piden que Niembro baje su candidatura por el esc\u00e1ndalo de La Usina","author":"AF","date":"08\/09\/2015","format":false,"excerpt":"El legislador bonaerense, del FpV, Guido Lorenzino, consider\u00f3 que \"lo m\u00e1s digno ser\u00eda\" que el periodista y candidato a diputado nacional de la provincia de Buenos Aires por Cambiemos desista de su postulaci\u00f3n. As\u00ed se manifest\u00f3 Lorenzino en declaraciones a FM Delta, tras calificar dichos contratos como un \"esc\u00e1ndalo\", luego\u2026","rel":"","context":"En \u00abElecciones 2015\u00bb","block_context":{"text":"Elecciones 2015","link":"http:\/\/www.24baires.com\/?cat=74"},"img":{"alt_text":"","src":"https:\/\/i0.wp.com\/www.24baires.com\/wp-content\/uploads\/2015\/09\/niembro.jpg?resize=350%2C200","width":350,"height":200,"srcset":"https:\/\/i0.wp.com\/www.24baires.com\/wp-content\/uploads\/2015\/09\/niembro.jpg?resize=350%2C200 1x, https:\/\/i0.wp.com\/www.24baires.com\/wp-content\/uploads\/2015\/09\/niembro.jpg?resize=525%2C300 1.5x"},"classes":[]},{"id":72215,"url":"http:\/\/www.24baires.com\/?p=72215","url_meta":{"origin":71821,"position":5},"title":"Finalmente Niembro declin\u00f3 su candidatura","author":"GB","date":"16\/09\/2015","format":false,"excerpt":"El periodista ya no se postular\u00e1 por el frente Cambiemos en la provincia de Buenos Aires, luego de que presentara este mediod\u00eda su renuncia en medio del esc\u00e1ndalo de las contrataciones millonarias entre una productora de su propiedad y el gobierno porte\u00f1o. El periodista deportivo Fernando Niembro renunci\u00f3 a su\u2026","rel":"","context":"En \u00abElecciones 2015\u00bb","block_context":{"text":"Elecciones 2015","link":"http:\/\/www.24baires.com\/?cat=74"},"img":{"alt_text":"fernando_niembro","src":"https:\/\/i0.wp.com\/www.24baires.com\/wp-content\/uploads\/2015\/07\/fernando_niembro.jpg?resize=350%2C200","width":350,"height":200,"srcset":"https:\/\/i0.wp.com\/www.24baires.com\/wp-content\/uploads\/2015\/07\/fernando_niembro.jpg?resize=350%2C200 1x, https:\/\/i0.wp.com\/www.24baires.com\/wp-content\/uploads\/2015\/07\/fernando_niembro.jpg?resize=525%2C300 1.5x"},"classes":[]}],"jetpack_sharing_enabled":true,"jetpack_likes_enabled":true,"jetpack_featured_media_url":"","_links":{"self":[{"href":"http:\/\/www.24baires.com\/index.php?rest_route=\/wp\/v2\/posts\/71821","targetHints":{"allow":["GET"]}}],"collection":[{"href":"http:\/\/www.24baires.com\/index.php?rest_route=\/wp\/v2\/posts"}],"about":[{"href":"http:\/\/www.24baires.com\/index.php?rest_route=\/wp\/v2\/types\/post"}],"author":[{"embeddable":true,"href":"http:\/\/www.24baires.com\/index.php?rest_route=\/wp\/v2\/users\/8"}],"replies":[{"embeddable":true,"href":"http:\/\/www.24baires.com\/index.php?rest_route=%2Fwp%2Fv2%2Fcomments&post=71821"}],"version-history":[{"count":1,"href":"http:\/\/www.24baires.com\/index.php?rest_route=\/wp\/v2\/posts\/71821\/revisions"}],"predecessor-version":[{"id":71822,"href":"http:\/\/www.24baires.com\/index.php?rest_route=\/wp\/v2\/posts\/71821\/revisions\/71822"}],"wp:attachment":[{"href":"http:\/\/www.24baires.com\/index.php?rest_route=%2Fwp%2Fv2%2Fmedia&parent=71821"}],"wp:term":[{"taxonomy":"category","embeddable":true,"href":"http:\/\/www.24baires.com\/index.php?rest_route=%2Fwp%2Fv2%2Fcategories&post=71821"},{"taxonomy":"post_tag","embeddable":true,"href":"http:\/\/www.24baires.com\/index.php?rest_route=%2Fwp%2Fv2%2Ftags&post=71821"}],"curies":[{"name":"wp","href":"https:\/\/api.w.org\/{rel}","templated":true}]}}