{"id":71817,"date":"2015-09-08T16:28:05","date_gmt":"2015-09-08T19:28:05","guid":{"rendered":"http:\/\/www.24baires.com\/?p=71817"},"modified":"2015-09-08T16:28:05","modified_gmt":"2015-09-08T19:28:05","slug":"ahora-en-25-de-mayo-atacaron-el-local-del-candidato-a-intendente-del-fpv","status":"publish","type":"post","link":"http:\/\/www.24baires.com\/?p=71817","title":{"rendered":"Ahora en 25 de Mayo, atacaron el local del candidato a Intendente del FpV"},"content":{"rendered":"<p><img data-recalc-dims=\"1\" loading=\"lazy\" decoding=\"async\" class=\"aligncenter size-full wp-image-71818\" src=\"https:\/\/i0.wp.com\/www.24baires.com\/wp-content\/uploads\/2015\/09\/local-25-de-mayo.jpg?resize=560%2C262\" alt=\"local 25 de mayo\" width=\"560\" height=\"262\" srcset=\"https:\/\/i0.wp.com\/www.24baires.com\/wp-content\/uploads\/2015\/09\/local-25-de-mayo.jpg?w=560 560w, https:\/\/i0.wp.com\/www.24baires.com\/wp-content\/uploads\/2015\/09\/local-25-de-mayo.jpg?resize=300%2C140 300w\" sizes=\"auto, (max-width: 560px) 100vw, 560px\" \/>El candidato a Intendente del FPV en el partido bonaerense de 25 de Mayo, Hern\u00e1n Ralinqueo, denunci\u00f3 un ataque en su local partidario. \u00abAs\u00ed atacaron nuestro local a piedrazos el s\u00e1bado a la ma\u00f1ana, indic\u00f3 acompa\u00f1ado de fotos a trav\u00e9s de su cuenta de Facebook.<!--more--><\/p>\n<p>\u00abEn principio pens\u00e9 que se trataba de alg\u00fan acto vand\u00e1lico de alguien bajo los efectos del alcohol. Pero con el correr del tiempo, con los testimonios de varios vecinos hoy tengo que decir que fue algo organizado, intencional, en el mismo sentido que desde hace unos d\u00edas se viene incitando a la violencia contra mi persona desde las redes sociales, con declaraciones desde algunos medios\u00bb, agreg\u00f3.<\/p>\n<p>\u00abSon las forma de actuar de algunos que contra la voluntad del pueblo quieren reflotar una vieja forma y lamentable de actuar en pol\u00edtica, cuando se carece de honestidad, ideas, proyectos, de capacidad de trabajo y capacidad de di\u00e1logo, buscan agredir, descalificar, da\u00f1ar\u00bb explic\u00f3 el candidato kirchnerista, seg\u00fan public\u00f3 LaTecla.<\/p>\n<p>\u00abEvidentemente esta serie de ataques son organizadas desde sector pol\u00edtico y la rotura de vidrios de nuestro local est\u00e1 directamente relacionada a esas viejas formas de querer sacar r\u00e9dito, amedrentar e instalar el miedo entre la gente que participa con nosotros. Yo pido tranquilidad, racionalidad y apelo a que la participaci\u00f3n pol\u00edtica se haga con respeto, sin difamaciones, sin violencia y pensando en el futuro de nuestro 25 de Mayo\u00bb, concluy\u00f3 Ralinqueo.<\/p>\n<p>&nbsp;<\/p>\n<p>&nbsp;<\/p>\n<p>&nbsp;<\/p>\n<p>&nbsp;<\/p>\n<p>&nbsp;<\/p>\n<p>&nbsp;<\/p>\n<p>&nbsp;<\/p>\n<p>&nbsp;<\/p>\n<p>&nbsp;<\/p>\n<p>&nbsp;<\/p>\n<p>&nbsp;<\/p>\n<p>&nbsp;<\/p>\n<p>&nbsp;<\/p>\n<p>&nbsp;<\/p>\n<p>&nbsp;<\/p>\n","protected":false},"excerpt":{"rendered":"<p>El candidato a Intendente del FPV en el partido bonaerense de 25 de Mayo, Hern\u00e1n Ralinqueo, denunci\u00f3 un ataque en su local partidario. \u00abAs\u00ed atacaron nuestro local a piedrazos el s\u00e1bado a la ma\u00f1ana, indic\u00f3 acompa\u00f1ado de fotos a trav\u00e9s de su cuenta de Facebook.<\/p>\n","protected":false},"author":8,"featured_media":0,"comment_status":"open","ping_status":"open","sticky":false,"template":"","format":"standard","meta":{"_jetpack_newsletter_access":"","_jetpack_dont_email_post_to_subs":false,"_jetpack_newsletter_tier_id":0,"_jetpack_memberships_contains_paywalled_content":false,"_jetpack_memberships_contains_paid_content":false,"footnotes":""},"categories":[51],"tags":[],"class_list":["post-71817","post","type-post","status-publish","format-standard","hentry","category-politica"],"jetpack_shortlink":"https:\/\/wp.me\/p2JWE0-iGl","jetpack-related-posts":[{"id":121986,"url":"http:\/\/www.24baires.com\/?p=121986","url_meta":{"origin":71817,"position":0},"title":"El intendente de 25 de mayo se suma a las filas de La Libertad Avanza","author":"GB","date":"16\/01\/2025","format":false,"excerpt":"Luego de meses de conversaciones, La Libertad Avanza le dio la bienvenida al primer intendente libertario de la historia. Es un bonaerense. De cara a las elecciones legislativas de este a\u00f1o, La Libertad Avanza est\u00e1 trabajando a pleno para fortalecer su armado. Sobre todo en la provincia de Buenos Aires,\u2026","rel":"","context":"En \u00abPol\u00edtica\u00bb","block_context":{"text":"Pol\u00edtica","link":"http:\/\/www.24baires.com\/?cat=51"},"img":{"alt_text":"","src":"https:\/\/i0.wp.com\/www.24baires.com\/wp-content\/uploads\/2025\/01\/eguenjpg.webp?resize=350%2C200","width":350,"height":200,"srcset":"https:\/\/i0.wp.com\/www.24baires.com\/wp-content\/uploads\/2025\/01\/eguenjpg.webp?resize=350%2C200 1x, https:\/\/i0.wp.com\/www.24baires.com\/wp-content\/uploads\/2025\/01\/eguenjpg.webp?resize=525%2C300 1.5x, https:\/\/i0.wp.com\/www.24baires.com\/wp-content\/uploads\/2025\/01\/eguenjpg.webp?resize=700%2C400 2x"},"classes":[]},{"id":112454,"url":"http:\/\/www.24baires.com\/?p=112454","url_meta":{"origin":71817,"position":1},"title":"San Isidro: atacaron a militantes del Frente de Todos","author":"AF","date":"11\/10\/2019","format":false,"excerpt":"\"Dej\u00e1 de pintar para Gelay\", le dijeron Mat\u00edas Hussein, que recibi\u00f3 piedradas y patadas. Termin\u00f3 con nueve puntos en la cabeza. El candidato a intendente del FdT denunci\u00f3 que la agresi\u00f3n \"responde al manejo oscuro de la pol\u00edtica que tiene v\u00ednculos con barrabravas\". Dos militantes del Frente de Todos fueron\u2026","rel":"","context":"En \u00abLocales\u00bb","block_context":{"text":"Locales","link":"http:\/\/www.24baires.com\/?cat=38"},"img":{"alt_text":"","src":"https:\/\/i0.wp.com\/www.24baires.com\/wp-content\/uploads\/2019\/10\/boulogne.jpg?resize=350%2C200","width":350,"height":200,"srcset":"https:\/\/i0.wp.com\/www.24baires.com\/wp-content\/uploads\/2019\/10\/boulogne.jpg?resize=350%2C200 1x, https:\/\/i0.wp.com\/www.24baires.com\/wp-content\/uploads\/2019\/10\/boulogne.jpg?resize=525%2C300 1.5x"},"classes":[]},{"id":106576,"url":"http:\/\/www.24baires.com\/?p=106576","url_meta":{"origin":71817,"position":2},"title":"Renunci\u00f3 el presidente del Concejo Deliberante platense por una denuncia de acoso sexual","author":"AF","date":"28\/01\/2019","format":false,"excerpt":"Fernando Ponce dej\u00f3 su cargo despu\u00e9s de que se conociera la presentaci\u00f3n de una ex empleada. Tambi\u00e9n hab\u00eda atacado a una concejal por estar casada con un ex funcionario del kirchnerismo. Acorralado por denuncias en su contra por acoso sexual, renunci\u00f3 la semana pasada el presidente del Concejo Deliberante de\u2026","rel":"","context":"En \u00abLocales\u00bb","block_context":{"text":"Locales","link":"http:\/\/www.24baires.com\/?cat=38"},"img":{"alt_text":"","src":"https:\/\/i0.wp.com\/www.24baires.com\/wp-content\/uploads\/2019\/01\/ponce-la-plata.jpg?resize=350%2C200","width":350,"height":200,"srcset":"https:\/\/i0.wp.com\/www.24baires.com\/wp-content\/uploads\/2019\/01\/ponce-la-plata.jpg?resize=350%2C200 1x, https:\/\/i0.wp.com\/www.24baires.com\/wp-content\/uploads\/2019\/01\/ponce-la-plata.jpg?resize=525%2C300 1.5x"},"classes":[]},{"id":73905,"url":"http:\/\/www.24baires.com\/?p=73905","url_meta":{"origin":71817,"position":3},"title":"Intervienen la comisar\u00eda de Los Polvorines por los ataques contra militantes del FpV","author":"GB","date":"21\/10\/2015","format":false,"excerpt":"La comisar\u00eda 2da. de la localidad bonaerense de Los Polvorines fue intervenida por la Superintendencia de Seguridad Zona Norte, tras los ataques que recibieron militantes del Frente para la Victoria en el distrito de Malvinas Argentinas, y de la presencia masiva de mujeres en esa dependencia policial tras las agresiones\u2026","rel":"","context":"En \u00abMunicipios\u00bb","block_context":{"text":"Municipios","link":"http:\/\/www.24baires.com\/?cat=44"},"img":{"alt_text":"","src":"https:\/\/i0.wp.com\/www.24baires.com\/wp-content\/uploads\/2015\/10\/los-polvorines.jpg?resize=350%2C200","width":350,"height":200,"srcset":"https:\/\/i0.wp.com\/www.24baires.com\/wp-content\/uploads\/2015\/10\/los-polvorines.jpg?resize=350%2C200 1x, https:\/\/i0.wp.com\/www.24baires.com\/wp-content\/uploads\/2015\/10\/los-polvorines.jpg?resize=525%2C300 1.5x"},"classes":[]},{"id":33023,"url":"http:\/\/www.24baires.com\/?p=33023","url_meta":{"origin":71817,"position":4},"title":"Vicente L\u00f3pez: denuncian a Jorge Macri por \u201cpersecuciones y ataques permanentes\u201d","author":"AF","date":"05\/10\/2013","format":false,"excerpt":"El candidato a concejal, Leonardo Rial, dijo que el intendente de Vicente L\u00f3pez agrede sistem\u00e1ticamente a los militantes del FpV porque \u201cno tiene un proyecto pol\u00edtico, solo marketing y no le conviene que se hable\u201d. Relat\u00f3 que \u201cla patrulla municipal est\u00e1 m\u00e1s pendiente de que nosotros no salgamos a la\u2026","rel":"","context":"En \u00abLocales\u00bb","block_context":{"text":"Locales","link":"http:\/\/www.24baires.com\/?cat=38"},"img":{"alt_text":"","src":"https:\/\/i0.wp.com\/www.24baires.com\/wp-content\/uploads\/2013\/10\/jorge-macri-massa.jpg?resize=350%2C200","width":350,"height":200,"srcset":"https:\/\/i0.wp.com\/www.24baires.com\/wp-content\/uploads\/2013\/10\/jorge-macri-massa.jpg?resize=350%2C200 1x, https:\/\/i0.wp.com\/www.24baires.com\/wp-content\/uploads\/2013\/10\/jorge-macri-massa.jpg?resize=525%2C300 1.5x"},"classes":[]},{"id":101464,"url":"http:\/\/www.24baires.com\/?p=101464","url_meta":{"origin":71817,"position":5},"title":"Arroyo profundiza la interna: \u00abVoy a ser candidato, o por Cambiemos o ir\u00e9 s\u00f3lo\u00bb","author":"GB","date":"06\/04\/2018","format":false,"excerpt":"El intendente de Mar del Plata, Carlos Arroyo, profundiz\u00f3 hoy la interna en esa ciudad con el diputado nacional, Guillermo Montenegro y sostuvo que si no es por Cambiemos, ser\u00e1 candidato a la reelecci\u00f3n por su cuenta. \"Voy a ser candidato y volver\u00e9 a ser intendente, o por Cambiemos o\u2026","rel":"","context":"En \u00abMunicipios\u00bb","block_context":{"text":"Municipios","link":"http:\/\/www.24baires.com\/?cat=44"},"img":{"alt_text":"","src":"https:\/\/i0.wp.com\/www.24baires.com\/wp-content\/uploads\/2017\/09\/arroyo.jpg?resize=350%2C200","width":350,"height":200,"srcset":"https:\/\/i0.wp.com\/www.24baires.com\/wp-content\/uploads\/2017\/09\/arroyo.jpg?resize=350%2C200 1x, https:\/\/i0.wp.com\/www.24baires.com\/wp-content\/uploads\/2017\/09\/arroyo.jpg?resize=525%2C300 1.5x"},"classes":[]}],"jetpack_sharing_enabled":true,"jetpack_likes_enabled":true,"jetpack_featured_media_url":"","_links":{"self":[{"href":"http:\/\/www.24baires.com\/index.php?rest_route=\/wp\/v2\/posts\/71817","targetHints":{"allow":["GET"]}}],"collection":[{"href":"http:\/\/www.24baires.com\/index.php?rest_route=\/wp\/v2\/posts"}],"about":[{"href":"http:\/\/www.24baires.com\/index.php?rest_route=\/wp\/v2\/types\/post"}],"author":[{"embeddable":true,"href":"http:\/\/www.24baires.com\/index.php?rest_route=\/wp\/v2\/users\/8"}],"replies":[{"embeddable":true,"href":"http:\/\/www.24baires.com\/index.php?rest_route=%2Fwp%2Fv2%2Fcomments&post=71817"}],"version-history":[{"count":1,"href":"http:\/\/www.24baires.com\/index.php?rest_route=\/wp\/v2\/posts\/71817\/revisions"}],"predecessor-version":[{"id":71819,"href":"http:\/\/www.24baires.com\/index.php?rest_route=\/wp\/v2\/posts\/71817\/revisions\/71819"}],"wp:attachment":[{"href":"http:\/\/www.24baires.com\/index.php?rest_route=%2Fwp%2Fv2%2Fmedia&parent=71817"}],"wp:term":[{"taxonomy":"category","embeddable":true,"href":"http:\/\/www.24baires.com\/index.php?rest_route=%2Fwp%2Fv2%2Fcategories&post=71817"},{"taxonomy":"post_tag","embeddable":true,"href":"http:\/\/www.24baires.com\/index.php?rest_route=%2Fwp%2Fv2%2Ftags&post=71817"}],"curies":[{"name":"wp","href":"https:\/\/api.w.org\/{rel}","templated":true}]}}