{"id":71814,"date":"2015-09-08T15:00:53","date_gmt":"2015-09-08T18:00:53","guid":{"rendered":"http:\/\/www.24baires.com\/?p=71814"},"modified":"2015-09-09T10:49:51","modified_gmt":"2015-09-09T13:49:51","slug":"scioli-el-progreso-se-debe-dar-en-el-marco-de-oportunidades-y-equidad","status":"publish","type":"post","link":"http:\/\/www.24baires.com\/?p=71814","title":{"rendered":"Scioli: \u00abEl progreso se debe dar en el marco de oportunidades y equidad\u00bb"},"content":{"rendered":"<p><img data-recalc-dims=\"1\" loading=\"lazy\" decoding=\"async\" class=\"aligncenter size-full wp-image-70134\" src=\"https:\/\/i0.wp.com\/www.24baires.com\/wp-content\/uploads\/2015\/08\/scioli-cierre-campa%C3%B1a.jpg?resize=560%2C307\" alt=\"scioli cierre campa\u00f1a\" width=\"560\" height=\"307\" srcset=\"https:\/\/i0.wp.com\/www.24baires.com\/wp-content\/uploads\/2015\/08\/scioli-cierre-campa%C3%B1a.jpg?w=560 560w, https:\/\/i0.wp.com\/www.24baires.com\/wp-content\/uploads\/2015\/08\/scioli-cierre-campa%C3%B1a.jpg?resize=300%2C164 300w\" sizes=\"auto, (max-width: 560px) 100vw, 560px\" \/>El gobernador de la provincia de Buenos Aires y candidato a presidente del FpV destac\u00f3 la importancia de \u00abdistribuir\u00bb, al hablar enel acto de egreso de 235 polic\u00edas locales en la localidad de San Mart\u00edn.<!--more--><\/p>\n<p>Al hablar en el acto de egreso de 235 polic\u00edas locales en la localidad de San Mart\u00edn, Scioli record\u00f3 que cuando \u00ablas discusiones se enredaron en un debate pol\u00edtico, implementamos la polic\u00eda local por decreto con el apoyo de 62 intendentes\u00bb en referencia al fallido intento de que la implementaci\u00f3n de esta fuerza se diera a trav\u00e9s de una ley provincial.<\/p>\n<p>Por esa raz\u00f3n, \u00abhoy podemos tener 8700 polic\u00edas en funciones\u00bb enfatiz\u00f3 el candidato a presidente del kirchnerismo y agreg\u00f3 \u00abporque comprendimos la angustia ciudadana\u00bb.<\/p>\n<p>Adem\u00e1s, Scioli defini\u00f3 que el trabajo de los nuevos agentes est\u00e1 destinado \u00abal cuidado de espacios p\u00fablicos y centros comerciales\u00bb desde un paradigma de seguridad que parte de la \u00abaproximaci\u00f3n y la prevenci\u00f3n\u00bb.<\/p>\n<p>Por \u00faltimo, anunci\u00f3 que despu\u00e9s de haber mantenido una reuni\u00f3n entre las c\u00fapulas de la polic\u00eda provincial y la del distrito de San Mart\u00edn se tom\u00f3 la decisi\u00f3n de que los Comandos de Prevenci\u00f3n Comunitarios (CPC) extendieran la jornada de trabajo de 26 horas a 40.<\/p>\n<p>Tambi\u00e9n anunci\u00f3 la incorporaci\u00f3n de 14 m\u00f3viles nuevos con 112 hombres y 10 motos con 20 hombres para reforzar la seguridad en el distrito que conduce el intendente Gabriel Katopodis, quien estaba en el palco junto al gobernador y al ministro de Seguridad provincial Alejandro Granados.<\/p>\n","protected":false},"excerpt":{"rendered":"<p>El gobernador de la provincia de Buenos Aires y candidato a presidente del FpV destac\u00f3 la importancia de \u00abdistribuir\u00bb, al hablar enel acto de egreso de 235 polic\u00edas locales en la localidad de San Mart\u00edn.<\/p>\n","protected":false},"author":4,"featured_media":0,"comment_status":"open","ping_status":"open","sticky":false,"template":"","format":"standard","meta":{"_jetpack_newsletter_access":"","_jetpack_dont_email_post_to_subs":false,"_jetpack_newsletter_tier_id":0,"_jetpack_memberships_contains_paywalled_content":false,"_jetpack_memberships_contains_paid_content":false,"footnotes":""},"categories":[51],"tags":[],"class_list":["post-71814","post","type-post","status-publish","format-standard","hentry","category-politica"],"jetpack_shortlink":"https:\/\/wp.me\/p2JWE0-iGi","jetpack-related-posts":[{"id":71836,"url":"http:\/\/www.24baires.com\/?p=71836","url_meta":{"origin":71814,"position":0},"title":"Scioli encabez\u00f3 egreso de la Polic\u00eda Local en San Mart\u00edn","author":"GB","date":"08\/09\/2015","format":false,"excerpt":"El Gobernador bonaerense y candidato presidencial del FpV, Daniel Scioli encabez\u00f3 el acto junto a 235 oficiales que se incorporar\u00e1n a la fuerza a partir del 9 de septiembre. Durante el acto de egreso de los m\u00e1s de doscientos polic\u00edas de la localidad de San Mart\u00edn donde tambi\u00e9n estuvo presente\u2026","rel":"","context":"En \u00abPol\u00edtica\u00bb","block_context":{"text":"Pol\u00edtica","link":"http:\/\/www.24baires.com\/?cat=51"},"img":{"alt_text":"poli local lp","src":"https:\/\/i0.wp.com\/www.24baires.com\/wp-content\/uploads\/2015\/03\/poli-local-lp.jpg?resize=350%2C200","width":350,"height":200,"srcset":"https:\/\/i0.wp.com\/www.24baires.com\/wp-content\/uploads\/2015\/03\/poli-local-lp.jpg?resize=350%2C200 1x, https:\/\/i0.wp.com\/www.24baires.com\/wp-content\/uploads\/2015\/03\/poli-local-lp.jpg?resize=525%2C300 1.5x"},"classes":[]},{"id":72864,"url":"http:\/\/www.24baires.com\/?p=72864","url_meta":{"origin":71814,"position":1},"title":"Desde La Matanza, Scioli defini\u00f3 a la seguridad como su \u201cprioridad\u201d","author":"GB","date":"29\/09\/2015","format":false,"excerpt":"El gobernador y candidato a presidente por el FPV reiter\u00f3 que las pol\u00edticas de seguridad ciudadana ser\u00e1n su \u201cprioridad\u201d y se comprometi\u00f3 a \u201cestar cerca de los problemas\" para solucionarlos. El gobernador bonaerense y candidato a presidente por el Frente para la Victoria, Daniel Scioli reiter\u00f3 que las pol\u00edticas de\u2026","rel":"","context":"En \u00abPol\u00edtica\u00bb","block_context":{"text":"Pol\u00edtica","link":"http:\/\/www.24baires.com\/?cat=51"},"img":{"alt_text":"scioli","src":"https:\/\/i0.wp.com\/www.24baires.com\/wp-content\/uploads\/2015\/09\/scioli1.jpg?resize=350%2C200","width":350,"height":200,"srcset":"https:\/\/i0.wp.com\/www.24baires.com\/wp-content\/uploads\/2015\/09\/scioli1.jpg?resize=350%2C200 1x, https:\/\/i0.wp.com\/www.24baires.com\/wp-content\/uploads\/2015\/09\/scioli1.jpg?resize=525%2C300 1.5x"},"classes":[]},{"id":103162,"url":"http:\/\/www.24baires.com\/?p=103162","url_meta":{"origin":71814,"position":2},"title":"Berisso es el primer municipio en eliminar la Polic\u00eda Local","author":"AF","date":"04\/07\/2018","format":false,"excerpt":"La municipalidad de Berisso se convirti\u00f3 en la primera comuna de la provincia en fusionar la Polic\u00eda Local con la bonaerense, siguiendo los planes del Gobierno provincial para eliminar la fuerza creada durante la gesti\u00f3n de Daniel Scioli. El intendente de Berisso, Jorge Nedela, firm\u00f3 ayer un convenio con el\u2026","rel":"","context":"En \u00abLocales\u00bb","block_context":{"text":"Locales","link":"http:\/\/www.24baires.com\/?cat=38"},"img":{"alt_text":"","src":"https:\/\/i0.wp.com\/www.24baires.com\/wp-content\/uploads\/2015\/10\/policia-local-mdp.jpg?resize=350%2C200","width":350,"height":200,"srcset":"https:\/\/i0.wp.com\/www.24baires.com\/wp-content\/uploads\/2015\/10\/policia-local-mdp.jpg?resize=350%2C200 1x, https:\/\/i0.wp.com\/www.24baires.com\/wp-content\/uploads\/2015\/10\/policia-local-mdp.jpg?resize=525%2C300 1.5x"},"classes":[]},{"id":65831,"url":"http:\/\/www.24baires.com\/?p=65831","url_meta":{"origin":71814,"position":3},"title":"Scioli protagoniz\u00f3 el acto de egreso de la Polic\u00eda Local de Lan\u00fas","author":"GB","date":"13\/05\/2015","format":false,"excerpt":"El Gobernador encabez\u00f3 la ceremonia, junto al intendente Dar\u00edo D\u00edaz P\u00e9rez. En el acto, se entregaron 10 patrulleros para el distrito. Los primeros egresados de la Polic\u00eda Local de Lan\u00fas son 73 efectivos, quienes desde hoy estar\u00e1n patrullando las calles del distrito. El gobernador Daniel Scioli encabez\u00f3 el acto, esta\u2026","rel":"","context":"En \u00abMunicipios\u00bb","block_context":{"text":"Municipios","link":"http:\/\/www.24baires.com\/?cat=44"},"img":{"alt_text":"poli local lp","src":"https:\/\/i0.wp.com\/www.24baires.com\/wp-content\/uploads\/2015\/03\/poli-local-lp.jpg?resize=350%2C200","width":350,"height":200,"srcset":"https:\/\/i0.wp.com\/www.24baires.com\/wp-content\/uploads\/2015\/03\/poli-local-lp.jpg?resize=350%2C200 1x, https:\/\/i0.wp.com\/www.24baires.com\/wp-content\/uploads\/2015\/03\/poli-local-lp.jpg?resize=525%2C300 1.5x"},"classes":[]},{"id":68569,"url":"http:\/\/www.24baires.com\/?p=68569","url_meta":{"origin":71814,"position":4},"title":"Scioli en Presidente Per\u00f3n: \u201cQueremos llegar al rinc\u00f3n de cada barrio de la Provincia\u201d","author":"GB","date":"03\/07\/2015","format":false,"excerpt":"El gobernador bonaerense asegur\u00f3 que est\u00e1 llevando adelante \"la mayor renovaci\u00f3n cuantitativa y cualitativa de la historia de la polic\u00eda\", al encabezar el acto de egreso de 131 oficiales de la polic\u00eda local en la localidad de Presidente Per\u00f3n. \"Quiero una polic\u00eda local con autoridad, no autoritaria, que tenga una\u2026","rel":"","context":"En \u00abPol\u00edtica\u00bb","block_context":{"text":"Pol\u00edtica","link":"http:\/\/www.24baires.com\/?cat=51"},"img":{"alt_text":"poli local lp","src":"https:\/\/i0.wp.com\/www.24baires.com\/wp-content\/uploads\/2015\/03\/poli-local-lp.jpg?resize=350%2C200","width":350,"height":200,"srcset":"https:\/\/i0.wp.com\/www.24baires.com\/wp-content\/uploads\/2015\/03\/poli-local-lp.jpg?resize=350%2C200 1x, https:\/\/i0.wp.com\/www.24baires.com\/wp-content\/uploads\/2015\/03\/poli-local-lp.jpg?resize=525%2C300 1.5x"},"classes":[]},{"id":50033,"url":"http:\/\/www.24baires.com\/?p=50033","url_meta":{"origin":71814,"position":5},"title":"Scioli no quiere que \u00abse demoren\u00bb con la Polic\u00eda Local","author":"Grupo Sierra","date":"16\/07\/2014","format":false,"excerpt":"Durante un acto en el que se destruyeron armas, el gobernador pidi\u00f3 que los intendentes aceleren el proceso y suscriban los convenios\" para tener sus fuerzas municipales. El gobernador de Buenos Aires, Daniel Scioli, destac\u00f3 este mi\u00e9rcoles que \"la pelea contra la inseguridad no puede ser pol\u00edtica\", en relaci\u00f3n a\u2026","rel":"","context":"En \u00abProvincia\u00bb","block_context":{"text":"Provincia","link":"http:\/\/www.24baires.com\/?cat=40"},"img":{"alt_text":"scioli - granados","src":"https:\/\/i0.wp.com\/www.24baires.com\/wp-content\/uploads\/2014\/06\/scioli-granados.jpg?resize=350%2C200","width":350,"height":200,"srcset":"https:\/\/i0.wp.com\/www.24baires.com\/wp-content\/uploads\/2014\/06\/scioli-granados.jpg?resize=350%2C200 1x, https:\/\/i0.wp.com\/www.24baires.com\/wp-content\/uploads\/2014\/06\/scioli-granados.jpg?resize=525%2C300 1.5x"},"classes":[]}],"jetpack_sharing_enabled":true,"jetpack_likes_enabled":true,"jetpack_featured_media_url":"","_links":{"self":[{"href":"http:\/\/www.24baires.com\/index.php?rest_route=\/wp\/v2\/posts\/71814","targetHints":{"allow":["GET"]}}],"collection":[{"href":"http:\/\/www.24baires.com\/index.php?rest_route=\/wp\/v2\/posts"}],"about":[{"href":"http:\/\/www.24baires.com\/index.php?rest_route=\/wp\/v2\/types\/post"}],"author":[{"embeddable":true,"href":"http:\/\/www.24baires.com\/index.php?rest_route=\/wp\/v2\/users\/4"}],"replies":[{"embeddable":true,"href":"http:\/\/www.24baires.com\/index.php?rest_route=%2Fwp%2Fv2%2Fcomments&post=71814"}],"version-history":[{"count":1,"href":"http:\/\/www.24baires.com\/index.php?rest_route=\/wp\/v2\/posts\/71814\/revisions"}],"predecessor-version":[{"id":71815,"href":"http:\/\/www.24baires.com\/index.php?rest_route=\/wp\/v2\/posts\/71814\/revisions\/71815"}],"wp:attachment":[{"href":"http:\/\/www.24baires.com\/index.php?rest_route=%2Fwp%2Fv2%2Fmedia&parent=71814"}],"wp:term":[{"taxonomy":"category","embeddable":true,"href":"http:\/\/www.24baires.com\/index.php?rest_route=%2Fwp%2Fv2%2Fcategories&post=71814"},{"taxonomy":"post_tag","embeddable":true,"href":"http:\/\/www.24baires.com\/index.php?rest_route=%2Fwp%2Fv2%2Ftags&post=71814"}],"curies":[{"name":"wp","href":"https:\/\/api.w.org\/{rel}","templated":true}]}}