{"id":71807,"date":"2015-09-08T13:00:33","date_gmt":"2015-09-08T16:00:33","guid":{"rendered":"http:\/\/www.24baires.com\/?p=71807"},"modified":"2015-09-08T12:59:36","modified_gmt":"2015-09-08T15:59:36","slug":"marangoni-la-grieta-la-genera-un-sector-de-la-oposicion-difamando","status":"publish","type":"post","link":"http:\/\/www.24baires.com\/?p=71807","title":{"rendered":"Marangoni: \u00abLa grieta la genera un sector de la oposici\u00f3n difamando\u00bb"},"content":{"rendered":"<p><img data-recalc-dims=\"1\" loading=\"lazy\" decoding=\"async\" class=\"alignleft size-full wp-image-23599\" src=\"https:\/\/i0.wp.com\/www.24baires.com\/wp-content\/uploads\/2013\/05\/marangoni-gustavo.png?resize=250%2C175\" alt=\"marangoni gustavo\" width=\"250\" height=\"175\" \/>El presidente del Banco Provincia se refiri\u00f3 hoy en declaraciones period\u00edsticas a la comida en la que particip\u00f3 con distintos sectores pol\u00edticos y empresarios, \u201ccon una foto casual y una operaci\u00f3n pol\u00edtica medi\u00e1tica quisieron ponerme avalando el discurso de la famosa grieta que le endilgan a nuestro gobierno, pero la grieta se genera con las difamaciones y las mentiras de un sector de la oposici\u00f3n\u201d.<!--more--><\/p>\n<p>\u201cLa reuni\u00f3n fue un asado al que me invit\u00f3 Ignacio de Mendiguren. Como les gusta todo el tiempo ver c\u00f3mo pueden meter ciza\u00f1a, algunos dirigentes hablan de achicar una supuesta grieta. Debieran dejar de insistir por ese camino. Hay una diferencia enorme entre el PRO y el Frente para la Victoria que es ideol\u00f3gica\u00bb, se\u00f1al\u00f3.<\/p>\n<p>\u00abNosotros somos parte de un gobierno nacional que desde 2003 lejos de crear grietas en la sociedad integr\u00f3 a millones de argentinos a trav\u00e9s del empleo, las pol\u00edticas previsionales y de integraci\u00f3n social. Un proyecto que nos integra con Latinoam\u00e9rica. Creemos en el desarrollo y en la integraci\u00f3n. Repito, la grieta la genera la oposici\u00f3n que descalifica permanentemente todo lo que hace el Frente para la Victoria\u201d, agreg\u00f3 Marangoni.<\/p>\n<p>&nbsp;<\/p>\n<p>&nbsp;<\/p>\n<p>&nbsp;<\/p>\n<p>&nbsp;<\/p>\n<p>&nbsp;<\/p>\n<p>&nbsp;<\/p>\n<p>&nbsp;<\/p>\n<p>&nbsp;<\/p>\n<p>&nbsp;<\/p>\n<p>&nbsp;<\/p>\n<p>&nbsp;<\/p>\n<p>&nbsp;<\/p>\n","protected":false},"excerpt":{"rendered":"<p>El presidente del Banco Provincia se refiri\u00f3 hoy en declaraciones period\u00edsticas a la comida en la que particip\u00f3 con distintos sectores pol\u00edticos y empresarios, \u201ccon una foto casual y una operaci\u00f3n pol\u00edtica medi\u00e1tica quisieron ponerme avalando el discurso de la famosa grieta que le endilgan a nuestro gobierno, pero la grieta se genera con las difamaciones y las mentiras de [&#8230;]<\/p>\n","protected":false},"author":4,"featured_media":0,"comment_status":"open","ping_status":"open","sticky":false,"template":"","format":"standard","meta":{"_jetpack_newsletter_access":"","_jetpack_dont_email_post_to_subs":false,"_jetpack_newsletter_tier_id":0,"_jetpack_memberships_contains_paywalled_content":false,"_jetpack_memberships_contains_paid_content":false,"footnotes":""},"categories":[51],"tags":[],"class_list":["post-71807","post","type-post","status-publish","format-standard","hentry","category-politica"],"jetpack_shortlink":"https:\/\/wp.me\/p2JWE0-iGb","jetpack-related-posts":[{"id":77569,"url":"http:\/\/www.24baires.com\/?p=77569","url_meta":{"origin":71807,"position":0},"title":"Diario espa\u00f1ol asegur\u00f3 que Macri profundiz\u00f3 \u00abla grieta\u00bb","author":"GB","date":"13\/01\/2016","format":false,"excerpt":"El Peri\u00f3dico de Catalunya asegur\u00f3 que el Presidente vuelve a mostrar una divisi\u00f3n entre kirchneristas y antikirchneristas. El diario espa\u00f1ol El Peri\u00f3dico destac\u00f3 en una nota publicada hoy que con el gobierno del presidente Mauricio Macri \"el pa\u00eds vuelve a mostrar la misma grieta que divid\u00eda a kirchneristas y antikirchneristas\".\u2026","rel":"","context":"En \u00abPol\u00edtica\u00bb","block_context":{"text":"Pol\u00edtica","link":"http:\/\/www.24baires.com\/?cat=51"},"img":{"alt_text":"","src":"","width":0,"height":0},"classes":[]},{"id":115957,"url":"http:\/\/www.24baires.com\/?p=115957","url_meta":{"origin":71807,"position":1},"title":"Kicillof, a la oposici\u00f3n: \u201cNo es el momento de buscar votos, parenla\u201d","author":"AF","date":"14\/08\/2020","format":false,"excerpt":"El gobernador bonaerense se dirigi\u00f3 hacia los sectores pol\u00edticos m\u00e1s cr\u00edticos del gobierno y dio uno de los discursos m\u00e1s duros hasta el momento. \u201cNadie quiere ver que alguien se queda sin respirador, si alguien lo quiere ver que lo diga y se haga cargo\u201d, afirm\u00f3 el gobernador de la\u2026","rel":"","context":"En \u00abProvincia\u00bb","block_context":{"text":"Provincia","link":"http:\/\/www.24baires.com\/?cat=40"},"img":{"alt_text":"","src":"https:\/\/i0.wp.com\/www.24baires.com\/wp-content\/uploads\/2020\/07\/kicillof-arroyo.jpeg?resize=350%2C200","width":350,"height":200,"srcset":"https:\/\/i0.wp.com\/www.24baires.com\/wp-content\/uploads\/2020\/07\/kicillof-arroyo.jpeg?resize=350%2C200 1x, https:\/\/i0.wp.com\/www.24baires.com\/wp-content\/uploads\/2020\/07\/kicillof-arroyo.jpeg?resize=525%2C300 1.5x"},"classes":[]},{"id":85854,"url":"http:\/\/www.24baires.com\/?p=85854","url_meta":{"origin":71807,"position":2},"title":"Habr\u00e1 una &#8216;cumbre&#8217; en Mar del Plata entre De la Sota y Massa","author":"Grupo Sierra","date":"03\/08\/2016","format":false,"excerpt":"Los l\u00edderes de UNA buscan consolidarse como alternativa opositora frente al macrismo y aprovechando la grieta que a\u00fan no recompone el Pj-FpV Los l\u00edderes de Unidos por una Nueva Alternativa (UNA), Sergio Massa y Jos\u00e9 Manuel De la Sota quieren aprovechar el envi\u00f3n que les est\u00e1n dando los n\u00fameros de\u2026","rel":"","context":"En \u00abPol\u00edtica\u00bb","block_context":{"text":"Pol\u00edtica","link":"http:\/\/www.24baires.com\/?cat=51"},"img":{"alt_text":"de la sota massa","src":"https:\/\/i0.wp.com\/www.24baires.com\/wp-content\/uploads\/2015\/09\/de-la-sota-massa.jpg?resize=350%2C200","width":350,"height":200,"srcset":"https:\/\/i0.wp.com\/www.24baires.com\/wp-content\/uploads\/2015\/09\/de-la-sota-massa.jpg?resize=350%2C200 1x, https:\/\/i0.wp.com\/www.24baires.com\/wp-content\/uploads\/2015\/09\/de-la-sota-massa.jpg?resize=525%2C300 1.5x"},"classes":[]},{"id":81976,"url":"http:\/\/www.24baires.com\/?p=81976","url_meta":{"origin":71807,"position":3},"title":"Navarro: \u201cEs condenable un hecho en el que cualquier persona sufre un escrache\u201d","author":"AF","date":"27\/04\/2016","format":false,"excerpt":"El diputado provincial Fernando Navarro repudi\u00f3 los hechos que tuvieron como protagonista a Carlos Zannini. El tambi\u00e9n ex candidato a vicepresidente fue escrachado el domingo en el Supercl\u00e1sico por plate\u00edstas de Boca y lo mismo le ocurri\u00f3 el lunes cuando se aprestaba a ocupar su ubicaci\u00f3n en un vuelo de\u2026","rel":"","context":"En \u00abPol\u00edtica\u00bb","block_context":{"text":"Pol\u00edtica","link":"http:\/\/www.24baires.com\/?cat=51"},"img":{"alt_text":"navarro chino","src":"https:\/\/i0.wp.com\/www.24baires.com\/wp-content\/uploads\/2013\/02\/navarro-chino.jpg?resize=350%2C200","width":350,"height":200,"srcset":"https:\/\/i0.wp.com\/www.24baires.com\/wp-content\/uploads\/2013\/02\/navarro-chino.jpg?resize=350%2C200 1x, https:\/\/i0.wp.com\/www.24baires.com\/wp-content\/uploads\/2013\/02\/navarro-chino.jpg?resize=525%2C300 1.5x"},"classes":[]},{"id":95354,"url":"http:\/\/www.24baires.com\/?p=95354","url_meta":{"origin":71807,"position":4},"title":"\u201cA Macri le falta calle para entender la sensibilidad social\u201d, consider\u00f3 Pergolini","author":"GB","date":"21\/06\/2017","format":false,"excerpt":"El conductor opin\u00f3 sobre la actualidad pol\u00edtica del pa\u00eds y dispar\u00f3 que \"la grieta es de un hartazgo insoportable\". Fue duro con el l\u00edder PRO al asegurar que \"peca de ingenuo o no entendi\u00f3 el juego\" mientras los argentinos la est\u00e1n \"pasando mal\". Tambi\u00e9n habl\u00f3 de CFK y de Tinelli.\u2026","rel":"","context":"En \u00abPol\u00edtica\u00bb","block_context":{"text":"Pol\u00edtica","link":"http:\/\/www.24baires.com\/?cat=51"},"img":{"alt_text":"","src":"https:\/\/i0.wp.com\/www.24baires.com\/wp-content\/uploads\/2017\/02\/macri-conferencia.jpg?resize=350%2C200","width":350,"height":200,"srcset":"https:\/\/i0.wp.com\/www.24baires.com\/wp-content\/uploads\/2017\/02\/macri-conferencia.jpg?resize=350%2C200 1x, https:\/\/i0.wp.com\/www.24baires.com\/wp-content\/uploads\/2017\/02\/macri-conferencia.jpg?resize=525%2C300 1.5x"},"classes":[]},{"id":82026,"url":"http:\/\/www.24baires.com\/?p=82026","url_meta":{"origin":71807,"position":5},"title":"\u00abLas prioridades en la provincia son seguridad, hacer obras y pol\u00edtica social\u00bb","author":"AF","date":"28\/04\/2016","format":false,"excerpt":"La gobernadora bonaerense afirm\u00f3 que busca \u201cdarle forma humana\u201d a sus decisiones cotidianas, dijo que la verdadera grieta que hay en el pa\u00eds es \u201centre lo que somos y lo que podemos llegar a ser\u201d. As\u00ed lo expres\u00f3 en el marco de una charla motivacional que Vidal ofreci\u00f3 esta ma\u00f1ana\u2026","rel":"","context":"En \u00abProvincia\u00bb","block_context":{"text":"Provincia","link":"http:\/\/www.24baires.com\/?cat=40"},"img":{"alt_text":"vidal congreso","src":"https:\/\/i0.wp.com\/www.24baires.com\/wp-content\/uploads\/2016\/03\/vidal-congreso.jpg?resize=350%2C200","width":350,"height":200,"srcset":"https:\/\/i0.wp.com\/www.24baires.com\/wp-content\/uploads\/2016\/03\/vidal-congreso.jpg?resize=350%2C200 1x, https:\/\/i0.wp.com\/www.24baires.com\/wp-content\/uploads\/2016\/03\/vidal-congreso.jpg?resize=525%2C300 1.5x"},"classes":[]}],"jetpack_sharing_enabled":true,"jetpack_likes_enabled":true,"jetpack_featured_media_url":"","_links":{"self":[{"href":"http:\/\/www.24baires.com\/index.php?rest_route=\/wp\/v2\/posts\/71807","targetHints":{"allow":["GET"]}}],"collection":[{"href":"http:\/\/www.24baires.com\/index.php?rest_route=\/wp\/v2\/posts"}],"about":[{"href":"http:\/\/www.24baires.com\/index.php?rest_route=\/wp\/v2\/types\/post"}],"author":[{"embeddable":true,"href":"http:\/\/www.24baires.com\/index.php?rest_route=\/wp\/v2\/users\/4"}],"replies":[{"embeddable":true,"href":"http:\/\/www.24baires.com\/index.php?rest_route=%2Fwp%2Fv2%2Fcomments&post=71807"}],"version-history":[{"count":1,"href":"http:\/\/www.24baires.com\/index.php?rest_route=\/wp\/v2\/posts\/71807\/revisions"}],"predecessor-version":[{"id":71809,"href":"http:\/\/www.24baires.com\/index.php?rest_route=\/wp\/v2\/posts\/71807\/revisions\/71809"}],"wp:attachment":[{"href":"http:\/\/www.24baires.com\/index.php?rest_route=%2Fwp%2Fv2%2Fmedia&parent=71807"}],"wp:term":[{"taxonomy":"category","embeddable":true,"href":"http:\/\/www.24baires.com\/index.php?rest_route=%2Fwp%2Fv2%2Fcategories&post=71807"},{"taxonomy":"post_tag","embeddable":true,"href":"http:\/\/www.24baires.com\/index.php?rest_route=%2Fwp%2Fv2%2Ftags&post=71807"}],"curies":[{"name":"wp","href":"https:\/\/api.w.org\/{rel}","templated":true}]}}