{"id":71789,"date":"2015-09-07T22:00:39","date_gmt":"2015-09-08T01:00:39","guid":{"rendered":"http:\/\/www.24baires.com\/?p=71789"},"modified":"2015-09-08T10:57:25","modified_gmt":"2015-09-08T13:57:25","slug":"cristina-la-crisis-se-traslada-con-violencia-los-brics","status":"publish","type":"post","link":"http:\/\/www.24baires.com\/?p=71789","title":{"rendered":"Cristina: \u00abLa crisis se traslada con violencia los BRICS\u00bb"},"content":{"rendered":"<p><img data-recalc-dims=\"1\" loading=\"lazy\" decoding=\"async\" class=\"aligncenter size-full wp-image-71561\" src=\"https:\/\/i0.wp.com\/www.24baires.com\/wp-content\/uploads\/2015\/09\/cristina-dia-de-industria.jpg?resize=560%2C373\" alt=\"cristina dia de industria\" width=\"560\" height=\"373\" srcset=\"https:\/\/i0.wp.com\/www.24baires.com\/wp-content\/uploads\/2015\/09\/cristina-dia-de-industria.jpg?w=560 560w, https:\/\/i0.wp.com\/www.24baires.com\/wp-content\/uploads\/2015\/09\/cristina-dia-de-industria.jpg?resize=300%2C200 300w\" sizes=\"auto, (max-width: 560px) 100vw, 560px\" \/>Esta noche, la mandataria, tras recordar uno de sus \u00faltimos discursos, atac\u00f3 a los especuladores y calific\u00f3 a las econom\u00edas emergentes (entre las que se cuentan pa\u00edses como Brasil y China) de \u00abv\u00edctimas\u00bb.<!--more--><\/p>\n<p>La presidenta Cristina Fern\u00e1ndez de Kirchner hizo uso esta noche de la red social Twitter para recordar su discurso del 26 de agosto en la Bolsa de Comercio y respaldar el rumbo de la pol\u00edtica econ\u00f3mica de su Gobierno, y les quit\u00f3 responsabilidad por la crisis actual a los pa\u00edses agrupados en la sigla BRICS (Brasil, Rusia, India, China y Sud\u00e1frica), econom\u00edas de las denominadas \u0093emergentes\u0094, a las que calific\u00f3 de \u0093v\u00edctimas\u0094.<\/p>\n<p>En el discurso citado, la mandataria se\u00f1al\u00f3: \u0093Los mercados siempre est\u00e1n manejados por la pol\u00edtica y hay, en la actualidad, una verdadera \u0096 como dice otro argentino mucho m\u00e1s ilustre e importante, infinitamente m\u00e1s importante que yo, hoy estamos frente a una Tercera Guerra Mundial. Esa Tercera Guerra Mundial, hoy, reconoce frentes b\u00e9licos y tambi\u00e9n reconoce frentes econ\u00f3micos, porque en definitiva qu\u00e9 es una guerra, sino el intento siempre de subordinaci\u00f3n de los unos sobre los otros y de hegemon\u00edas de unos mercados sobre los otros mercados\u0094.<\/p>\n<p>Luego de recordar aquel discurso, Cristina Fern\u00e1ndez hizo referencia al art\u00edculo Emergentes: lleg\u00f3 el momento de reparar un modelo roto, publicado hoy por Finalcial Times y reproducido por Cronista.com.<\/p>\n<p>En este art\u00edculo, James Kynge y Jonathan Wheatley afirman: \u0093El profundo malestar que afecta a los mercados emergentes -que representa 38% del producto bruto interno global en t\u00e9rminos nominales y 52% si se calcula en t\u00e9rminos de paridad del poder adquisitivo- proviene esencialmente de deficiencia econ\u00f3micas, m\u00e1s que tensiones de los mercados financieros. Por ejemplo, la ca\u00edda del crecimiento en China, que min\u00f3 la demanda global de commodities, es producto de la actual transici\u00f3n de Beijing de un modelo de crecimiento desgastado que depend\u00eda de las inversiones inmobiliarias, en f\u00e1bricas e infraestructura\u0094.<\/p>\n<p>De este art\u00edculo, la mandataria destac\u00f3 el fragmento que asegura que \u00ablos modelos de crecimiento son cuestionados en general y en algunos pa\u00edses est\u00e1n agotados\u00bb, frase dicha por Mohamed El-Erian, principal asesor econ\u00f3mico de Allianz y presidente del Global Development Council de Barack Obama, y antes la presidenta hab\u00eda tuiteado: \u0093C\u00f3mo que los emergentes amenazan con arrastrar al mundo a una nueva recesi\u00f3n, si sostuvieron el crecimiento de la econom\u00eda global&#8230; \/ y lo hicieron mucho antes de la crisis del 2008? \/ Crisis financiera que nunca se super\u00f3. Que a\u00fan persiste y se traslada, precisamente a los pa\u00edses emergentes\u0085 \/ Decir que ahora los emergentes amenazan con arrastrar al mundo a una nueva recesi\u00f3n, es simple y sencillamente FALSO. \/ El mundo fue arrastrado a la crisis del 2008 por la especulaci\u00f3n financiera, y nunca se recuper\u00f3. \u00bfQu\u00e9 tienen que ver los BRICS? \/ Salvo el rol de v\u00edctimas, no les cabe ninguna otra calificaci\u00f3n. M\u00e1s adelante hay 4 p\u00e1rrafos que merecen el Guinnes a la falta de verg\u00fcenza\u0085\u0094.<\/p>\n<p>\u00ab\u00bfTe das cuenta? Seg\u00fan ellos el problema de China es que ten\u00eda inversiones y exportaba mucho sin consumir\u0085 \/ El de Brasil era que consum\u00eda mucho y afectaba las inversiones. Es decir: exactamente lo contrario de lo que critican a China\u0085\u00bb, tuite\u00f3 la presidenta para resaltar las contradicciones de los analistas econ\u00f3micos.<\/p>\n<p>&nbsp;<\/p>\n<p>&nbsp;<\/p>\n<p>&nbsp;<\/p>\n<p>&nbsp;<\/p>\n<p>&nbsp;<\/p>\n<p>&nbsp;<\/p>\n<p>&nbsp;<\/p>\n<p>&nbsp;<\/p>\n<p>&nbsp;<\/p>\n<p>&nbsp;<\/p>\n<p>&nbsp;<\/p>\n<p>&nbsp;<\/p>\n<p>&nbsp;<\/p>\n<p>&nbsp;<\/p>\n<p>&nbsp;<\/p>\n<p>&nbsp;<\/p>\n","protected":false},"excerpt":{"rendered":"<p>Esta noche, la mandataria, tras recordar uno de sus \u00faltimos discursos, atac\u00f3 a los especuladores y calific\u00f3 a las econom\u00edas emergentes (entre las que se cuentan pa\u00edses como Brasil y China) de \u00abv\u00edctimas\u00bb.<\/p>\n","protected":false},"author":4,"featured_media":0,"comment_status":"open","ping_status":"open","sticky":false,"template":"","format":"standard","meta":{"_jetpack_newsletter_access":"","_jetpack_dont_email_post_to_subs":false,"_jetpack_newsletter_tier_id":0,"_jetpack_memberships_contains_paywalled_content":false,"_jetpack_memberships_contains_paid_content":false,"footnotes":""},"categories":[51],"tags":[],"class_list":["post-71789","post","type-post","status-publish","format-standard","hentry","category-politica"],"jetpack_shortlink":"https:\/\/wp.me\/p2JWE0-iFT","jetpack-related-posts":[{"id":71845,"url":"http:\/\/www.24baires.com\/?p=71845","url_meta":{"origin":71789,"position":0},"title":"La din\u00e1mica de la devaluaci\u00f3n \u00abes letal para pa\u00edses en v\u00edas de crecimiento y desarrollo\u00bb","author":"GB","date":"08\/09\/2015","format":false,"excerpt":"la din\u00e1mica de la devaluaci\u00f3n \"es letal para pa\u00edses en v\u00edas de crecimiento y desarrollo\" La presidenta Cristina Fern\u00e1ndez de Kirchner afirm\u00f3 que los centros del capital financiero internacional \u201cvan por los BRICS... Y algunos m\u00e1s\u201d, como parte de una estrategia que busca \u201cel endeudamiento en d\u00f3lares como moneda de\u2026","rel":"","context":"En \u00abPol\u00edtica\u00bb","block_context":{"text":"Pol\u00edtica","link":"http:\/\/www.24baires.com\/?cat=51"},"img":{"alt_text":"cristina energia","src":"https:\/\/i0.wp.com\/www.24baires.com\/wp-content\/uploads\/2015\/09\/cristina-energia.jpg?resize=350%2C200","width":350,"height":200,"srcset":"https:\/\/i0.wp.com\/www.24baires.com\/wp-content\/uploads\/2015\/09\/cristina-energia.jpg?resize=350%2C200 1x, https:\/\/i0.wp.com\/www.24baires.com\/wp-content\/uploads\/2015\/09\/cristina-energia.jpg?resize=525%2C300 1.5x"},"classes":[]},{"id":49975,"url":"http:\/\/www.24baires.com\/?p=49975","url_meta":{"origin":71789,"position":1},"title":"Cristina participa de la primera cumbre Brics y Unasur en Brasil","author":"AF","date":"16\/07\/2014","format":false,"excerpt":"Cristina arrib\u00f3 a Brasilia anoche, donde hoy comenzar\u00e1 el primer encuentro de trabajo entre los jefes de Estado de ambos bloques con el objetivo de estrechar lazos. El documento que Brics formaliz\u00f3 ayer. La jefa de Estado lleg\u00f3 al aeropuerto internacional de Brasilia a las 22:30 proveniente de R\u00edo Gallegos\u2026","rel":"","context":"En \u00abInternacionales\u00bb","block_context":{"text":"Internacionales","link":"http:\/\/www.24baires.com\/?cat=73"},"img":{"alt_text":"dilma cristina","src":"https:\/\/i0.wp.com\/www.24baires.com\/wp-content\/uploads\/2014\/07\/dilma-cristina-300x199.jpg?resize=350%2C200","width":350,"height":200},"classes":[]},{"id":103564,"url":"http:\/\/www.24baires.com\/?p=103564","url_meta":{"origin":71789,"position":2},"title":"Macri y Temer buscan avanzar en un tratado de libre comercio con la Uni\u00f3n Europea","author":"AF","date":"27\/07\/2018","format":false,"excerpt":"Ambos se encuentran en la cumbre de Brics, en Sud\u00e1frica. El jefe de la Casa Rosada quiere que el acuerdo se firme antes de las elecciones presidenciales de Brasil, donde asoma la sombra de Lula. Mauricio Macri y Michel Temer quieren sacarle todo el jugo posible a los pocos minutos\u2026","rel":"","context":"En \u00abPol\u00edtica\u00bb","block_context":{"text":"Pol\u00edtica","link":"http:\/\/www.24baires.com\/?cat=51"},"img":{"alt_text":"","src":"https:\/\/i0.wp.com\/www.24baires.com\/wp-content\/uploads\/2016\/10\/macri-temer.jpg?resize=350%2C200","width":350,"height":200,"srcset":"https:\/\/i0.wp.com\/www.24baires.com\/wp-content\/uploads\/2016\/10\/macri-temer.jpg?resize=350%2C200 1x, https:\/\/i0.wp.com\/www.24baires.com\/wp-content\/uploads\/2016\/10\/macri-temer.jpg?resize=525%2C300 1.5x"},"classes":[]},{"id":120063,"url":"http:\/\/www.24baires.com\/?p=120063","url_meta":{"origin":71789,"position":3},"title":"\u201cHemos construido 104 mil viviendas y tenemos 140 mil m\u00e1s en construcci\u00f3n\u201d","author":"AF","date":"03\/05\/2023","format":false,"excerpt":"El Presidente encabez\u00f3 la entrega de viviendas en la localidad de Los Altos, donde record\u00f3 que \"ven\u00edamos de una \u00e9poca muy dif\u00edcil\" donde \"a lo largo de 4 a\u00f1os\" la gesti\u00f3n de Cambiemos entreg\u00f3 s\u00f3lo \"14 mil viviendas\", que \"en mayor parte\" hab\u00edan sido iniciadas por la administraci\u00f3n de Cristina\u2026","rel":"","context":"En \u00abPol\u00edtica\u00bb","block_context":{"text":"Pol\u00edtica","link":"http:\/\/www.24baires.com\/?cat=51"},"img":{"alt_text":"","src":"https:\/\/i0.wp.com\/www.24baires.com\/wp-content\/uploads\/2023\/05\/AF-vivienda.jpg?resize=350%2C200","width":350,"height":200,"srcset":"https:\/\/i0.wp.com\/www.24baires.com\/wp-content\/uploads\/2023\/05\/AF-vivienda.jpg?resize=350%2C200 1x, https:\/\/i0.wp.com\/www.24baires.com\/wp-content\/uploads\/2023\/05\/AF-vivienda.jpg?resize=525%2C300 1.5x"},"classes":[]},{"id":49892,"url":"http:\/\/www.24baires.com\/?p=49892","url_meta":{"origin":71789,"position":4},"title":"La Presidenta viaja a la cumbre entre la Unasur y el Brics","author":"Grupo Sierra","date":"14\/07\/2014","format":false,"excerpt":"Cristina viajar\u00e1 este martes a Brasilia para participar el mi\u00e9rcoles de la primera cumbre entre los jefes y jefas de Estado de Unasur con los del bloque de potencias emergentes, compuesto por Brasil, Rusia, India, China y Sud\u00e1frica. La jefa de Estado tiene previsto partir desde R\u00edo Gallegos hacia capital\u2026","rel":"","context":"En \u00abGeneral\u00bb","block_context":{"text":"General","link":"http:\/\/www.24baires.com\/?cat=67"},"img":{"alt_text":"cristina tren","src":"https:\/\/i0.wp.com\/www.24baires.com\/wp-content\/uploads\/2014\/05\/cristina-tren.jpg?resize=350%2C200","width":350,"height":200,"srcset":"https:\/\/i0.wp.com\/www.24baires.com\/wp-content\/uploads\/2014\/05\/cristina-tren.jpg?resize=350%2C200 1x, https:\/\/i0.wp.com\/www.24baires.com\/wp-content\/uploads\/2014\/05\/cristina-tren.jpg?resize=525%2C300 1.5x"},"classes":[]},{"id":49575,"url":"http:\/\/www.24baires.com\/?p=49575","url_meta":{"origin":71789,"position":5},"title":"Amplio apoyo a la Argentina para el ingreso al BRICS","author":"Grupo Sierra","date":"09\/07\/2014","format":false,"excerpt":"China impulsar\u00e1 al pa\u00eds para entrar al grupo de potencias emergentes, tal como lo hace tambi\u00e9n respecto a M\u00e9xico, Indonesia y Australia, seg\u00fan explic\u00f3 un alto funcionario de la Canciller\u00ed\u00ada china. \"El Brics va a favorecer a los pa\u00ed\u00adses en v\u00ed\u00adas de desarrollo y los de mercados emergentes bajo las\u2026","rel":"","context":"En \u00abInternacionales\u00bb","block_context":{"text":"Internacionales","link":"http:\/\/www.24baires.com\/?cat=73"},"img":{"alt_text":"","src":"https:\/\/i0.wp.com\/www.24baires.com\/wp-content\/uploads\/2014\/07\/BRICS.jpg?resize=350%2C200","width":350,"height":200,"srcset":"https:\/\/i0.wp.com\/www.24baires.com\/wp-content\/uploads\/2014\/07\/BRICS.jpg?resize=350%2C200 1x, https:\/\/i0.wp.com\/www.24baires.com\/wp-content\/uploads\/2014\/07\/BRICS.jpg?resize=525%2C300 1.5x"},"classes":[]}],"jetpack_sharing_enabled":true,"jetpack_likes_enabled":true,"jetpack_featured_media_url":"","_links":{"self":[{"href":"http:\/\/www.24baires.com\/index.php?rest_route=\/wp\/v2\/posts\/71789","targetHints":{"allow":["GET"]}}],"collection":[{"href":"http:\/\/www.24baires.com\/index.php?rest_route=\/wp\/v2\/posts"}],"about":[{"href":"http:\/\/www.24baires.com\/index.php?rest_route=\/wp\/v2\/types\/post"}],"author":[{"embeddable":true,"href":"http:\/\/www.24baires.com\/index.php?rest_route=\/wp\/v2\/users\/4"}],"replies":[{"embeddable":true,"href":"http:\/\/www.24baires.com\/index.php?rest_route=%2Fwp%2Fv2%2Fcomments&post=71789"}],"version-history":[{"count":1,"href":"http:\/\/www.24baires.com\/index.php?rest_route=\/wp\/v2\/posts\/71789\/revisions"}],"predecessor-version":[{"id":71790,"href":"http:\/\/www.24baires.com\/index.php?rest_route=\/wp\/v2\/posts\/71789\/revisions\/71790"}],"wp:attachment":[{"href":"http:\/\/www.24baires.com\/index.php?rest_route=%2Fwp%2Fv2%2Fmedia&parent=71789"}],"wp:term":[{"taxonomy":"category","embeddable":true,"href":"http:\/\/www.24baires.com\/index.php?rest_route=%2Fwp%2Fv2%2Fcategories&post=71789"},{"taxonomy":"post_tag","embeddable":true,"href":"http:\/\/www.24baires.com\/index.php?rest_route=%2Fwp%2Fv2%2Ftags&post=71789"}],"curies":[{"name":"wp","href":"https:\/\/api.w.org\/{rel}","templated":true}]}}