{"id":71786,"date":"2015-09-07T21:30:06","date_gmt":"2015-09-08T00:30:06","guid":{"rendered":"http:\/\/www.24baires.com\/?p=71786"},"modified":"2015-09-07T21:31:47","modified_gmt":"2015-09-08T00:31:47","slug":"scioli-es-el-unico-custodio-de-tantas-conquistas","status":"publish","type":"post","link":"http:\/\/www.24baires.com\/?p=71786","title":{"rendered":"\u00abScioli es el \u00fanico custodio de tantas conquistas\u00bb"},"content":{"rendered":"<p>El jefe de Gabinete y candidato a gobernador bonaerense, An\u00edbal Fern\u00e1ndez, asegur\u00f3 este lunes que el candidato presidencial Daniel Scioli \u201ces el \u00fanico custodio de tantas conquistas logradas\u201d y sostuvo que ser\u00e1 el encargado \u201cpara que las pol\u00edticas p\u00fablicas sigan creciendo\u201d. <\/p>\n<p>En el acto de inauguraci\u00f3n de la Exposici\u00f3n Provincial de Educaci\u00f3n y Trabajo \u201cBuenos Aires con vos\u201d, una mega muestra en Mar del Plata en la que participan 10.000 alumnos, docentes de escuelas t\u00e9cnicas y agrarias, y centros de formaci\u00f3n profesional, Fern\u00e1ndez dijo que el ex presidente N\u00e9stor Kirchner y la presidenta Cristina Fern\u00e1ndez de Kirchner \u201cfueron los que reconstruyeron derechos con una propuesta seria a los pibes, al recuperar las escuelas t\u00e9cnicas, un espacio para todos\u201d. <\/p>\n<p>El jefe de Gabinete resalt\u00f3 una frase de N\u00e9stor Kirchner al referirse a \u201cla movilidad social ascendente\u201d para \u201cque nuestros hijos vivan un poquito mejor que nosotros\u201d. <\/p>\n","protected":false},"excerpt":{"rendered":"<p>El jefe de Gabinete y candidato a gobernador bonaerense, An\u00edbal Fern\u00e1ndez, asegur\u00f3 este lunes que el candidato presidencial Daniel Scioli \u201ces el \u00fanico custodio de tantas conquistas logradas\u201d y sostuvo que ser\u00e1 el encargado \u201cpara que las pol\u00edticas p\u00fablicas sigan creciendo\u201d. En el acto de inauguraci\u00f3n de la Exposici\u00f3n Provincial de Educaci\u00f3n y Trabajo \u201cBuenos Aires con vos\u201d, una mega [&#8230;]<\/p>\n","protected":false},"author":4,"featured_media":0,"comment_status":"open","ping_status":"open","sticky":false,"template":"","format":"standard","meta":{"_jetpack_newsletter_access":"","_jetpack_dont_email_post_to_subs":false,"_jetpack_newsletter_tier_id":0,"_jetpack_memberships_contains_paywalled_content":false,"_jetpack_memberships_contains_paid_content":false,"footnotes":""},"categories":[51],"tags":[],"class_list":["post-71786","post","type-post","status-publish","format-standard","hentry","category-politica"],"jetpack_shortlink":"https:\/\/wp.me\/p2JWE0-iFQ","jetpack-related-posts":[{"id":108246,"url":"http:\/\/www.24baires.com\/?p=108246","url_meta":{"origin":71786,"position":0},"title":"Se confirm\u00f3 la f\u00f3rmula presidencial: Alberto Fern\u00e1ndez &#8211; Cristina Fern\u00e1ndez de Kirchner","author":"AF","date":"18\/05\/2019","format":false,"excerpt":"La ex presidenta anuncio por las redes sociales que acompa\u00f1ar\u00e1 al ex jefe de Gabinete como candidata a vicepresidenta. Reivindic\u00f3 su trabajo al lado de Nestor Kirchner y de ella, Record\u00f3 que \"tuvimos diferencias\" y lo destac\u00f3 en la tarea del rescatar al pa\u00eds del \"drama\" actual. El siguiente video\u2026","rel":"","context":"En \u00abPol\u00edtica\u00bb","block_context":{"text":"Pol\u00edtica","link":"http:\/\/www.24baires.com\/?cat=51"},"img":{"alt_text":"","src":"https:\/\/i0.wp.com\/www.24baires.com\/wp-content\/uploads\/2019\/05\/anibal-y-cristina.jpg?resize=350%2C200","width":350,"height":200,"srcset":"https:\/\/i0.wp.com\/www.24baires.com\/wp-content\/uploads\/2019\/05\/anibal-y-cristina.jpg?resize=350%2C200 1x, https:\/\/i0.wp.com\/www.24baires.com\/wp-content\/uploads\/2019\/05\/anibal-y-cristina.jpg?resize=525%2C300 1.5x"},"classes":[]},{"id":100442,"url":"http:\/\/www.24baires.com\/?p=100442","url_meta":{"origin":71786,"position":1},"title":"CFK: \u00abEl \u00fanico argumento es la persecuci\u00f3n pol\u00edtica\u00bb","author":"AF","date":"08\/02\/2018","format":false,"excerpt":"La ex presidenta atribuy\u00f3 la denuncia por \"da\u00f1os y perjuicios\" por 22.500 millones pesos de Javier Iguacel, titular de Vialidad, a la campa\u00f1a instrumentada en su contra por el Gobierno. Marc\u00f3 las contradicciones de la presentaci\u00f3n judicial y pidi\u00f3 que se cite como testigos a todos los que fueron jefes\u2026","rel":"","context":"En \u00abPol\u00edtica\u00bb","block_context":{"text":"Pol\u00edtica","link":"http:\/\/www.24baires.com\/?cat=51"},"img":{"alt_text":"","src":"https:\/\/i0.wp.com\/www.24baires.com\/wp-content\/uploads\/2017\/09\/cristina.jpg?resize=350%2C200","width":350,"height":200,"srcset":"https:\/\/i0.wp.com\/www.24baires.com\/wp-content\/uploads\/2017\/09\/cristina.jpg?resize=350%2C200 1x, https:\/\/i0.wp.com\/www.24baires.com\/wp-content\/uploads\/2017\/09\/cristina.jpg?resize=525%2C300 1.5x"},"classes":[]},{"id":71692,"url":"http:\/\/www.24baires.com\/?p=71692","url_meta":{"origin":71786,"position":2},"title":"An\u00edbal: \u00abQueremos seguir profundizando derechos de los trabajadores\u00bb","author":"AF","date":"05\/09\/2015","format":false,"excerpt":"El jefe de Gabinete y candidato a gobernador de la provincia de Buenos Aires, An\u00edbal Fern\u00e1ndez lo se\u00f1al\u00f3 al hablar en el cierre del Congreso del PJ Bonaerense que se desarrolla en el Hotel NH Provincial de Mar del Plata. Fern\u00e1ndez impuls\u00f3 a los presentes a que \"la vocaci\u00f3n y\u2026","rel":"","context":"En \u00abPol\u00edtica\u00bb","block_context":{"text":"Pol\u00edtica","link":"http:\/\/www.24baires.com\/?cat=51"},"img":{"alt_text":"an\u00edbal cierre","src":"https:\/\/i0.wp.com\/www.24baires.com\/wp-content\/uploads\/2015\/08\/an%C3%ADbal-cierre.jpg?resize=350%2C200","width":350,"height":200,"srcset":"https:\/\/i0.wp.com\/www.24baires.com\/wp-content\/uploads\/2015\/08\/an%C3%ADbal-cierre.jpg?resize=350%2C200 1x, https:\/\/i0.wp.com\/www.24baires.com\/wp-content\/uploads\/2015\/08\/an%C3%ADbal-cierre.jpg?resize=525%2C300 1.5x"},"classes":[]},{"id":107773,"url":"http:\/\/www.24baires.com\/?p=107773","url_meta":{"origin":71786,"position":3},"title":"CFK presentar\u00e1 su libro \u00abSinceramente\u00bb","author":"AF","date":"23\/04\/2019","format":false,"excerpt":"La expresidenta lanzar\u00e1 el 26 de abril un texto que no es \"autobiogr\u00e1fico, ni tampoco una enumeraci\u00f3n de logros personales o pol\u00edticos\". \"Mauricio Macri es el caos y por eso creo firmemente que hay que volver a ordenar la Argentina\", se puede leer en un adelanto. La presentaci\u00f3n ser\u00e1 el\u2026","rel":"","context":"En \u00abPol\u00edtica\u00bb","block_context":{"text":"Pol\u00edtica","link":"http:\/\/www.24baires.com\/?cat=51"},"img":{"alt_text":"","src":"https:\/\/i0.wp.com\/www.24baires.com\/wp-content\/uploads\/2019\/04\/libro-cfk.jpg?resize=350%2C200","width":350,"height":200,"srcset":"https:\/\/i0.wp.com\/www.24baires.com\/wp-content\/uploads\/2019\/04\/libro-cfk.jpg?resize=350%2C200 1x, https:\/\/i0.wp.com\/www.24baires.com\/wp-content\/uploads\/2019\/04\/libro-cfk.jpg?resize=525%2C300 1.5x"},"classes":[]},{"id":112255,"url":"http:\/\/www.24baires.com\/?p=112255","url_meta":{"origin":71786,"position":4},"title":"\u00abLa deuda se deber\u00e1 afrontar de manera seria y sensata\u00bb","author":"AF","date":"26\/09\/2019","format":false,"excerpt":"Durante su sexta visita a C\u00f3rdoba desde que fue ungido candidato del Frente de Todos, el ex jefe de Gabinete afirm\u00f3 esta tarde que el objetivo del pacto que impulsa con distintos sectores es \"ordenar a la Argentina\". \"Ordenar a la Argentina es la condici\u00f3n central de ese acuerdo\", subray\u00f3\u2026","rel":"","context":"En \u00abPol\u00edtica\u00bb","block_context":{"text":"Pol\u00edtica","link":"http:\/\/www.24baires.com\/?cat=51"},"img":{"alt_text":"","src":"https:\/\/i0.wp.com\/www.24baires.com\/wp-content\/uploads\/2019\/08\/albertoo.jpg?resize=350%2C200","width":350,"height":200,"srcset":"https:\/\/i0.wp.com\/www.24baires.com\/wp-content\/uploads\/2019\/08\/albertoo.jpg?resize=350%2C200 1x, https:\/\/i0.wp.com\/www.24baires.com\/wp-content\/uploads\/2019\/08\/albertoo.jpg?resize=525%2C300 1.5x"},"classes":[]},{"id":71874,"url":"http:\/\/www.24baires.com\/?p=71874","url_meta":{"origin":71786,"position":5},"title":"\u00abCristina terminar\u00e1 su mandato como una hero\u00edna\u00bb, consider\u00f3 Lula","author":"GB","date":"09\/09\/2015","format":false,"excerpt":"El ex presidente de Brasil, Inacio Lula Da Silva, dese\u00f3 que el proyecto que en el 2003 comenz\u00f3 N\u00e9stor Kirchner y que a partir de 2007 continu\u00f3 la presidenta Cristina Fern\u00e1ndez de Kirchner, \"pueda ser concluido eligiendo otra vez\" a un candidato del Frente para la Victoria. \"Espero, Cristina, que\u2026","rel":"","context":"En \u00abPol\u00edtica\u00bb","block_context":{"text":"Pol\u00edtica","link":"http:\/\/www.24baires.com\/?cat=51"},"img":{"alt_text":"cristina lula","src":"https:\/\/i0.wp.com\/www.24baires.com\/wp-content\/uploads\/2015\/06\/cristina-lula.jpg?resize=350%2C200","width":350,"height":200,"srcset":"https:\/\/i0.wp.com\/www.24baires.com\/wp-content\/uploads\/2015\/06\/cristina-lula.jpg?resize=350%2C200 1x, https:\/\/i0.wp.com\/www.24baires.com\/wp-content\/uploads\/2015\/06\/cristina-lula.jpg?resize=525%2C300 1.5x"},"classes":[]}],"jetpack_sharing_enabled":true,"jetpack_likes_enabled":true,"jetpack_featured_media_url":"","_links":{"self":[{"href":"http:\/\/www.24baires.com\/index.php?rest_route=\/wp\/v2\/posts\/71786","targetHints":{"allow":["GET"]}}],"collection":[{"href":"http:\/\/www.24baires.com\/index.php?rest_route=\/wp\/v2\/posts"}],"about":[{"href":"http:\/\/www.24baires.com\/index.php?rest_route=\/wp\/v2\/types\/post"}],"author":[{"embeddable":true,"href":"http:\/\/www.24baires.com\/index.php?rest_route=\/wp\/v2\/users\/4"}],"replies":[{"embeddable":true,"href":"http:\/\/www.24baires.com\/index.php?rest_route=%2Fwp%2Fv2%2Fcomments&post=71786"}],"version-history":[{"count":1,"href":"http:\/\/www.24baires.com\/index.php?rest_route=\/wp\/v2\/posts\/71786\/revisions"}],"predecessor-version":[{"id":71787,"href":"http:\/\/www.24baires.com\/index.php?rest_route=\/wp\/v2\/posts\/71786\/revisions\/71787"}],"wp:attachment":[{"href":"http:\/\/www.24baires.com\/index.php?rest_route=%2Fwp%2Fv2%2Fmedia&parent=71786"}],"wp:term":[{"taxonomy":"category","embeddable":true,"href":"http:\/\/www.24baires.com\/index.php?rest_route=%2Fwp%2Fv2%2Fcategories&post=71786"},{"taxonomy":"post_tag","embeddable":true,"href":"http:\/\/www.24baires.com\/index.php?rest_route=%2Fwp%2Fv2%2Ftags&post=71786"}],"curies":[{"name":"wp","href":"https:\/\/api.w.org\/{rel}","templated":true}]}}