{"id":71771,"date":"2015-09-07T19:01:46","date_gmt":"2015-09-07T22:01:46","guid":{"rendered":"http:\/\/www.24baires.com\/?p=71771"},"modified":"2015-09-07T19:01:46","modified_gmt":"2015-09-07T22:01:46","slug":"margarita-stolbizer-nego-mantener-conversaciones-con-mauricio-macri","status":"publish","type":"post","link":"http:\/\/www.24baires.com\/?p=71771","title":{"rendered":"Margarita Stolbizer neg\u00f3 mantener conversaciones con Mauricio Macri"},"content":{"rendered":"<p><img data-recalc-dims=\"1\" loading=\"lazy\" decoding=\"async\" class=\"aligncenter size-full wp-image-52048\" src=\"https:\/\/i0.wp.com\/www.24baires.com\/wp-content\/uploads\/2014\/08\/Stolbizer2.jpg?resize=560%2C336\" alt=\"Stolbizer2\" width=\"560\" height=\"336\" srcset=\"https:\/\/i0.wp.com\/www.24baires.com\/wp-content\/uploads\/2014\/08\/Stolbizer2.jpg?w=560 560w, https:\/\/i0.wp.com\/www.24baires.com\/wp-content\/uploads\/2014\/08\/Stolbizer2.jpg?resize=300%2C180 300w\" sizes=\"auto, (max-width: 560px) 100vw, 560px\" \/>La candidata presidencial por el espacio Progresistas, Margarita Stolbizer, neg\u00f3 este lunes llevar adelante una eventual alianza con Cambiemos y dijo que trabaja para \u201cestar en segunda vuelta\u201d.<!--more--><\/p>\n<p>\u201cCon Macri nunca existi\u00f3 ninguna conversaci\u00f3n, ni llamado, ni encuentros. Lo que se dice forma parte de fantas\u00edas o elucubraciones con alg\u00fan grado de especulaci\u00f3n\u201d, expres\u00f3 la candidata cuando se la consult\u00f3 respecto a supuestos acuerdos mantenidos con su rival de Cambiemos en un eventual balotaje.<\/p>\n<p>Stolbizer apunto en declaraciones period\u00edsticas que \u201cno hay ning\u00fan pronunciamiento de parte nuestra respecto a una segunda vuelta, trabajamos para que seamos nosotros los que estemos en ese escenario, por lo tanto no vamos a hacer ninguna explicitaci\u00f3n anticipada\u201d.<\/p>\n<p>\u201cSer\u00eda pecar de soberbia creer que uno es due\u00f1o de los votos de la gente y ponerlos a favor de unos y otros\u201d, se sincer\u00f3.<\/p>\n<p>Adem\u00e1s, recalc\u00f3 que \u201cnuestra agenda tiene que ver con la preocupaci\u00f3n por los problemas de la gente y no las campa\u00f1as medi\u00e1ticas, de marketing tan fuertes s\u00f3lo para decirles que hay dos candidatos a votar. La gente est\u00e1 buscando otra cosa y no m\u00e1s de lo mismo\u201d.<\/p>\n","protected":false},"excerpt":{"rendered":"<p>La candidata presidencial por el espacio Progresistas, Margarita Stolbizer, neg\u00f3 este lunes llevar adelante una eventual alianza con Cambiemos y dijo que trabaja para \u201cestar en segunda vuelta\u201d.<\/p>\n","protected":false},"author":4,"featured_media":0,"comment_status":"open","ping_status":"open","sticky":false,"template":"","format":"standard","meta":{"_jetpack_newsletter_access":"","_jetpack_dont_email_post_to_subs":false,"_jetpack_newsletter_tier_id":0,"_jetpack_memberships_contains_paywalled_content":false,"_jetpack_memberships_contains_paid_content":false,"footnotes":""},"categories":[51],"tags":[],"class_list":["post-71771","post","type-post","status-publish","format-standard","hentry","category-politica"],"jetpack_shortlink":"https:\/\/wp.me\/p2JWE0-iFB","jetpack-related-posts":[{"id":102717,"url":"http:\/\/www.24baires.com\/?p=102717","url_meta":{"origin":71771,"position":0},"title":"Stolbizer: \u00abLa gesti\u00f3n de Vidal es tan mala como la de Scioli\u00bb","author":"GB","date":"13\/06\/2018","format":false,"excerpt":"La l\u00edder del GEN endureci\u00f3 su discurso contra la Gobernadora y afirm\u00f3 que \"no puede mostrar avances\" en educaci\u00f3n, salud y seguridad. Margarita Stolbizer abandon\u00f3 el discurso conciliador con Mar\u00eda Eugenia Vidal y afirm\u00f3 que su gesti\u00f3n \"es tan mala\" como la de su antecesor Daniel Scioli. Durante una visita\u2026","rel":"","context":"En \u00abPol\u00edtica\u00bb","block_context":{"text":"Pol\u00edtica","link":"http:\/\/www.24baires.com\/?cat=51"},"img":{"alt_text":"","src":"https:\/\/i0.wp.com\/www.24baires.com\/wp-content\/uploads\/2016\/08\/vidal-stolbizer.jpg?resize=350%2C200","width":350,"height":200,"srcset":"https:\/\/i0.wp.com\/www.24baires.com\/wp-content\/uploads\/2016\/08\/vidal-stolbizer.jpg?resize=350%2C200 1x, https:\/\/i0.wp.com\/www.24baires.com\/wp-content\/uploads\/2016\/08\/vidal-stolbizer.jpg?resize=525%2C300 1.5x"},"classes":[]},{"id":101086,"url":"http:\/\/www.24baires.com\/?p=101086","url_meta":{"origin":71771,"position":1},"title":"Stolbizer sobre la continuidad de 1Pa\u00eds: \u00abLas alianzas empiezan y terminan\u00bb","author":"AF","date":"15\/03\/2018","format":false,"excerpt":"La exdiputada nacional, Margarita Stolbizer, ech\u00f3 por tierra su alianza con Sergio Massa, al calificar 1Pa\u00eds como \"una alianza electoral\", y sostener que esos espacios \"empiezan y terminan en tiempos electorales\". En declaraciones period\u00edsticas, Stolbizer se refiri\u00f3 al encuentro que ayer comparti\u00f3 Massa con Florencio Randazzo, y no alent\u00f3 la\u2026","rel":"","context":"En \u00abPol\u00edtica\u00bb","block_context":{"text":"Pol\u00edtica","link":"http:\/\/www.24baires.com\/?cat=51"},"img":{"alt_text":"","src":"https:\/\/i0.wp.com\/www.24baires.com\/wp-content\/uploads\/2016\/02\/massa-estolbizer.jpg?resize=350%2C200","width":350,"height":200,"srcset":"https:\/\/i0.wp.com\/www.24baires.com\/wp-content\/uploads\/2016\/02\/massa-estolbizer.jpg?resize=350%2C200 1x, https:\/\/i0.wp.com\/www.24baires.com\/wp-content\/uploads\/2016\/02\/massa-estolbizer.jpg?resize=525%2C300 1.5x"},"classes":[]},{"id":106260,"url":"http:\/\/www.24baires.com\/?p=106260","url_meta":{"origin":71771,"position":2},"title":"Cambiemos a\u00fan no define qui\u00e9n ser\u00e1 su pr\u00f3ximo candidato a Presidente","author":"AF","date":"08\/01\/2019","format":false,"excerpt":"Ricardo Alfons\u00edn advirti\u00f3 que Mauricio Macri no es el \"candidato natural\" del oficialismo, como hab\u00eda se\u00f1alado el titular del PRO, Humberto Schiavoni. Mart\u00edn Lousteau tambi\u00e9n plantea la posibilidad de enfrentar al Presidente en una interna. El dirigente radical Ricardo Alfons\u00edn cruz\u00f3 al presidente del PRO, Humberto Schiavoni, quien hab\u00eda planteado\u2026","rel":"","context":"En \u00abPol\u00edtica\u00bb","block_context":{"text":"Pol\u00edtica","link":"http:\/\/www.24baires.com\/?cat=51"},"img":{"alt_text":"","src":"https:\/\/i0.wp.com\/www.24baires.com\/wp-content\/uploads\/2018\/10\/MACRI-IDEA.jpg?resize=350%2C200","width":350,"height":200,"srcset":"https:\/\/i0.wp.com\/www.24baires.com\/wp-content\/uploads\/2018\/10\/MACRI-IDEA.jpg?resize=350%2C200 1x, https:\/\/i0.wp.com\/www.24baires.com\/wp-content\/uploads\/2018\/10\/MACRI-IDEA.jpg?resize=525%2C300 1.5x"},"classes":[]},{"id":74260,"url":"http:\/\/www.24baires.com\/?p=74260","url_meta":{"origin":71771,"position":3},"title":"Stolbizer: \u00abNo podr\u00eda votar a Scioli y no s\u00e9 si podr\u00eda votar a Macri\u00bb","author":"AF","date":"28\/10\/2015","format":false,"excerpt":"La ex candidata presidencial de la Alianza Progresistas, Margarita Stolbizer, admiti\u00f3 que le \"cuesta recuperarse del impacto\" del 2,53% obtenido en las elecciones y afirm\u00f3 que -por esa raz\u00f3n- no tiene claro si votar\u00e1 al candidato de Cambiemos en el pr\u00f3ximo balotaje. \"No podr\u00eda votar a Scioli (FpV) y no\u2026","rel":"","context":"En \u00abElecciones 2015\u00bb","block_context":{"text":"Elecciones 2015","link":"http:\/\/www.24baires.com\/?cat=74"},"img":{"alt_text":"stolbizer voto","src":"https:\/\/i0.wp.com\/www.24baires.com\/wp-content\/uploads\/2015\/08\/stolbizer-voto.jpg?resize=350%2C200","width":350,"height":200,"srcset":"https:\/\/i0.wp.com\/www.24baires.com\/wp-content\/uploads\/2015\/08\/stolbizer-voto.jpg?resize=350%2C200 1x, https:\/\/i0.wp.com\/www.24baires.com\/wp-content\/uploads\/2015\/08\/stolbizer-voto.jpg?resize=525%2C300 1.5x"},"classes":[]},{"id":103517,"url":"http:\/\/www.24baires.com\/?p=103517","url_meta":{"origin":71771,"position":4},"title":"Stolbizer denunciar\u00e1 nuevos casos de aportantes truchos","author":"AF","date":"24\/07\/2018","format":false,"excerpt":"Por primera vez, la dirigente del GEN ir\u00e1 contra su amiga, la gobernadora de la provincia de Buenos Aires, Mar\u00eda Eugenia Vidal, quien est\u00e1 denunciada por corrupci\u00f3n en las campa\u00f1as de Cambiemos de 2015 y 2017. La dirigente Margarita Stolbizer, patrocinada por Silvina Mart\u00ednez, presentar\u00e1 este mi\u00e9rcoles, ante el juzgado\u2026","rel":"","context":"En \u00abPol\u00edtica\u00bb","block_context":{"text":"Pol\u00edtica","link":"http:\/\/www.24baires.com\/?cat=51"},"img":{"alt_text":"","src":"https:\/\/i0.wp.com\/www.24baires.com\/wp-content\/uploads\/2016\/08\/vidal-stolbizer.jpg?resize=350%2C200","width":350,"height":200,"srcset":"https:\/\/i0.wp.com\/www.24baires.com\/wp-content\/uploads\/2016\/08\/vidal-stolbizer.jpg?resize=350%2C200 1x, https:\/\/i0.wp.com\/www.24baires.com\/wp-content\/uploads\/2016\/08\/vidal-stolbizer.jpg?resize=525%2C300 1.5x"},"classes":[]},{"id":56977,"url":"http:\/\/www.24baires.com\/?p=56977","url_meta":{"origin":71771,"position":5},"title":"Stolbizer critic\u00f3 a los que quieren unirse al PRO porque \u00abdebilitan el Frente\u00bb","author":"Grupo Sierra","date":"11\/11\/2014","format":false,"excerpt":"La titular del GEN volvi\u00f3 a rechazar la posibilidad de sellar acuerdos electorales a nivel nacional con el PRO y el Frente Renovador, despu\u00e9s de que Macri hablara de Sanz y Carri\u00f3. El precandidato a presidente del Frente Amplio Unen (FAU), el socialista Hermes Binner, y la titular del GEN,\u2026","rel":"","context":"En \u00abElecciones 2015\u00bb","block_context":{"text":"Elecciones 2015","link":"http:\/\/www.24baires.com\/?cat=74"},"img":{"alt_text":"Stolbizer2","src":"https:\/\/i0.wp.com\/www.24baires.com\/wp-content\/uploads\/2014\/08\/Stolbizer2.jpg?resize=350%2C200","width":350,"height":200,"srcset":"https:\/\/i0.wp.com\/www.24baires.com\/wp-content\/uploads\/2014\/08\/Stolbizer2.jpg?resize=350%2C200 1x, https:\/\/i0.wp.com\/www.24baires.com\/wp-content\/uploads\/2014\/08\/Stolbizer2.jpg?resize=525%2C300 1.5x"},"classes":[]}],"jetpack_sharing_enabled":true,"jetpack_likes_enabled":true,"jetpack_featured_media_url":"","_links":{"self":[{"href":"http:\/\/www.24baires.com\/index.php?rest_route=\/wp\/v2\/posts\/71771","targetHints":{"allow":["GET"]}}],"collection":[{"href":"http:\/\/www.24baires.com\/index.php?rest_route=\/wp\/v2\/posts"}],"about":[{"href":"http:\/\/www.24baires.com\/index.php?rest_route=\/wp\/v2\/types\/post"}],"author":[{"embeddable":true,"href":"http:\/\/www.24baires.com\/index.php?rest_route=\/wp\/v2\/users\/4"}],"replies":[{"embeddable":true,"href":"http:\/\/www.24baires.com\/index.php?rest_route=%2Fwp%2Fv2%2Fcomments&post=71771"}],"version-history":[{"count":1,"href":"http:\/\/www.24baires.com\/index.php?rest_route=\/wp\/v2\/posts\/71771\/revisions"}],"predecessor-version":[{"id":71772,"href":"http:\/\/www.24baires.com\/index.php?rest_route=\/wp\/v2\/posts\/71771\/revisions\/71772"}],"wp:attachment":[{"href":"http:\/\/www.24baires.com\/index.php?rest_route=%2Fwp%2Fv2%2Fmedia&parent=71771"}],"wp:term":[{"taxonomy":"category","embeddable":true,"href":"http:\/\/www.24baires.com\/index.php?rest_route=%2Fwp%2Fv2%2Fcategories&post=71771"},{"taxonomy":"post_tag","embeddable":true,"href":"http:\/\/www.24baires.com\/index.php?rest_route=%2Fwp%2Fv2%2Ftags&post=71771"}],"curies":[{"name":"wp","href":"https:\/\/api.w.org\/{rel}","templated":true}]}}