{"id":71760,"date":"2015-09-07T16:00:35","date_gmt":"2015-09-07T19:00:35","guid":{"rendered":"http:\/\/www.24baires.com\/?p=71760"},"modified":"2015-09-07T14:09:43","modified_gmt":"2015-09-07T17:09:43","slug":"perez-las-propuestas-de-macri-atrasan-y-traen-desocupacion","status":"publish","type":"post","link":"http:\/\/www.24baires.com\/?p=71760","title":{"rendered":"P\u00e9rez: \u00abLas propuestas de Macri atrasan y traen desocupaci\u00f3n\u00bb"},"content":{"rendered":"<p><img data-recalc-dims=\"1\" loading=\"lazy\" decoding=\"async\" class=\"aligncenter size-full wp-image-19344\" src=\"https:\/\/i0.wp.com\/www.24baires.com\/wp-content\/uploads\/2013\/03\/p%C3%A9rez-alberto.jpg?resize=560%2C336\" alt=\"p\u00e9rez alberto\" width=\"560\" height=\"336\" srcset=\"https:\/\/i0.wp.com\/www.24baires.com\/wp-content\/uploads\/2013\/03\/p%C3%A9rez-alberto.jpg?w=560 560w, https:\/\/i0.wp.com\/www.24baires.com\/wp-content\/uploads\/2013\/03\/p%C3%A9rez-alberto.jpg?resize=300%2C180 300w\" sizes=\"auto, (max-width: 560px) 100vw, 560px\" \/>El jefe de Gabinete bonaerense volvi\u00f3 a criticar al PRO y consider\u00f3 que el candidato presidencial por Cambiemos \u00abquiere manejar el pa\u00eds como una empresa privada\u00bb.<!--more--><\/p>\n<p>\u00abLo que propone Macri atrasa y trae desocupaci\u00f3n y ajuste. \u00c9l cree que hay que manejar el pa\u00eds como una empresa privada, y si hay que ajustar y despedir, est\u00e1 bien\u00bb, dijo P\u00e9rez en declaraciones a radio Rivadavia.<\/p>\n<p>Con miras a las elecciones presidenciales de octubre, P\u00e9rez asever\u00f3 que \u00abest\u00e1 muy claro cu\u00e1les son los dos modelos en pugna\u00bb y destac\u00f3 que la propuesta del candidato presidencial del Frente para la Victoria, Daniel Scioli, \u00abtiene que ver con la inclusi\u00f3n, el empleo, el modelo del desarrollo, de construir a partir de lo construido\u00bb.<\/p>\n<p>\u00abDel otro lado, hay un proyecto neoliberal que vienen proponiendo con mucha franqueza que tiene que ver con ajustar la econom\u00eda, devaluar, flexibilizar las relaciones laborales\u00bb, indic\u00f3 el funcionario bonaerense.<\/p>\n<p>En ese marco, dijo que Macri \u00absi hay que darle alg\u00fan \u00e1rea como la energ\u00eda al sector privado, lo har\u00eda; y si hay que salir corriendo a pagar a los fondos buitres, lo har\u00eda tambi\u00e9n\u00bb; y a\u00f1adi\u00f3 que para el l\u00edder del PRO \u00ablas variables de ajuste son los trabajadores, los jubilados, los peque\u00f1os comerciantes\u00bb. \u00abEn cambio, el modelo de pa\u00eds y econom\u00eda que representa Scioli es el de sostener el empleo y la producci\u00f3n con mayor valor agregado\u00bb, concluy\u00f3.<\/p>\n<p>&nbsp;<\/p>\n<p>&nbsp;<\/p>\n<p>&nbsp;<\/p>\n<p>&nbsp;<\/p>\n<p>&nbsp;<\/p>\n<p>&nbsp;<\/p>\n<p>&nbsp;<\/p>\n<p>&nbsp;<\/p>\n<p>&nbsp;<\/p>\n<p>&nbsp;<\/p>\n<p>&nbsp;<\/p>\n<p>&nbsp;<\/p>\n<p>&nbsp;<\/p>\n<p>&nbsp;<\/p>\n","protected":false},"excerpt":{"rendered":"<p>El jefe de Gabinete bonaerense volvi\u00f3 a criticar al PRO y consider\u00f3 que el candidato presidencial por Cambiemos \u00abquiere manejar el pa\u00eds como una empresa privada\u00bb.<\/p>\n","protected":false},"author":8,"featured_media":0,"comment_status":"open","ping_status":"open","sticky":false,"template":"","format":"standard","meta":{"_jetpack_newsletter_access":"","_jetpack_dont_email_post_to_subs":false,"_jetpack_newsletter_tier_id":0,"_jetpack_memberships_contains_paywalled_content":false,"_jetpack_memberships_contains_paid_content":false,"footnotes":""},"categories":[51],"tags":[],"class_list":["post-71760","post","type-post","status-publish","format-standard","hentry","category-politica"],"jetpack_shortlink":"https:\/\/wp.me\/p2JWE0-iFq","jetpack-related-posts":[{"id":75145,"url":"http:\/\/www.24baires.com\/?p=75145","url_meta":{"origin":71760,"position":0},"title":"Dom\u00ednguez: \u00abMacri siempre estuvo del lado de los intereses contrarios a la Argentina\u00bb","author":"AF","date":"17\/11\/2015","format":false,"excerpt":"El presidente de la C\u00e1mara de Diputados, Juli\u00e1n Dom\u00ednguez, se refiri\u00f3 as\u00ed al candidato presidencial de Cambiemos, y asegur\u00f3 que \"no tiene reparos en volver a acordar con el Fondo Monetario Internacional\". \"Pobre pa\u00eds si su dirigencia piensa desde la visi\u00f3n del ajuste, as\u00ed cualquiera gobierna. Dios nos libre y\u2026","rel":"","context":"En \u00abElecciones 2015\u00bb","block_context":{"text":"Elecciones 2015","link":"http:\/\/www.24baires.com\/?cat=74"},"img":{"alt_text":"julian dominguez1","src":"https:\/\/i0.wp.com\/www.24baires.com\/wp-content\/uploads\/2015\/11\/julian-dominguez1.jpg?resize=350%2C200","width":350,"height":200,"srcset":"https:\/\/i0.wp.com\/www.24baires.com\/wp-content\/uploads\/2015\/11\/julian-dominguez1.jpg?resize=350%2C200 1x, https:\/\/i0.wp.com\/www.24baires.com\/wp-content\/uploads\/2015\/11\/julian-dominguez1.jpg?resize=525%2C300 1.5x"},"classes":[]},{"id":112269,"url":"http:\/\/www.24baires.com\/?p=112269","url_meta":{"origin":71760,"position":1},"title":"Alberto Fern\u00e1ndez: \u00abMacri todos los d\u00edas puede hacer las cosas peor de lo que las ha hecho\u00bb","author":"GB","date":"27\/09\/2019","format":false,"excerpt":"El precandidato presidencial del Frente de Todos se\u00f1al\u00f3 que el mandatario tiene una \"incapacidad de gesti\u00f3n incre\u00edble\". Alberto Fern\u00e1ndez volvi\u00f3 a criticar este viernes el acuerdo con el Fondo Monetario Internacional (FMI) e insisti\u00f3 en que Mauricio Macri dejar\u00e1 el peor escenario posible. En di\u00e1logo con Radio 10, el precandidato\u2026","rel":"","context":"En \u00abPol\u00edtica\u00bb","block_context":{"text":"Pol\u00edtica","link":"http:\/\/www.24baires.com\/?cat=51"},"img":{"alt_text":"","src":"","width":0,"height":0},"classes":[]},{"id":69621,"url":"http:\/\/www.24baires.com\/?p=69621","url_meta":{"origin":71760,"position":2},"title":"Condenan el \u00abajuste inexorable\u00bb que proponen los economistas de Macri","author":"Grupo Sierra","date":"27\/07\/2015","format":false,"excerpt":"Dirigentes del oficialismo condenaron el \"ajuste inexorable\" propuesto por los economistas del equipo del precandidato presidencial Mauricio Macri (PRO), Carlos Melconian, Jos\u00e9 Luis Espert y Miguel \u00c1ngel Broda, quienes sinceraron ante empresarios la necesidad de un \"Estado peque\u00f1o\" y la eliminaci\u00f3n \"del cepo y subsidios\", seg\u00fan consta en un video\u2026","rel":"","context":"En \u00abEconom\u00eda\u00bb","block_context":{"text":"Econom\u00eda","link":"http:\/\/www.24baires.com\/?cat=45"},"img":{"alt_text":"","src":"https:\/\/i0.wp.com\/www.24baires.com\/wp-content\/uploads\/2015\/07\/melconia-y-cia.jpg?resize=350%2C200","width":350,"height":200,"srcset":"https:\/\/i0.wp.com\/www.24baires.com\/wp-content\/uploads\/2015\/07\/melconia-y-cia.jpg?resize=350%2C200 1x, https:\/\/i0.wp.com\/www.24baires.com\/wp-content\/uploads\/2015\/07\/melconia-y-cia.jpg?resize=525%2C300 1.5x"},"classes":[]},{"id":112039,"url":"http:\/\/www.24baires.com\/?p=112039","url_meta":{"origin":71760,"position":3},"title":"Pichetto propone un debate de candidatos a vicepresidentes para proteger a Macri","author":"AF","date":"11\/09\/2019","format":false,"excerpt":"Legisladores del oficialismo realizan intentos desesperados para organizar un cruce entre vicepresidentes, ante un posible debate presidencial en el que Macri carezca de argumentos para sostener su gesti\u00f3n. Las versiones son varias y cruzadas. Como tales, carecen de informaci\u00f3n fidedigna. Sin embargo, no es menos cierto que en los pasillos\u2026","rel":"","context":"En \u00abPol\u00edtica\u00bb","block_context":{"text":"Pol\u00edtica","link":"http:\/\/www.24baires.com\/?cat=51"},"img":{"alt_text":"","src":"https:\/\/i0.wp.com\/www.24baires.com\/wp-content\/uploads\/2019\/09\/cristina-pichetto.jpg?resize=350%2C200","width":350,"height":200,"srcset":"https:\/\/i0.wp.com\/www.24baires.com\/wp-content\/uploads\/2019\/09\/cristina-pichetto.jpg?resize=350%2C200 1x, https:\/\/i0.wp.com\/www.24baires.com\/wp-content\/uploads\/2019\/09\/cristina-pichetto.jpg?resize=525%2C300 1.5x"},"classes":[]},{"id":71501,"url":"http:\/\/www.24baires.com\/?p=71501","url_meta":{"origin":71760,"position":4},"title":"Intendentes advierten sobre la gobernabilidad si gana Macri","author":"GB","date":"01\/09\/2015","format":false,"excerpt":"Intendentes peronistas bonaerenses reafirmaron su apoyo a la candidatura presidencial oficialista y adem\u00e1s advirtieron sobre la gobernabilidad de los municipios y el futuro econ\u00f3mico y social en el Conurbano, en el eventual caso de que el l\u00edder del PRO Mauricio Macri fuera el pr\u00f3ximo presidente argentino. Tras el encuentro realizado\u2026","rel":"","context":"En \u00abPol\u00edtica\u00bb","block_context":{"text":"Pol\u00edtica","link":"http:\/\/www.24baires.com\/?cat=51"},"img":{"alt_text":"","src":"","width":0,"height":0},"classes":[]},{"id":75154,"url":"http:\/\/www.24baires.com\/?p=75154","url_meta":{"origin":71760,"position":5},"title":"\u00abA medida que Cambiemos define medidas econ\u00f3micas, la gente se aleja m\u00e1s de ellos\u00bb","author":"AF","date":"17\/11\/2015","format":false,"excerpt":"El candidato presidencial del Frente para la Victoria, Daniel Scioli, sostuvo hoy que esa es la raz\u00f3n por la que los economistas de Cambiemos dejaron de hacer declaraciones p\u00fablicas sobre econom\u00eda como estrategia de campa\u00f1a. El gobernador bonaerense remarc\u00f3 que el espacio que encabeza su oponente Mauricio Macri \"dice que\u2026","rel":"","context":"En \u00abElecciones 2015\u00bb","block_context":{"text":"Elecciones 2015","link":"http:\/\/www.24baires.com\/?cat=74"},"img":{"alt_text":"scioli la matanza1","src":"https:\/\/i0.wp.com\/www.24baires.com\/wp-content\/uploads\/2015\/11\/scioli-la-matanza1.jpg?resize=350%2C200","width":350,"height":200,"srcset":"https:\/\/i0.wp.com\/www.24baires.com\/wp-content\/uploads\/2015\/11\/scioli-la-matanza1.jpg?resize=350%2C200 1x, https:\/\/i0.wp.com\/www.24baires.com\/wp-content\/uploads\/2015\/11\/scioli-la-matanza1.jpg?resize=525%2C300 1.5x"},"classes":[]}],"jetpack_sharing_enabled":true,"jetpack_likes_enabled":true,"jetpack_featured_media_url":"","_links":{"self":[{"href":"http:\/\/www.24baires.com\/index.php?rest_route=\/wp\/v2\/posts\/71760","targetHints":{"allow":["GET"]}}],"collection":[{"href":"http:\/\/www.24baires.com\/index.php?rest_route=\/wp\/v2\/posts"}],"about":[{"href":"http:\/\/www.24baires.com\/index.php?rest_route=\/wp\/v2\/types\/post"}],"author":[{"embeddable":true,"href":"http:\/\/www.24baires.com\/index.php?rest_route=\/wp\/v2\/users\/8"}],"replies":[{"embeddable":true,"href":"http:\/\/www.24baires.com\/index.php?rest_route=%2Fwp%2Fv2%2Fcomments&post=71760"}],"version-history":[{"count":1,"href":"http:\/\/www.24baires.com\/index.php?rest_route=\/wp\/v2\/posts\/71760\/revisions"}],"predecessor-version":[{"id":71761,"href":"http:\/\/www.24baires.com\/index.php?rest_route=\/wp\/v2\/posts\/71760\/revisions\/71761"}],"wp:attachment":[{"href":"http:\/\/www.24baires.com\/index.php?rest_route=%2Fwp%2Fv2%2Fmedia&parent=71760"}],"wp:term":[{"taxonomy":"category","embeddable":true,"href":"http:\/\/www.24baires.com\/index.php?rest_route=%2Fwp%2Fv2%2Fcategories&post=71760"},{"taxonomy":"post_tag","embeddable":true,"href":"http:\/\/www.24baires.com\/index.php?rest_route=%2Fwp%2Fv2%2Ftags&post=71760"}],"curies":[{"name":"wp","href":"https:\/\/api.w.org\/{rel}","templated":true}]}}