{"id":71752,"date":"2015-09-07T14:00:56","date_gmt":"2015-09-07T17:00:56","guid":{"rendered":"http:\/\/www.24baires.com\/?p=71752"},"modified":"2015-09-07T13:55:38","modified_gmt":"2015-09-07T16:55:38","slug":"scioli-ratifico-que-continuara-con-politicas-de-desarrollo","status":"publish","type":"post","link":"http:\/\/www.24baires.com\/?p=71752","title":{"rendered":"Scioli ratific\u00f3 que continuar\u00e1 con \u00abpol\u00edticas de desarrollo\u201d"},"content":{"rendered":"<p><img data-recalc-dims=\"1\" loading=\"lazy\" decoding=\"async\" class=\"aligncenter size-full wp-image-71753\" src=\"https:\/\/i0.wp.com\/www.24baires.com\/wp-content\/uploads\/2015\/09\/scioli-reunion.jpg?resize=560%2C262\" alt=\"scioli reunion\" width=\"560\" height=\"262\" srcset=\"https:\/\/i0.wp.com\/www.24baires.com\/wp-content\/uploads\/2015\/09\/scioli-reunion.jpg?w=560 560w, https:\/\/i0.wp.com\/www.24baires.com\/wp-content\/uploads\/2015\/09\/scioli-reunion.jpg?resize=300%2C140 300w\" sizes=\"auto, (max-width: 560px) 100vw, 560px\" \/>El candidato a presidente por el FpV reivindic\u00f3 el rumbo en materia de desarrollo iniciado por el Gobierno nacional, y consider\u00f3 que hay aspectos \u00abque no deben dejarse en manos del mercado, sino que corresponden al Estado\u00bb. Fue al inaugurar un simulador en el predio de Atucha.<!--more--><\/p>\n<p>\u00abEste es un avance muy importante, y esto demuestra que hay aspectos que no se pueden dejar en manos del mercado, sino que el Estado tiene que estar presente\u00bb, asegur\u00f3 Scioli, antes de partir a la inauguraci\u00f3n del Parque de la Energ\u00eda Nuclear, en el kil\u00f3metro 107 de la ruta nacional 9.<\/p>\n<p>Consultado sobre las declaraciones de Gabriela Michetti acerca de que volver\u00eda a votar en contra de la Asignaci\u00f3n Universal por Hijo, dijo que \u00abeste es el cambio que ellos proponen, que es volver para atr\u00e1s, desandar todo lo que hemos avanzado\u00bb.<\/p>\n<p>Remarc\u00f3 que \u00abes un espacio pol\u00edtico que fija distintas prioridades, para nosotros es importante Aerol\u00edneas porque es la integraci\u00f3n de Argentina, hay balances que uno no los puede ver desde el punto de vista econ\u00f3mico, sino desde el punto de vista social; yo lo puedo asegurar, fui secretario de Turismo y Argentina estaba desconectada\u00bb.<\/p>\n<p>\u00abAh\u00ed est\u00e1 la diferencia, la raz\u00f3n por la que el pueblo argentino tiene que tomar una decisi\u00f3n importante\u00bb, concluy\u00f3.<\/p>\n","protected":false},"excerpt":{"rendered":"<p>El candidato a presidente por el FpV reivindic\u00f3 el rumbo en materia de desarrollo iniciado por el Gobierno nacional, y consider\u00f3 que hay aspectos \u00abque no deben dejarse en manos del mercado, sino que corresponden al Estado\u00bb. Fue al inaugurar un simulador en el predio de Atucha.<\/p>\n","protected":false},"author":8,"featured_media":0,"comment_status":"open","ping_status":"open","sticky":false,"template":"","format":"standard","meta":{"_jetpack_newsletter_access":"","_jetpack_dont_email_post_to_subs":false,"_jetpack_newsletter_tier_id":0,"_jetpack_memberships_contains_paywalled_content":false,"_jetpack_memberships_contains_paid_content":false,"footnotes":""},"categories":[51],"tags":[],"class_list":["post-71752","post","type-post","status-publish","format-standard","hentry","category-politica"],"jetpack_shortlink":"https:\/\/wp.me\/p2JWE0-iFi","jetpack-related-posts":[{"id":108387,"url":"http:\/\/www.24baires.com\/?p=108387","url_meta":{"origin":71752,"position":0},"title":"Scioli ratific\u00f3 su candidatura presidencial","author":"GB","date":"25\/05\/2019","format":false,"excerpt":"El exgobernador de la Provincia de Buenos Aires particip\u00f3 del Congreso Educativo de Ajedrez que se realiz\u00f3 en la ciudad balnearia y manifest\u00f3 sus deseos de ser el primer mandatario del pa\u00eds despu\u00e9s del 10 de diciembre, sin embargo aclar\u00f3: \u201cVer\u00e9 como peronista en qu\u00e9 lugar puedo hacer mi mayor\u2026","rel":"","context":"En \u00abPol\u00edtica\u00bb","block_context":{"text":"Pol\u00edtica","link":"http:\/\/www.24baires.com\/?cat=51"},"img":{"alt_text":"","src":"https:\/\/i0.wp.com\/www.24baires.com\/wp-content\/uploads\/2019\/05\/scioli-mar-del.jpg?resize=350%2C200","width":350,"height":200,"srcset":"https:\/\/i0.wp.com\/www.24baires.com\/wp-content\/uploads\/2019\/05\/scioli-mar-del.jpg?resize=350%2C200 1x, https:\/\/i0.wp.com\/www.24baires.com\/wp-content\/uploads\/2019\/05\/scioli-mar-del.jpg?resize=525%2C300 1.5x"},"classes":[]},{"id":101122,"url":"http:\/\/www.24baires.com\/?p=101122","url_meta":{"origin":71752,"position":1},"title":"Indagar\u00e1n a Scioli por irregularidades en la construcci\u00f3n de las UPA 24","author":"AF","date":"17\/03\/2018","format":false,"excerpt":"El ex gobernador Daniel Scioli y quien fuera su ministro de Salud, Alejandro Collia, fueron imputados y citados a prestar declaraci\u00f3n indagatoria en el marco de una causa que investiga presuntas irregularidades en la adjudicaci\u00f3n de ocho Unidades de Pronta Atenci\u00f3n (UPA 24) para las que se destinaron m\u00e1s de\u2026","rel":"","context":"En \u00abJUDICIALES\u00bb","block_context":{"text":"JUDICIALES","link":"http:\/\/www.24baires.com\/?cat=68"},"img":{"alt_text":"","src":"https:\/\/i0.wp.com\/www.24baires.com\/wp-content\/uploads\/2014\/05\/Daniel-Scioli.jpg?resize=350%2C200","width":350,"height":200,"srcset":"https:\/\/i0.wp.com\/www.24baires.com\/wp-content\/uploads\/2014\/05\/Daniel-Scioli.jpg?resize=350%2C200 1x, https:\/\/i0.wp.com\/www.24baires.com\/wp-content\/uploads\/2014\/05\/Daniel-Scioli.jpg?resize=525%2C300 1.5x"},"classes":[]},{"id":120226,"url":"http:\/\/www.24baires.com\/?p=120226","url_meta":{"origin":71752,"position":2},"title":"Cristina recibi\u00f3 a Scioli: \u201cA seguir trabajando, que es lo que hay que hacer\u201d","author":"AF","date":"28\/06\/2023","format":false,"excerpt":"\"Hablamos mucho, con sinceridad y con el respeto de siempre. Me transmiti\u00f3 que su vocaci\u00f3n es ayudar y colaborar como un compa\u00f1ero m\u00e1s\", asegur\u00f3 a trav\u00e9s de las redes sociales la Vicepresidenta sobre el encuentro. La Vicepresidenta Cristina Fern\u00e1ndez de Kirchner public\u00f3 en redes sociales una foto con el embajador\u2026","rel":"","context":"En \u00abPol\u00edtica\u00bb","block_context":{"text":"Pol\u00edtica","link":"http:\/\/www.24baires.com\/?cat=51"},"img":{"alt_text":"","src":"https:\/\/i0.wp.com\/www.24baires.com\/wp-content\/uploads\/2023\/06\/WhatsApp-Image-2023-06-28-at-23.30.42.jpeg?resize=350%2C200","width":350,"height":200,"srcset":"https:\/\/i0.wp.com\/www.24baires.com\/wp-content\/uploads\/2023\/06\/WhatsApp-Image-2023-06-28-at-23.30.42.jpeg?resize=350%2C200 1x, https:\/\/i0.wp.com\/www.24baires.com\/wp-content\/uploads\/2023\/06\/WhatsApp-Image-2023-06-28-at-23.30.42.jpeg?resize=525%2C300 1.5x, https:\/\/i0.wp.com\/www.24baires.com\/wp-content\/uploads\/2023\/06\/WhatsApp-Image-2023-06-28-at-23.30.42.jpeg?resize=700%2C400 2x"},"classes":[]},{"id":102717,"url":"http:\/\/www.24baires.com\/?p=102717","url_meta":{"origin":71752,"position":3},"title":"Stolbizer: \u00abLa gesti\u00f3n de Vidal es tan mala como la de Scioli\u00bb","author":"GB","date":"13\/06\/2018","format":false,"excerpt":"La l\u00edder del GEN endureci\u00f3 su discurso contra la Gobernadora y afirm\u00f3 que \"no puede mostrar avances\" en educaci\u00f3n, salud y seguridad. Margarita Stolbizer abandon\u00f3 el discurso conciliador con Mar\u00eda Eugenia Vidal y afirm\u00f3 que su gesti\u00f3n \"es tan mala\" como la de su antecesor Daniel Scioli. Durante una visita\u2026","rel":"","context":"En \u00abPol\u00edtica\u00bb","block_context":{"text":"Pol\u00edtica","link":"http:\/\/www.24baires.com\/?cat=51"},"img":{"alt_text":"","src":"https:\/\/i0.wp.com\/www.24baires.com\/wp-content\/uploads\/2016\/08\/vidal-stolbizer.jpg?resize=350%2C200","width":350,"height":200,"srcset":"https:\/\/i0.wp.com\/www.24baires.com\/wp-content\/uploads\/2016\/08\/vidal-stolbizer.jpg?resize=350%2C200 1x, https:\/\/i0.wp.com\/www.24baires.com\/wp-content\/uploads\/2016\/08\/vidal-stolbizer.jpg?resize=525%2C300 1.5x"},"classes":[]},{"id":103352,"url":"http:\/\/www.24baires.com\/?p=103352","url_meta":{"origin":71752,"position":4},"title":"In\u00e9dito: La Provincia no tiene opositores en los \u00f3rganos de contralor del gobierno","author":"Grupo Sierra","date":"15\/07\/2018","format":false,"excerpt":"El nombramiento de Mar\u00eda Fernanda Inza como contadora general de la Provincia, que Mar\u00eda Eugenia Vidal apur\u00f3 la semana que pas\u00f3 a favor de la mayor\u00eda que posee en el Senado y el oportuno apoyo de un representante del massismo, termin\u00f3 de consolidar una situaci\u00f3n con pocos antecedentes: todos los\u2026","rel":"","context":"En \u00abProvincia\u00bb","block_context":{"text":"Provincia","link":"http:\/\/www.24baires.com\/?cat=40"},"img":{"alt_text":"","src":"https:\/\/i0.wp.com\/www.dib.com.ar\/gestion\/images\/blogmanagement\/noticias\/thumb\/5b4b9524cb0ac1531680036.jpg?resize=350%2C200","width":350,"height":200,"srcset":"https:\/\/i0.wp.com\/www.dib.com.ar\/gestion\/images\/blogmanagement\/noticias\/thumb\/5b4b9524cb0ac1531680036.jpg?resize=350%2C200 1x, https:\/\/i0.wp.com\/www.dib.com.ar\/gestion\/images\/blogmanagement\/noticias\/thumb\/5b4b9524cb0ac1531680036.jpg?resize=525%2C300 1.5x"},"classes":[]},{"id":74277,"url":"http:\/\/www.24baires.com\/?p=74277","url_meta":{"origin":71752,"position":5},"title":"\u00abEl cambio, para Macri, es que todo vuelva a estar en manos del mercado\u00bb","author":"AF","date":"28\/10\/2015","format":false,"excerpt":"El candidato a presidente por el Frente Para la Victoria, Daniel Scioli, dijo hoy que su contrincante de Cambiemos \"tiene una mirada privatizadora\" e insisti\u00f3 en que \"entusiasma la palabra cambio, pero la discusi\u00f3n que tiene que dar la sociedad es qu\u00e9 tipo de cambio queremos\". \"Hay grandes diferencias en\u2026","rel":"","context":"En \u00abElecciones 2015\u00bb","block_context":{"text":"Elecciones 2015","link":"http:\/\/www.24baires.com\/?cat=74"},"img":{"alt_text":"scioli cierre campa\u00f1a","src":"https:\/\/i0.wp.com\/www.24baires.com\/wp-content\/uploads\/2015\/08\/scioli-cierre-campa%C3%B1a.jpg?resize=350%2C200","width":350,"height":200,"srcset":"https:\/\/i0.wp.com\/www.24baires.com\/wp-content\/uploads\/2015\/08\/scioli-cierre-campa%C3%B1a.jpg?resize=350%2C200 1x, https:\/\/i0.wp.com\/www.24baires.com\/wp-content\/uploads\/2015\/08\/scioli-cierre-campa%C3%B1a.jpg?resize=525%2C300 1.5x"},"classes":[]}],"jetpack_sharing_enabled":true,"jetpack_likes_enabled":true,"jetpack_featured_media_url":"","_links":{"self":[{"href":"http:\/\/www.24baires.com\/index.php?rest_route=\/wp\/v2\/posts\/71752","targetHints":{"allow":["GET"]}}],"collection":[{"href":"http:\/\/www.24baires.com\/index.php?rest_route=\/wp\/v2\/posts"}],"about":[{"href":"http:\/\/www.24baires.com\/index.php?rest_route=\/wp\/v2\/types\/post"}],"author":[{"embeddable":true,"href":"http:\/\/www.24baires.com\/index.php?rest_route=\/wp\/v2\/users\/8"}],"replies":[{"embeddable":true,"href":"http:\/\/www.24baires.com\/index.php?rest_route=%2Fwp%2Fv2%2Fcomments&post=71752"}],"version-history":[{"count":1,"href":"http:\/\/www.24baires.com\/index.php?rest_route=\/wp\/v2\/posts\/71752\/revisions"}],"predecessor-version":[{"id":71754,"href":"http:\/\/www.24baires.com\/index.php?rest_route=\/wp\/v2\/posts\/71752\/revisions\/71754"}],"wp:attachment":[{"href":"http:\/\/www.24baires.com\/index.php?rest_route=%2Fwp%2Fv2%2Fmedia&parent=71752"}],"wp:term":[{"taxonomy":"category","embeddable":true,"href":"http:\/\/www.24baires.com\/index.php?rest_route=%2Fwp%2Fv2%2Fcategories&post=71752"},{"taxonomy":"post_tag","embeddable":true,"href":"http:\/\/www.24baires.com\/index.php?rest_route=%2Fwp%2Fv2%2Ftags&post=71752"}],"curies":[{"name":"wp","href":"https:\/\/api.w.org\/{rel}","templated":true}]}}