{"id":71713,"date":"2015-09-06T16:30:57","date_gmt":"2015-09-06T19:30:57","guid":{"rendered":"http:\/\/www.24baires.com\/?p=71713"},"modified":"2015-09-06T13:39:02","modified_gmt":"2015-09-06T16:39:02","slug":"banco-ciudad-y-el-gobierno-porteno-unicos-clientes-de-la-usina-producciones","status":"publish","type":"post","link":"http:\/\/www.24baires.com\/?p=71713","title":{"rendered":"Banco Ciudad y el gobierno porte\u00f1o, \u00fanicos clientes de La Usina Producciones"},"content":{"rendered":"<p><img data-recalc-dims=\"1\" loading=\"lazy\" decoding=\"async\" class=\"aligncenter size-full wp-image-71593\" src=\"https:\/\/i0.wp.com\/www.24baires.com\/wp-content\/uploads\/2015\/09\/macri-niembro.jpg?resize=560%2C317\" alt=\"macri niembro\" width=\"560\" height=\"317\" srcset=\"https:\/\/i0.wp.com\/www.24baires.com\/wp-content\/uploads\/2015\/09\/macri-niembro.jpg?w=560 560w, https:\/\/i0.wp.com\/www.24baires.com\/wp-content\/uploads\/2015\/09\/macri-niembro.jpg?resize=300%2C170 300w\" sizes=\"auto, (max-width: 560px) 100vw, 560px\" \/>La empresa vinculada al candidato a diputado del Pro Fernando Niembro le factur\u00f3 $21 millones al gobierno porte\u00f1o con procedimientos irregulares y firm\u00f3 un contrato con el banco para difundir publicidad.<!--more--><\/p>\n<p>Hoy se conocieron m\u00e1s datos sobre los movimientos contractuales y facturaci\u00f3n de \u00abLa Usina Producciones\u00bb, la empresa cuya titularidad estuvo en manos del candidato macrista Fernando Niembro, desde su fundaci\u00f3n en 2012 hasta hace menos de un a\u00f1o, per\u00edodo en el cual celebr\u00f3 m\u00e1s de 170 contratos con el gobierno porte\u00f1o por un monto superior a los 21 millones de pesos.<\/p>\n<p>El diario Perfil public\u00f3 hoy un art\u00edculo en el cual consigna que a excepci\u00f3n de las contrataciones realizadas con la ciudad, que en su mayor\u00eda se concretaron a trav\u00e9s de procedimientos \u00abirregulares\u00bb seg\u00fan denunci\u00f3 la oposici\u00f3n, la empresa del periodista deportivo tuvo como \u00fanico cliente al Banco de Ciudad de Buenos Aires, que preside el economista de Pro Rogelio Frigerio.<\/p>\n<p>El contrato con el banco p\u00fablico porte\u00f1o super\u00f3 el mill\u00f3n de pesos y consisti\u00f3 en la colocaci\u00f3n de de publicidad en el canal Fox Sport (en el que se desempe\u00f1aba Niembro hasta que se defini\u00f3 su candidatura), como parte de una campa\u00f1a en el Mundial Brasil 2014.<\/p>\n<p>A pesar de haber facturado m\u00e1s de 22 millones de pesos, entre los contratos con el Banco Ciudad y el ejecutivo porte\u00f1o, Fernando Niembro se desprendi\u00f3 de su paquete accionario en la empresa por s\u00f3lo 20.000 pesos.<\/p>\n<p>&nbsp;<\/p>\n<p>&nbsp;<\/p>\n<p>&nbsp;<\/p>\n<p>&nbsp;<\/p>\n<p>&nbsp;<\/p>\n<p>&nbsp;<\/p>\n<p>&nbsp;<\/p>\n<p>&nbsp;<\/p>\n<p>&nbsp;<\/p>\n<p>&nbsp;<\/p>\n<p>&nbsp;<\/p>\n<p>&nbsp;<\/p>\n<p>&nbsp;<\/p>\n","protected":false},"excerpt":{"rendered":"<p>La empresa vinculada al candidato a diputado del Pro Fernando Niembro le factur\u00f3 $21 millones al gobierno porte\u00f1o con procedimientos irregulares y firm\u00f3 un contrato con el banco para difundir publicidad.<\/p>\n","protected":false},"author":8,"featured_media":0,"comment_status":"open","ping_status":"open","sticky":false,"template":"","format":"standard","meta":{"_jetpack_newsletter_access":"","_jetpack_dont_email_post_to_subs":false,"_jetpack_newsletter_tier_id":0,"_jetpack_memberships_contains_paywalled_content":false,"_jetpack_memberships_contains_paid_content":false,"footnotes":""},"categories":[51],"tags":[],"class_list":["post-71713","post","type-post","status-publish","format-standard","hentry","category-politica"],"jetpack_shortlink":"https:\/\/wp.me\/p2JWE0-iEF","jetpack-related-posts":[{"id":71748,"url":"http:\/\/www.24baires.com\/?p=71748","url_meta":{"origin":71713,"position":0},"title":"Allanaron dependencias del gobierno porte\u00f1o y de la empresa vinculada a Niembro","author":"GB","date":"07\/09\/2015","format":false,"excerpt":"Los allanamientos, llevados a cabo por la fiscal\u00eda de instrucci\u00f3n n\u00famero 43, a cargo del fiscal Carlos Velarde, fueron realizados en las \u00faltimas horas en oficinas del Ejecutivo porte\u00f1o y de La Usina Producciones, firma del periodista y candidato por Cambiemos El fiscal a cargo de la causa que investiga\u2026","rel":"","context":"En \u00abJUDICIALES\u00bb","block_context":{"text":"JUDICIALES","link":"http:\/\/www.24baires.com\/?cat=68"},"img":{"alt_text":"macri niembro","src":"https:\/\/i0.wp.com\/www.24baires.com\/wp-content\/uploads\/2015\/09\/macri-niembro.jpg?resize=350%2C200","width":350,"height":200,"srcset":"https:\/\/i0.wp.com\/www.24baires.com\/wp-content\/uploads\/2015\/09\/macri-niembro.jpg?resize=350%2C200 1x, https:\/\/i0.wp.com\/www.24baires.com\/wp-content\/uploads\/2015\/09\/macri-niembro.jpg?resize=525%2C300 1.5x"},"classes":[]},{"id":71886,"url":"http:\/\/www.24baires.com\/?p=71886","url_meta":{"origin":71713,"position":1},"title":"Stolbizer contra Macri: \u00ab\u00bfCu\u00e1ntos Niembros m\u00e1s tiene la Ciudad?\u00bb","author":"GB","date":"09\/09\/2015","format":false,"excerpt":"\"\u00bfCu\u00e1ntos Niembros m\u00e1s tiene el gobierno de CABA?\", se pregunt\u00f3 la candidata a presidenta de Progresistas, en referencia al acuerdo electoral que tienen Carri\u00f3 y el radicalismo con el PRO y las irregularidades como las detectadas en los contratos que involucraron al gobierno de la ciudad y al periodista. La\u2026","rel":"","context":"En \u00abElecciones 2015\u00bb","block_context":{"text":"Elecciones 2015","link":"http:\/\/www.24baires.com\/?cat=74"},"img":{"alt_text":"Stolbizer2","src":"https:\/\/i0.wp.com\/www.24baires.com\/wp-content\/uploads\/2014\/08\/Stolbizer2.jpg?resize=350%2C200","width":350,"height":200,"srcset":"https:\/\/i0.wp.com\/www.24baires.com\/wp-content\/uploads\/2014\/08\/Stolbizer2.jpg?resize=350%2C200 1x, https:\/\/i0.wp.com\/www.24baires.com\/wp-content\/uploads\/2014\/08\/Stolbizer2.jpg?resize=525%2C300 1.5x"},"classes":[]},{"id":72479,"url":"http:\/\/www.24baires.com\/?p=72479","url_meta":{"origin":71713,"position":2},"title":"Nuevo esc\u00e1ndalo en Cambiemos: denuncian a Eduardo Amadeo","author":"AF","date":"22\/09\/2015","format":false,"excerpt":"Un informe period\u00edstico revel\u00f3 que el actual candidato a diputado nacional por Cambiemos en la provincia de Buenos Aires figura como presidente de dos asociaciones civiles que entre 2005 y 2015 le facturaron al gobierno porte\u00f1o 4.5 millones de pesos. Tras el esc\u00e1ndalo por la revelaci\u00f3n de los contratos irregulares\u2026","rel":"","context":"En \u00abElecciones 2015\u00bb","block_context":{"text":"Elecciones 2015","link":"http:\/\/www.24baires.com\/?cat=74"},"img":{"alt_text":"eduardo amadeo","src":"https:\/\/i0.wp.com\/www.24baires.com\/wp-content\/uploads\/2015\/09\/eduardo-amadeo-300x200.jpg?resize=350%2C200","width":350,"height":200},"classes":[]},{"id":71842,"url":"http:\/\/www.24baires.com\/?p=71842","url_meta":{"origin":71713,"position":3},"title":"Niembro decidi\u00f3 no renunciar a su candidatura","author":"GB","date":"08\/09\/2015","format":false,"excerpt":"El periodista deportivo y candidato a diputado del PRO en Provincia, Fernando Niembro, consider\u00f3 a Radio 10 que la denuncia por supuestas contrataciones irregulares forma parte de una \"campa\u00f1a sucia\" que se hace contra \u00e9l y recalc\u00f3 que no va a renunciar a su candidatura. \"No tengo nada que ocultar\",\u2026","rel":"","context":"En \u00abElecciones 2015\u00bb","block_context":{"text":"Elecciones 2015","link":"http:\/\/www.24baires.com\/?cat=74"},"img":{"alt_text":"niembro","src":"https:\/\/i0.wp.com\/www.24baires.com\/wp-content\/uploads\/2015\/09\/niembro.jpg?resize=350%2C200","width":350,"height":200,"srcset":"https:\/\/i0.wp.com\/www.24baires.com\/wp-content\/uploads\/2015\/09\/niembro.jpg?resize=350%2C200 1x, https:\/\/i0.wp.com\/www.24baires.com\/wp-content\/uploads\/2015\/09\/niembro.jpg?resize=525%2C300 1.5x"},"classes":[]},{"id":71780,"url":"http:\/\/www.24baires.com\/?p=71780","url_meta":{"origin":71713,"position":4},"title":"El socio de Niembro en La Usina tambi\u00e9n es candidato de Cambiemos por la Provincia","author":"AF","date":"07\/09\/2015","format":false,"excerpt":"Atilio Alberto Meza, quien qued\u00f3 al frente de la empresa tras la salida del periodista y primer candidato a diputado del macrismo, ocupa el puesto de suplente n\u00famero 13 en la boleta en la provincia de Buenos Aires. El socio de Fernando Niembro en La Usina Producciones, Alberto Atilio Meza,\u2026","rel":"","context":"En \u00abElecciones 2015\u00bb","block_context":{"text":"Elecciones 2015","link":"http:\/\/www.24baires.com\/?cat=74"},"img":{"alt_text":"","src":"","width":0,"height":0},"classes":[]},{"id":95304,"url":"http:\/\/www.24baires.com\/?p=95304","url_meta":{"origin":71713,"position":5},"title":"Apelaron el sobreseimiento de Niembro","author":"GB","date":"19\/06\/2017","format":false,"excerpt":"A una semana de la coincidencia entre su retorno a la radio y la decisi\u00f3n judicial de dejarlo libre de culpa y cargo por las irregularidades en los millonarios contratos entre su productora y el gobierno porte\u00f1o, el fiscal de instrucci\u00f3n recurri\u00f3 la absoluci\u00f3n al considerarla \"prematura\" y basada s\u00f3lo\u2026","rel":"","context":"En \u00abPol\u00edtica\u00bb","block_context":{"text":"Pol\u00edtica","link":"http:\/\/www.24baires.com\/?cat=51"},"img":{"alt_text":"","src":"https:\/\/i0.wp.com\/www.24baires.com\/wp-content\/uploads\/2015\/09\/macri-niembro.jpg?resize=350%2C200","width":350,"height":200,"srcset":"https:\/\/i0.wp.com\/www.24baires.com\/wp-content\/uploads\/2015\/09\/macri-niembro.jpg?resize=350%2C200 1x, https:\/\/i0.wp.com\/www.24baires.com\/wp-content\/uploads\/2015\/09\/macri-niembro.jpg?resize=525%2C300 1.5x"},"classes":[]}],"jetpack_sharing_enabled":true,"jetpack_likes_enabled":true,"jetpack_featured_media_url":"","_links":{"self":[{"href":"http:\/\/www.24baires.com\/index.php?rest_route=\/wp\/v2\/posts\/71713","targetHints":{"allow":["GET"]}}],"collection":[{"href":"http:\/\/www.24baires.com\/index.php?rest_route=\/wp\/v2\/posts"}],"about":[{"href":"http:\/\/www.24baires.com\/index.php?rest_route=\/wp\/v2\/types\/post"}],"author":[{"embeddable":true,"href":"http:\/\/www.24baires.com\/index.php?rest_route=\/wp\/v2\/users\/8"}],"replies":[{"embeddable":true,"href":"http:\/\/www.24baires.com\/index.php?rest_route=%2Fwp%2Fv2%2Fcomments&post=71713"}],"version-history":[{"count":1,"href":"http:\/\/www.24baires.com\/index.php?rest_route=\/wp\/v2\/posts\/71713\/revisions"}],"predecessor-version":[{"id":71714,"href":"http:\/\/www.24baires.com\/index.php?rest_route=\/wp\/v2\/posts\/71713\/revisions\/71714"}],"wp:attachment":[{"href":"http:\/\/www.24baires.com\/index.php?rest_route=%2Fwp%2Fv2%2Fmedia&parent=71713"}],"wp:term":[{"taxonomy":"category","embeddable":true,"href":"http:\/\/www.24baires.com\/index.php?rest_route=%2Fwp%2Fv2%2Fcategories&post=71713"},{"taxonomy":"post_tag","embeddable":true,"href":"http:\/\/www.24baires.com\/index.php?rest_route=%2Fwp%2Fv2%2Ftags&post=71713"}],"curies":[{"name":"wp","href":"https:\/\/api.w.org\/{rel}","templated":true}]}}