{"id":71692,"date":"2015-09-05T17:00:39","date_gmt":"2015-09-05T20:00:39","guid":{"rendered":"http:\/\/www.24baires.com\/?p=71692"},"modified":"2015-09-05T17:05:01","modified_gmt":"2015-09-05T20:05:01","slug":"anibal-queremos-seguir-profundizando-derechos-de-los-trabajadores","status":"publish","type":"post","link":"http:\/\/www.24baires.com\/?p=71692","title":{"rendered":"An\u00edbal: \u00abQueremos seguir profundizando derechos de los trabajadores\u00bb"},"content":{"rendered":"<p><img data-recalc-dims=\"1\" loading=\"lazy\" decoding=\"async\" src=\"https:\/\/i0.wp.com\/www.24baires.com\/wp-content\/uploads\/2015\/08\/an%C3%ADbal-cierre.jpg?resize=560%2C370\" alt=\"an\u00edbal cierre\" width=\"560\" height=\"370\" class=\"aligncenter size-full wp-image-70083\" srcset=\"https:\/\/i0.wp.com\/www.24baires.com\/wp-content\/uploads\/2015\/08\/an%C3%ADbal-cierre.jpg?w=560 560w, https:\/\/i0.wp.com\/www.24baires.com\/wp-content\/uploads\/2015\/08\/an%C3%ADbal-cierre.jpg?resize=300%2C198 300w\" sizes=\"auto, (max-width: 560px) 100vw, 560px\" \/>El jefe de Gabinete y candidato a gobernador de la provincia de Buenos Aires, An\u00edbal Fern\u00e1ndez lo se\u00f1al\u00f3 al hablar en el cierre del Congreso del PJ Bonaerense que se desarrolla en el Hotel NH Provincial de Mar del Plata.<!--more--><\/p>\n<p>Fern\u00e1ndez impuls\u00f3 a los presentes a que \u00abla vocaci\u00f3n y el objetivo\u00bb sea \u00abhablar con amigos, vecinos, compa\u00f1eros para que comprendan que tendremos un presidente que gobern\u00f3 la provincia de Buenos Aires\u00bb, al hacer referencia al candidato a presidente por el FpV, que lo escuchaba desde el mismo escenario junto al candidato a vice, Carlos Zannini.<\/p>\n<p>\u00abLo conquistado no se puede dejar en manos de la derecha conservadora que quiere que los ricos sean cada vez m\u00e1s ricos y los pobres cada vez m\u00e1s pobres\u00bb enfatiz\u00f3 Fern\u00e1ndez, y se\u00f1al\u00f3 que \u00abnunca le ha sido f\u00e1cil la vida del peronismo\u00bb pero indic\u00f3 que \u00abla pol\u00edtica es la recomposici\u00f3n de la palabra, y nosotros como peronistas sabemos trabajar por ella\u00bb.<\/p>\n<p>A su vez, Fern\u00e1ndez agradeci\u00f3 al titular de la C\u00e1mara de Diputados, Juli\u00e1n Dom\u00ednguez, y al presidente del PJ Bonaerense e intendente de La Matanza, Fernando Espinoza, que integraron la f\u00f3rmula con la que disput\u00f3 la interna por la gobernaci\u00f3n de la provincia de Buenos Aires, para quienes pidi\u00f3 un aplauso y describi\u00f3 a Dom\u00ednguez como su \u00abdigno adversario\u00bb.<\/p>\n<p>\u00abNecesitamos de todas las compa\u00f1eras y compa\u00f1eros, principalmente de Juli\u00e1n y de Fernando porque no se llega solo y yo adem\u00e1s no quiero llegar solo\u00bb, expres\u00f3 el candidato ante el sostenido aplauso de los presentes.<\/p>\n<p>Por otra parte, ironiz\u00f3: \u00abLos peronistas somos feos, sucios y malos para algunos y nos dicen que los traemos por el sandwich y la Coca pero yo les digo: si los sandwiches hacen ganar elecciones, el presidente de Estados Unidos hubiera sido Ronald Mc Donald\u00bb.<\/p>\n<p>Por \u00faltimo manifest\u00f3 que \u00abse fortalecer\u00e1 la m\u00e1xima defensa de lo conquistado\u00bb, y afirm\u00f3 que \u00abel principal objetivo es tener custodios serios para defender lo conquistado durante los gobiernos de N\u00e9stor Kirchner y Cristina Fern\u00e1ndez de Kirchner, que han sido los m\u00e1s peronistas despu\u00e9s de los de Per\u00f3n\u00bb.<\/p>\n","protected":false},"excerpt":{"rendered":"<p>El jefe de Gabinete y candidato a gobernador de la provincia de Buenos Aires, An\u00edbal Fern\u00e1ndez lo se\u00f1al\u00f3 al hablar en el cierre del Congreso del PJ Bonaerense que se desarrolla en el Hotel NH Provincial de Mar del Plata.<\/p>\n","protected":false},"author":4,"featured_media":0,"comment_status":"open","ping_status":"open","sticky":false,"template":"","format":"standard","meta":{"_jetpack_newsletter_access":"","_jetpack_dont_email_post_to_subs":false,"_jetpack_newsletter_tier_id":0,"_jetpack_memberships_contains_paywalled_content":false,"_jetpack_memberships_contains_paid_content":false,"footnotes":""},"categories":[51],"tags":[],"class_list":["post-71692","post","type-post","status-publish","format-standard","hentry","category-politica"],"jetpack_shortlink":"https:\/\/wp.me\/p2JWE0-iEk","jetpack-related-posts":[{"id":103789,"url":"http:\/\/www.24baires.com\/?p=103789","url_meta":{"origin":71692,"position":0},"title":"\u00abEl blindaje al gobierno se termina cuando quer\u00e9s darle de comer a los pibes y no te alcanza\u00bb","author":"AF","date":"09\/08\/2018","format":false,"excerpt":"A contramano del remanido \"lo peor ya pas\u00f3\" del presidente Mauricio Macri, An\u00edbal Fern\u00e1ndez advirti\u00f3 que el estancamiento econ\u00f3mico y la crisis va camino a profundizarse a\u00fan m\u00e1s. El ex jefe de Gabinete de la Naci\u00f3n, An\u00edbal Fern\u00e1ndez carg\u00f3 este jueves con dureza contra el gobierno de Mauricio Macri, al\u2026","rel":"","context":"En \u00abPol\u00edtica\u00bb","block_context":{"text":"Pol\u00edtica","link":"http:\/\/www.24baires.com\/?cat=51"},"img":{"alt_text":"","src":"https:\/\/i0.wp.com\/www.24baires.com\/wp-content\/uploads\/2015\/08\/an%C3%ADbal-cierre.jpg?resize=350%2C200","width":350,"height":200,"srcset":"https:\/\/i0.wp.com\/www.24baires.com\/wp-content\/uploads\/2015\/08\/an%C3%ADbal-cierre.jpg?resize=350%2C200 1x, https:\/\/i0.wp.com\/www.24baires.com\/wp-content\/uploads\/2015\/08\/an%C3%ADbal-cierre.jpg?resize=525%2C300 1.5x"},"classes":[]},{"id":112597,"url":"http:\/\/www.24baires.com\/?p=112597","url_meta":{"origin":71692,"position":1},"title":"\u00abVan a entender lo que pas\u00f3 en Argentina cuando cuenten los votos\u00bb","author":"AF","date":"22\/10\/2019","format":false,"excerpt":"El candidato a presidente del Frente de Todos estuvo con intendentes de la Primera Secci\u00f3n Electoral y habl\u00f3 del pa\u00eds que le dejar\u00e1 Macri. El candidato a presidente del Frente de Todos, Alberto Fern\u00e1ndez, encabez\u00f3 un acto de campa\u00f1a en el Estadio Direct TV Arena de Malvinas Argentinas. All\u00ed agradeci\u00f3\u2026","rel":"","context":"En \u00abPol\u00edtica\u00bb","block_context":{"text":"Pol\u00edtica","link":"http:\/\/www.24baires.com\/?cat=51"},"img":{"alt_text":"","src":"https:\/\/i0.wp.com\/www.24baires.com\/wp-content\/uploads\/2019\/10\/alberto-fernandez.jpg?resize=350%2C200","width":350,"height":200,"srcset":"https:\/\/i0.wp.com\/www.24baires.com\/wp-content\/uploads\/2019\/10\/alberto-fernandez.jpg?resize=350%2C200 1x, https:\/\/i0.wp.com\/www.24baires.com\/wp-content\/uploads\/2019\/10\/alberto-fernandez.jpg?resize=525%2C300 1.5x"},"classes":[]},{"id":66129,"url":"http:\/\/www.24baires.com\/?p=66129","url_meta":{"origin":71692,"position":2},"title":"Scioli asegura que son cuatro los candidatos a gobernar la Provincia","author":"AF","date":"18\/05\/2015","format":false,"excerpt":"El actual gobernador hizo bajar a dos de sus colaboradores de la interna y cada vez quedan menos. Adem\u00e1s, expres\u00f3 cu\u00e1les son los candidatos con m\u00e1s chances. Tras el \"ba\u00f1o de humildad\" pedido por la presidenta Cristina Fern\u00e1ndez, el que intercedi\u00f3 en la interna del Frente para la Victoria por\u2026","rel":"","context":"En \u00abElecciones 2015\u00bb","block_context":{"text":"Elecciones 2015","link":"http:\/\/www.24baires.com\/?cat=74"},"img":{"alt_text":"scioli 1","src":"https:\/\/i0.wp.com\/www.24baires.com\/wp-content\/uploads\/2015\/01\/scioli-1.jpg?resize=350%2C200","width":350,"height":200,"srcset":"https:\/\/i0.wp.com\/www.24baires.com\/wp-content\/uploads\/2015\/01\/scioli-1.jpg?resize=350%2C200 1x, https:\/\/i0.wp.com\/www.24baires.com\/wp-content\/uploads\/2015\/01\/scioli-1.jpg?resize=525%2C300 1.5x"},"classes":[]},{"id":74094,"url":"http:\/\/www.24baires.com\/?p=74094","url_meta":{"origin":71692,"position":3},"title":"\u00abSer candidato a gobernador es el hecho pol\u00edtico m\u00e1s importante de mi vida\u00bb","author":"AF","date":"25\/10\/2015","format":false,"excerpt":"As\u00ed lo afirm\u00f3 el candidato a Gobernador bonaerense por el Frente Para la Victoria, An\u00edbal Fern\u00e1ndez, tras emitir su voto. \"Tengo la expectativa de que las cosas salgan bien y a partir del 10 de diciembre gobierne la provincia de Buenos Aires\", dijo. El candidato a gobernador bonaerense por el\u2026","rel":"","context":"En \u00abElecciones 2015\u00bb","block_context":{"text":"Elecciones 2015","link":"http:\/\/www.24baires.com\/?cat=74"},"img":{"alt_text":"","src":"https:\/\/i0.wp.com\/www.24baires.com\/wp-content\/uploads\/2015\/10\/anibal-voto.jpg?resize=350%2C200","width":350,"height":200,"srcset":"https:\/\/i0.wp.com\/www.24baires.com\/wp-content\/uploads\/2015\/10\/anibal-voto.jpg?resize=350%2C200 1x, https:\/\/i0.wp.com\/www.24baires.com\/wp-content\/uploads\/2015\/10\/anibal-voto.jpg?resize=525%2C300 1.5x"},"classes":[]},{"id":112742,"url":"http:\/\/www.24baires.com\/?p=112742","url_meta":{"origin":71692,"position":4},"title":"La Provincia tendr\u00e1 seis distritos comandados por mujeres","author":"GB","date":"28\/10\/2019","format":false,"excerpt":"Hablamos de las localidades de General Arenales, Quilmes, Presidente Per\u00f3n, Carlos Tejedor, Moreno y Ca\u00f1uelas. Los resultados de las elecciones generales, de este domingo, revelaron que, a partir del 10 de diciembre s\u00f3lo seis de los 135 municipios bonaerenses ser\u00e1n gobernados por mujeres. Hablamos de General Arenales, Quilmes, Presidente Per\u00f3n,\u2026","rel":"","context":"En \u00abELECCIONES 2019\u00bb","block_context":{"text":"ELECCIONES 2019","link":"http:\/\/www.24baires.com\/?cat=329"},"img":{"alt_text":"","src":"","width":0,"height":0},"classes":[]},{"id":120181,"url":"http:\/\/www.24baires.com\/?p=120181","url_meta":{"origin":71692,"position":5},"title":"El Frente de Todos pasa a llamarse \u00abUni\u00f3n por la Patria\u00bb","author":"AF","date":"14\/06\/2023","format":false,"excerpt":"Los distintos sectores que componen el frente oficialista mantienen reuniones para definir, entre otras cosas, la constituci\u00f3n de su junta partidaria y el reglamento electoral que fijar\u00e1 pisos y porcentajes para la integraci\u00f3n de listas. El Frente de Todos (FdT) se llamar\u00e1 Uni\u00f3n por la Patria (UxP) en las pr\u00f3ximas\u2026","rel":"","context":"En \u00abPol\u00edtica\u00bb","block_context":{"text":"Pol\u00edtica","link":"http:\/\/www.24baires.com\/?cat=51"},"img":{"alt_text":"","src":"https:\/\/i0.wp.com\/www.24baires.com\/wp-content\/uploads\/2023\/06\/cfk-25-5.png?resize=350%2C200","width":350,"height":200,"srcset":"https:\/\/i0.wp.com\/www.24baires.com\/wp-content\/uploads\/2023\/06\/cfk-25-5.png?resize=350%2C200 1x, https:\/\/i0.wp.com\/www.24baires.com\/wp-content\/uploads\/2023\/06\/cfk-25-5.png?resize=525%2C300 1.5x, https:\/\/i0.wp.com\/www.24baires.com\/wp-content\/uploads\/2023\/06\/cfk-25-5.png?resize=700%2C400 2x, https:\/\/i0.wp.com\/www.24baires.com\/wp-content\/uploads\/2023\/06\/cfk-25-5.png?resize=1050%2C600 3x"},"classes":[]}],"jetpack_sharing_enabled":true,"jetpack_likes_enabled":true,"jetpack_featured_media_url":"","_links":{"self":[{"href":"http:\/\/www.24baires.com\/index.php?rest_route=\/wp\/v2\/posts\/71692","targetHints":{"allow":["GET"]}}],"collection":[{"href":"http:\/\/www.24baires.com\/index.php?rest_route=\/wp\/v2\/posts"}],"about":[{"href":"http:\/\/www.24baires.com\/index.php?rest_route=\/wp\/v2\/types\/post"}],"author":[{"embeddable":true,"href":"http:\/\/www.24baires.com\/index.php?rest_route=\/wp\/v2\/users\/4"}],"replies":[{"embeddable":true,"href":"http:\/\/www.24baires.com\/index.php?rest_route=%2Fwp%2Fv2%2Fcomments&post=71692"}],"version-history":[{"count":1,"href":"http:\/\/www.24baires.com\/index.php?rest_route=\/wp\/v2\/posts\/71692\/revisions"}],"predecessor-version":[{"id":71693,"href":"http:\/\/www.24baires.com\/index.php?rest_route=\/wp\/v2\/posts\/71692\/revisions\/71693"}],"wp:attachment":[{"href":"http:\/\/www.24baires.com\/index.php?rest_route=%2Fwp%2Fv2%2Fmedia&parent=71692"}],"wp:term":[{"taxonomy":"category","embeddable":true,"href":"http:\/\/www.24baires.com\/index.php?rest_route=%2Fwp%2Fv2%2Fcategories&post=71692"},{"taxonomy":"post_tag","embeddable":true,"href":"http:\/\/www.24baires.com\/index.php?rest_route=%2Fwp%2Fv2%2Ftags&post=71692"}],"curies":[{"name":"wp","href":"https:\/\/api.w.org\/{rel}","templated":true}]}}