{"id":71689,"date":"2015-09-05T15:00:35","date_gmt":"2015-09-05T18:00:35","guid":{"rendered":"http:\/\/www.24baires.com\/?p=71689"},"modified":"2015-09-06T10:35:06","modified_gmt":"2015-09-06T13:35:06","slug":"macri-quiere-gobernar-para-unos-pocos","status":"publish","type":"post","link":"http:\/\/www.24baires.com\/?p=71689","title":{"rendered":"\u00abMacri quiere gobernar para unos pocos\u00bb"},"content":{"rendered":"<p><img data-recalc-dims=\"1\" loading=\"lazy\" decoding=\"async\" class=\"aligncenter size-full wp-image-70134\" src=\"https:\/\/i0.wp.com\/www.24baires.com\/wp-content\/uploads\/2015\/08\/scioli-cierre-campa%C3%B1a.jpg?resize=560%2C307\" alt=\"scioli cierre campa\u00f1a\" width=\"560\" height=\"307\" srcset=\"https:\/\/i0.wp.com\/www.24baires.com\/wp-content\/uploads\/2015\/08\/scioli-cierre-campa%C3%B1a.jpg?w=560 560w, https:\/\/i0.wp.com\/www.24baires.com\/wp-content\/uploads\/2015\/08\/scioli-cierre-campa%C3%B1a.jpg?resize=300%2C164 300w\" sizes=\"auto, (max-width: 560px) 100vw, 560px\" \/>El gobernador bonaerense y candidato presidencial por el FpV habl\u00f3 al cerrar en Mar del Plata el encuentro provincial del PJ bonaerense. Advirti\u00f3 que Macri \u00abquiere tomar el camino de pol\u00edticas de falso atajo como la devaluaci\u00f3n para gobernar para pocos\u00bb.<!--more--><\/p>\n<p>\u00abEn un contexto de incertidumbre global hay que fortalecer y poner en valor las pol\u00edticas que puso en marcha N\u00e9stor (Kirchner) y que Cristina (Fern\u00e1ndez de Kirchner) conduce para construir un pa\u00eds cada vez mejor\u00bb, afirm\u00f3 Scioli ante m\u00e1s de 2.000l dirigentes del PJ de la Provincia reunidos en el hotel Provincial.<\/p>\n<p>\u00abDebemos hablar claro hacia el 25 de octubre frente a las ideas de nueva alianza que encabeza Macri y que quiere tomar el camino del ajuste, de la agenda del circulo rojo y la presi\u00f3n de los fondos buitre de de gobernar para pocos en detrimento de todos\u00bb, areng\u00f3 el candidato del FpV.<\/p>\n<p>En ese marco, detall\u00f3 que junto a su compa\u00f1ero de f\u00f3rmula, Carlos Zannini, \u00absomos la f\u00f3rmula de las pymes, de los trabajadores, los humildes, la inclusi\u00f3n jubilatoria y la presencia del Estado, del federalismo productivo y la descentralizaci\u00f3n de los recursos\u00bb.<\/p>\n<p>En otro tramo de su discurso, Scioli pidi\u00f3 \u00abtomar conciencia (frente) al capitalismo salvaje y la presi\u00f3n de los fondos buitre y los problemas humanitarios que nos conmueven\u00bb, al referirse al \u00e9xodo de miles de sirios que huyen a Europa por la guerra y propuso \u00abseguir avanzando en las victorias pendientes por el bien del pueblo argentino\u00bb.<\/p>\n<p>\u00abEstoy seguro de que lo que falta lo vamos a hacer con An\u00edbal (Fern\u00e1ndez) en el tiempo que se viene para que las soluciones lleguen mas r\u00e1pido porque Provincia y Naci\u00f3n tienen que trabajar codo a codo\u00bb, sostuvo el candidato del FpV tras recorrer los logros obtenidos durante los doce a\u00f1os de kirchnerismo.<\/p>\n<p>Tambi\u00e9n agradeci\u00f3 el respaldo del titular del PJ bonaerense, Fernando Espinoza, quien fuera adversario en las PASO, junto a Juli\u00e1n Dom\u00ednguez, de la f\u00f3rmula para la gobernaci\u00f3n que triunf\u00f3 integrada por An\u00edbal Fern\u00e1ndez y Mart\u00edn Sabbatella.<\/p>\n<p>\u00abMe propongo como el presidente de las pymes, de las inversiones, del desarrollo productivo, la industrializaci\u00f3n, la inclusi\u00f3n social y la mejor distribuci\u00f3n del ingreso\u00bb, afirm\u00f3.<\/p>\n<p>Al finalizar su discurso, reivindic\u00f3 el papel del justicialismo al se\u00f1alar: \u00absomos una organizaci\u00f3n pol\u00edtica con un proyecto pol\u00edtico, con un partido justicialista provincial y nacional que nos respalda con intendentes que saben muy bien el impacto de las pol\u00edticas de estos a\u00f1os y quieren sostener lo logrado,corregir lo que haya que corregir, cambiar lo que haya q cambiar y avanzar sobre nuevas conquistas\u00bb.<\/p>\n","protected":false},"excerpt":{"rendered":"<p>El gobernador bonaerense y candidato presidencial por el FpV habl\u00f3 al cerrar en Mar del Plata el encuentro provincial del PJ bonaerense. Advirti\u00f3 que Macri \u00abquiere tomar el camino de pol\u00edticas de falso atajo como la devaluaci\u00f3n para gobernar para pocos\u00bb.<\/p>\n","protected":false},"author":4,"featured_media":0,"comment_status":"open","ping_status":"open","sticky":false,"template":"","format":"standard","meta":{"_jetpack_newsletter_access":"","_jetpack_dont_email_post_to_subs":false,"_jetpack_newsletter_tier_id":0,"_jetpack_memberships_contains_paywalled_content":false,"_jetpack_memberships_contains_paid_content":false,"footnotes":""},"categories":[51],"tags":[],"class_list":["post-71689","post","type-post","status-publish","format-standard","hentry","category-politica"],"jetpack_shortlink":"https:\/\/wp.me\/p2JWE0-iEh","jetpack-related-posts":[{"id":108380,"url":"http:\/\/www.24baires.com\/?p=108380","url_meta":{"origin":71689,"position":0},"title":"Reuni\u00f3n de Alberto Fern\u00e1ndez con intendentes del PJ bonaerense","author":"AF","date":"24\/05\/2019","format":false,"excerpt":"El precandidato presidencial Alberto Fern\u00e1ndez se reuni\u00f3 este mediod\u00eda con intendentes y legisladores peronistas en la localidad de San Antonio de Areco con la mirada puesta en recuperar los votos perdidos por el kirchnerismo en el interior rural bonaerense y continuar el debate respecto de la candidatura para gobernador. \"El\u2026","rel":"","context":"En \u00abPol\u00edtica\u00bb","block_context":{"text":"Pol\u00edtica","link":"http:\/\/www.24baires.com\/?cat=51"},"img":{"alt_text":"","src":"https:\/\/i0.wp.com\/www.24baires.com\/wp-content\/uploads\/2019\/05\/alberto-fernandez-intendentes-bonaerenses.jpg?resize=350%2C200","width":350,"height":200,"srcset":"https:\/\/i0.wp.com\/www.24baires.com\/wp-content\/uploads\/2019\/05\/alberto-fernandez-intendentes-bonaerenses.jpg?resize=350%2C200 1x, https:\/\/i0.wp.com\/www.24baires.com\/wp-content\/uploads\/2019\/05\/alberto-fernandez-intendentes-bonaerenses.jpg?resize=525%2C300 1.5x"},"classes":[]},{"id":106057,"url":"http:\/\/www.24baires.com\/?p=106057","url_meta":{"origin":71689,"position":1},"title":"El PJ Bonaerense banc\u00f3 a Men\u00e9ndez y le apunt\u00f3 a Vidal y a Macri","author":"GB","date":"21\/12\/2018","format":false,"excerpt":"El peronismo provincial dijo que el intendente de Merlo es \"perseguido por la Justicia de forma cobarde\" y acus\u00f3 a Cambiemos de promover el fallo. Tambi\u00e9n le reclam\u00f3 a la Gobernadora que \"no distraiga m\u00e1s a la sociedad\" y que se dedique a \"gobernar para la inmensa mayor\u00eda de los\u2026","rel":"","context":"En \u00abLocales\u00bb","block_context":{"text":"Locales","link":"http:\/\/www.24baires.com\/?cat=38"},"img":{"alt_text":"","src":"https:\/\/i0.wp.com\/www.24baires.com\/wp-content\/uploads\/2018\/12\/pj-bo.jpg?resize=350%2C200","width":350,"height":200,"srcset":"https:\/\/i0.wp.com\/www.24baires.com\/wp-content\/uploads\/2018\/12\/pj-bo.jpg?resize=350%2C200 1x, https:\/\/i0.wp.com\/www.24baires.com\/wp-content\/uploads\/2018\/12\/pj-bo.jpg?resize=525%2C300 1.5x"},"classes":[]},{"id":107636,"url":"http:\/\/www.24baires.com\/?p=107636","url_meta":{"origin":71689,"position":2},"title":"Macri y Vidal modificaron la ley electoral para evitar una jugada del peronismo","author":"GB","date":"12\/04\/2019","format":false,"excerpt":"El jefe de Estado decidi\u00f3 eliminar la posibilidad de que un mismo candidato a gobernador se cuelgue de varios candidatos a presidente. Enojo en el PJ porque se cambian las reglas de juego sobre la marcha y porque Gerardo Morales lo hab\u00eda hecho en Jujuy en 2015 Para evitar un\u2026","rel":"","context":"En \u00abPol\u00edtica\u00bb","block_context":{"text":"Pol\u00edtica","link":"http:\/\/www.24baires.com\/?cat=51"},"img":{"alt_text":"","src":"https:\/\/i0.wp.com\/www.24baires.com\/wp-content\/uploads\/2017\/02\/casa-rosada.jpg?resize=350%2C200","width":350,"height":200,"srcset":"https:\/\/i0.wp.com\/www.24baires.com\/wp-content\/uploads\/2017\/02\/casa-rosada.jpg?resize=350%2C200 1x, https:\/\/i0.wp.com\/www.24baires.com\/wp-content\/uploads\/2017\/02\/casa-rosada.jpg?resize=525%2C300 1.5x"},"classes":[]},{"id":121757,"url":"http:\/\/www.24baires.com\/?p=121757","url_meta":{"origin":71689,"position":3},"title":"\u00abLa l\u00f3gica de sometido o traidor caus\u00f3 malos resultados\u00bb","author":"GB","date":"21\/10\/2024","format":false,"excerpt":"Axel Kicillof respondi\u00f3 a los \"ataques\" del kirchnerismo con una extensa carta en la que defiende su prescindencia en la interna. Duro reproche a CFK. El gobernador Axel Kicillof sali\u00f3 a responder los ataques del kirchnerismo y a ratificar su pedido de unidad frente a la interna del PJ Nacional,\u2026","rel":"","context":"En \u00abProvincia\u00bb","block_context":{"text":"Provincia","link":"http:\/\/www.24baires.com\/?cat=40"},"img":{"alt_text":"","src":"https:\/\/i0.wp.com\/www.24baires.com\/wp-content\/uploads\/2022\/07\/kicillof.jpg?resize=350%2C200","width":350,"height":200,"srcset":"https:\/\/i0.wp.com\/www.24baires.com\/wp-content\/uploads\/2022\/07\/kicillof.jpg?resize=350%2C200 1x, https:\/\/i0.wp.com\/www.24baires.com\/wp-content\/uploads\/2022\/07\/kicillof.jpg?resize=525%2C300 1.5x, https:\/\/i0.wp.com\/www.24baires.com\/wp-content\/uploads\/2022\/07\/kicillof.jpg?resize=700%2C400 2x"},"classes":[]},{"id":108530,"url":"http:\/\/www.24baires.com\/?p=108530","url_meta":{"origin":71689,"position":4},"title":"Gioja: la unidad del peronismo, la relaci\u00f3n con Massa y la elecci\u00f3n en San Juan","author":"AF","date":"01\/06\/2019","format":false,"excerpt":"El diputado y presidente del PJ destac\u00f3 el renovado v\u00ednculo entre el partido Justicialista y Unidad Ciudadana, respald\u00f3 la f\u00f3rmula Kicillof-Magario y advirti\u00f3 que quienes dividan a la oposici\u00f3n son funcionales al macrismo. Desde San Juan El tres veces gobernador de San Juan, diputado nacional por esa provincia y presidente\u2026","rel":"","context":"En \u00abPol\u00edtica\u00bb","block_context":{"text":"Pol\u00edtica","link":"http:\/\/www.24baires.com\/?cat=51"},"img":{"alt_text":"","src":"https:\/\/i0.wp.com\/www.24baires.com\/wp-content\/uploads\/2013\/10\/gioja.jpg?resize=350%2C200","width":350,"height":200,"srcset":"https:\/\/i0.wp.com\/www.24baires.com\/wp-content\/uploads\/2013\/10\/gioja.jpg?resize=350%2C200 1x, https:\/\/i0.wp.com\/www.24baires.com\/wp-content\/uploads\/2013\/10\/gioja.jpg?resize=525%2C300 1.5x"},"classes":[]},{"id":107651,"url":"http:\/\/www.24baires.com\/?p=107651","url_meta":{"origin":71689,"position":5},"title":"El peronismo se re\u00fane en Avellaneda","author":"AF","date":"13\/04\/2019","format":false,"excerpt":"Con la excusa de la inauguraci\u00f3n de una pileta ol\u00edmpica climatizada, el peronismo bonaerense busca cerrar filas en Avellaneda. El encuentro partidario se dio horas despu\u00e9s del decreto de Mauricio Macri que no permite las listas colectoras en las pr\u00f3ximas elecciones; y sirve, adem\u00e1s, para mostrar juntos a los dirigentes\u2026","rel":"","context":"En \u00abPol\u00edtica\u00bb","block_context":{"text":"Pol\u00edtica","link":"http:\/\/www.24baires.com\/?cat=51"},"img":{"alt_text":"","src":"https:\/\/i0.wp.com\/www.24baires.com\/wp-content\/uploads\/2019\/04\/peronismo.jpeg?resize=350%2C200","width":350,"height":200,"srcset":"https:\/\/i0.wp.com\/www.24baires.com\/wp-content\/uploads\/2019\/04\/peronismo.jpeg?resize=350%2C200 1x, https:\/\/i0.wp.com\/www.24baires.com\/wp-content\/uploads\/2019\/04\/peronismo.jpeg?resize=525%2C300 1.5x"},"classes":[]}],"jetpack_sharing_enabled":true,"jetpack_likes_enabled":true,"jetpack_featured_media_url":"","_links":{"self":[{"href":"http:\/\/www.24baires.com\/index.php?rest_route=\/wp\/v2\/posts\/71689","targetHints":{"allow":["GET"]}}],"collection":[{"href":"http:\/\/www.24baires.com\/index.php?rest_route=\/wp\/v2\/posts"}],"about":[{"href":"http:\/\/www.24baires.com\/index.php?rest_route=\/wp\/v2\/types\/post"}],"author":[{"embeddable":true,"href":"http:\/\/www.24baires.com\/index.php?rest_route=\/wp\/v2\/users\/4"}],"replies":[{"embeddable":true,"href":"http:\/\/www.24baires.com\/index.php?rest_route=%2Fwp%2Fv2%2Fcomments&post=71689"}],"version-history":[{"count":1,"href":"http:\/\/www.24baires.com\/index.php?rest_route=\/wp\/v2\/posts\/71689\/revisions"}],"predecessor-version":[{"id":71690,"href":"http:\/\/www.24baires.com\/index.php?rest_route=\/wp\/v2\/posts\/71689\/revisions\/71690"}],"wp:attachment":[{"href":"http:\/\/www.24baires.com\/index.php?rest_route=%2Fwp%2Fv2%2Fmedia&parent=71689"}],"wp:term":[{"taxonomy":"category","embeddable":true,"href":"http:\/\/www.24baires.com\/index.php?rest_route=%2Fwp%2Fv2%2Fcategories&post=71689"},{"taxonomy":"post_tag","embeddable":true,"href":"http:\/\/www.24baires.com\/index.php?rest_route=%2Fwp%2Fv2%2Ftags&post=71689"}],"curies":[{"name":"wp","href":"https:\/\/api.w.org\/{rel}","templated":true}]}}