{"id":71685,"date":"2015-09-05T13:00:46","date_gmt":"2015-09-05T16:00:46","guid":{"rendered":"http:\/\/www.24baires.com\/?p=71685"},"modified":"2015-09-05T13:05:21","modified_gmt":"2015-09-05T16:05:21","slug":"zannini-con-scioli-sacamos-ventaja-porque-somos-una-maquina-de-buenas-ideas","status":"publish","type":"post","link":"http:\/\/www.24baires.com\/?p=71685","title":{"rendered":"Zannini: con Scioli \u00absacamos ventaja porque somos una m\u00e1quina de buenas ideas\u00bb"},"content":{"rendered":"<p><img data-recalc-dims=\"1\" loading=\"lazy\" decoding=\"async\" class=\"aligncenter size-full wp-image-69500\" src=\"https:\/\/i0.wp.com\/www.24baires.com\/wp-content\/uploads\/2015\/07\/scioli-zannini1.jpg?resize=560%2C314\" alt=\"scioli zannini\" width=\"560\" height=\"314\" srcset=\"https:\/\/i0.wp.com\/www.24baires.com\/wp-content\/uploads\/2015\/07\/scioli-zannini1.jpg?w=560 560w, https:\/\/i0.wp.com\/www.24baires.com\/wp-content\/uploads\/2015\/07\/scioli-zannini1.jpg?resize=300%2C168 300w\" sizes=\"auto, (max-width: 560px) 100vw, 560px\" \/>El compa\u00f1ero de f\u00f3rmula presidencial de Daniel Scioli (FpV), Carlos Zannini, dijo adem\u00e1s que la propuesta electoral se basa en \u00abinterpretar a la sociedad y generar igualdad, con una Argentina industrializada y un mercado fuerte y mejor para todos\u00bb.<!--more--><\/p>\n<p>En el di\u00e1logo que mantuvo con T\u00e9lam en el encuentro del PJ Bonaerense que se desarrolla en el Hotel NH Provincial de Mar del Plata, Zannini sostuvo que la propuesta electoral se basa en \u00abinterpretar a la sociedad y generar igualdad, con una argentina industrializada y un mercado fuerte, y mejor para todos\u00bb.<\/p>\n<p>\u00abNosotros no damos un paso atr\u00e1s sino un paso adelante, ya que desde el 2003 construimos una Patria y vamos a seguir construy\u00e9ndola\u00bb, sintetiz\u00f3.<\/p>\n<p>Zannini agreg\u00f3 que junto a Scioli son \u00abun complemento porque representan la diversidad dentro de un mismo proyecto: El trabaja de una manera y yo de otra y juntos podemos seguir haciendo cosas por la Argentina\u00bb, expres\u00f3.<\/p>\n<p>Minutos m\u00e1s tarde, en una entrevista realizada a Radio Nacional, el candidato a vicepresidente record\u00f3 \u00abel desprestigio con que busca la oposici\u00f3n deslegitimar las elecciones\u00bb, lo que consider\u00f3 \u00abmuy grave para la democracia\u00bb.<\/p>\n<p>\u00abLa Argentina no tiene necesidad de tener dramatismo en las elecciones, ha pasado 32 a\u00f1os con elecciones como jornadas democr\u00e1ticas y el poder est\u00e1 en la voluntad popular, las elecciones no las hacen s\u00f3lo los partidos pol\u00edticos sino tambi\u00e9n los que van a votar\u00bb, destac\u00f3.<\/p>\n<p>\u00abCuando se gana, se festeja y cuando se pierde, se reconoce\u00bb, puntualiz\u00f3 Zannini en referencia a los comicios en la provincia de Tucum\u00e1n.<\/p>\n<p>Asimismo, manifest\u00f3 que \u00abesta reuni\u00f3n -la del PJ- es un ejemplo de c\u00f3mo el peronismo es la organizaci\u00f3n m\u00e1s democr\u00e1tica de la Argentina mientras que la UCR est\u00e1 en proceso de liquidaci\u00f3n y haciendo seguidismo del neoliberalismo\u00bb.<\/p>\n","protected":false},"excerpt":{"rendered":"<p>El compa\u00f1ero de f\u00f3rmula presidencial de Daniel Scioli (FpV), Carlos Zannini, dijo adem\u00e1s que la propuesta electoral se basa en \u00abinterpretar a la sociedad y generar igualdad, con una Argentina industrializada y un mercado fuerte y mejor para todos\u00bb.<\/p>\n","protected":false},"author":4,"featured_media":0,"comment_status":"open","ping_status":"open","sticky":false,"template":"","format":"standard","meta":{"_jetpack_newsletter_access":"","_jetpack_dont_email_post_to_subs":false,"_jetpack_newsletter_tier_id":0,"_jetpack_memberships_contains_paywalled_content":false,"_jetpack_memberships_contains_paid_content":false,"footnotes":""},"categories":[51],"tags":[],"class_list":["post-71685","post","type-post","status-publish","format-standard","hentry","category-politica"],"jetpack_shortlink":"https:\/\/wp.me\/p2JWE0-iEd","jetpack-related-posts":[{"id":69662,"url":"http:\/\/www.24baires.com\/?p=69662","url_meta":{"origin":71685,"position":0},"title":"Scioli destac\u00f3 la \u00abagenda de integraci\u00f3n\u00bb del Frente para la Victoria","author":"AF","date":"28\/07\/2015","format":false,"excerpt":"El candidato a presidente por el Frente para la Victoria, Daniel Scioli, junto al candidato a vicepresidente, Carlos Zannini, encabez\u00f3 el acto de cierre del encuentro regional de candidatos al Parlasur. El candidato presidencial del Frente para la Victoria, Daniel Scioli, cerr\u00f3 en la capital provincial el encuentro de Parlamentarios\u2026","rel":"","context":"En \u00abPol\u00edtica\u00bb","block_context":{"text":"Pol\u00edtica","link":"http:\/\/www.24baires.com\/?cat=51"},"img":{"alt_text":"","src":"https:\/\/i0.wp.com\/www.24baires.com\/wp-content\/uploads\/2015\/07\/scioli-en-mendoza.jpg?resize=350%2C200","width":350,"height":200,"srcset":"https:\/\/i0.wp.com\/www.24baires.com\/wp-content\/uploads\/2015\/07\/scioli-en-mendoza.jpg?resize=350%2C200 1x, https:\/\/i0.wp.com\/www.24baires.com\/wp-content\/uploads\/2015\/07\/scioli-en-mendoza.jpg?resize=525%2C300 1.5x"},"classes":[]},{"id":100474,"url":"http:\/\/www.24baires.com\/?p=100474","url_meta":{"origin":71685,"position":1},"title":"Referentes de la cultura piden por la libertad de Carlos Zannini","author":"AF","date":"10\/02\/2018","format":false,"excerpt":"\u201cNo existe en la Argentina ninguna otra persona que por una acusaci\u00f3n semejante no est\u00e9 por lo menos excarcelada\u201d denuncian en un spot reconocidos artistas y referentes sociales. En el video que explican la situaci\u00f3n procesal del ex secretario de Legal y T\u00e9cnica de la Naci\u00f3n, quien se encuentra privado\u2026","rel":"","context":"En \u00abPol\u00edtica\u00bb","block_context":{"text":"Pol\u00edtica","link":"http:\/\/www.24baires.com\/?cat=51"},"img":{"alt_text":"","src":"https:\/\/i0.wp.com\/www.24baires.com\/wp-content\/uploads\/2015\/08\/zanini2.jpg?resize=350%2C200","width":350,"height":200,"srcset":"https:\/\/i0.wp.com\/www.24baires.com\/wp-content\/uploads\/2015\/08\/zanini2.jpg?resize=350%2C200 1x, https:\/\/i0.wp.com\/www.24baires.com\/wp-content\/uploads\/2015\/08\/zanini2.jpg?resize=525%2C300 1.5x"},"classes":[]},{"id":72446,"url":"http:\/\/www.24baires.com\/?p=72446","url_meta":{"origin":71685,"position":2},"title":"\u201cMacri quiere volver a implementar viejas recetas terror\u00edficas\u00bb","author":"GB","date":"21\/09\/2015","format":false,"excerpt":"Lo afirm\u00f3 el secretario Legal y T\u00e9cnico de la Presidencia y candidato a vicepresidente del FpV, Carlos Zannini. \"Una superdevaluaci\u00f3n ser\u00eda negativa, no s\u00f3lo para los que trabajan, sino tambi\u00e9n para los supuestos beneficiarios de la medida. No van a poder ganar mercado con eso\", dijo Zannini, quien volvi\u00f3 a\u2026","rel":"","context":"En \u00abPol\u00edtica\u00bb","block_context":{"text":"Pol\u00edtica","link":"http:\/\/www.24baires.com\/?cat=51"},"img":{"alt_text":"zanini2","src":"https:\/\/i0.wp.com\/www.24baires.com\/wp-content\/uploads\/2015\/08\/zanini2.jpg?resize=350%2C200","width":350,"height":200,"srcset":"https:\/\/i0.wp.com\/www.24baires.com\/wp-content\/uploads\/2015\/08\/zanini2.jpg?resize=350%2C200 1x, https:\/\/i0.wp.com\/www.24baires.com\/wp-content\/uploads\/2015\/08\/zanini2.jpg?resize=525%2C300 1.5x"},"classes":[]},{"id":70751,"url":"http:\/\/www.24baires.com\/?p=70751","url_meta":{"origin":71685,"position":3},"title":"Scioli inst\u00f3 a la polic\u00eda a \u00abhacer lo mejor posible su trabajo\u00bb","author":"AF","date":"18\/08\/2015","format":false,"excerpt":"El candidato presidencial del Frente para la Victoria, Daniel Scioli, inst\u00f3 a una nueva camada de polic\u00edas egresados a \"hacer lo mejor posible su trabajo para cumplir con las expectativas de la sociedad\", al encabezar un acto en Malvinas Argentinas junto a su compa\u00f1ero de f\u00f3rmula, Carlos Zannini, y el\u2026","rel":"","context":"En \u00abPol\u00edtica\u00bb","block_context":{"text":"Pol\u00edtica","link":"http:\/\/www.24baires.com\/?cat=51"},"img":{"alt_text":"scioli cierre campa\u00f1a","src":"https:\/\/i0.wp.com\/www.24baires.com\/wp-content\/uploads\/2015\/08\/scioli-cierre-campa%C3%B1a.jpg?resize=350%2C200","width":350,"height":200,"srcset":"https:\/\/i0.wp.com\/www.24baires.com\/wp-content\/uploads\/2015\/08\/scioli-cierre-campa%C3%B1a.jpg?resize=350%2C200 1x, https:\/\/i0.wp.com\/www.24baires.com\/wp-content\/uploads\/2015\/08\/scioli-cierre-campa%C3%B1a.jpg?resize=525%2C300 1.5x"},"classes":[]},{"id":71802,"url":"http:\/\/www.24baires.com\/?p=71802","url_meta":{"origin":71685,"position":4},"title":"Zannini dijo que los fondos buitre \u00abson el nuevo FMI\u00bb","author":"AF","date":"08\/09\/2015","format":false,"excerpt":"El candidato a vicepresidente por el Frente para la Victoria advirti\u00f3 adem\u00e1s que existe un \"ruido medi\u00e1tico que busca destruir todo lo que se ha construido\" desde el 2003 a la fecha. El candidato a vicepresidente por el Frente para la Victoria, Carlos Zannini, calific\u00f3 hoy a los fondos buitre\u2026","rel":"","context":"En \u00abEconom\u00eda\u00bb","block_context":{"text":"Econom\u00eda","link":"http:\/\/www.24baires.com\/?cat=45"},"img":{"alt_text":"zannini senado","src":"https:\/\/i0.wp.com\/www.24baires.com\/wp-content\/uploads\/2015\/02\/zannini-senado.jpg?resize=350%2C200","width":350,"height":200,"srcset":"https:\/\/i0.wp.com\/www.24baires.com\/wp-content\/uploads\/2015\/02\/zannini-senado.jpg?resize=350%2C200 1x, https:\/\/i0.wp.com\/www.24baires.com\/wp-content\/uploads\/2015\/02\/zannini-senado.jpg?resize=525%2C300 1.5x"},"classes":[]},{"id":68509,"url":"http:\/\/www.24baires.com\/?p=68509","url_meta":{"origin":71685,"position":5},"title":"\u00abEl kirchnerismo es una experiencia que nos cambi\u00f3 a todos los argentinos\u00bb","author":"GB","date":"02\/07\/2015","format":false,"excerpt":"El precandidato a vicegobernador de la provincia de Buenos Aires por el FpV explic\u00f3 que en las caracter\u00edsticas del espacio est\u00e1n las respuestas a c\u00f3mo super\u00f3 las diferencias que a\u00fan mantiene con algunos dirigentes del Partido Justicialista. En su despacho en la sede de la Autoridad Federal de Servicios de\u2026","rel":"","context":"En \u00abPol\u00edtica\u00bb","block_context":{"text":"Pol\u00edtica","link":"http:\/\/www.24baires.com\/?cat=51"},"img":{"alt_text":"sabbatella mendoza","src":"https:\/\/i0.wp.com\/www.24baires.com\/wp-content\/uploads\/2012\/11\/sabbatella-mendoza.jpg?resize=350%2C200","width":350,"height":200,"srcset":"https:\/\/i0.wp.com\/www.24baires.com\/wp-content\/uploads\/2012\/11\/sabbatella-mendoza.jpg?resize=350%2C200 1x, https:\/\/i0.wp.com\/www.24baires.com\/wp-content\/uploads\/2012\/11\/sabbatella-mendoza.jpg?resize=525%2C300 1.5x"},"classes":[]}],"jetpack_sharing_enabled":true,"jetpack_likes_enabled":true,"jetpack_featured_media_url":"","_links":{"self":[{"href":"http:\/\/www.24baires.com\/index.php?rest_route=\/wp\/v2\/posts\/71685","targetHints":{"allow":["GET"]}}],"collection":[{"href":"http:\/\/www.24baires.com\/index.php?rest_route=\/wp\/v2\/posts"}],"about":[{"href":"http:\/\/www.24baires.com\/index.php?rest_route=\/wp\/v2\/types\/post"}],"author":[{"embeddable":true,"href":"http:\/\/www.24baires.com\/index.php?rest_route=\/wp\/v2\/users\/4"}],"replies":[{"embeddable":true,"href":"http:\/\/www.24baires.com\/index.php?rest_route=%2Fwp%2Fv2%2Fcomments&post=71685"}],"version-history":[{"count":2,"href":"http:\/\/www.24baires.com\/index.php?rest_route=\/wp\/v2\/posts\/71685\/revisions"}],"predecessor-version":[{"id":71688,"href":"http:\/\/www.24baires.com\/index.php?rest_route=\/wp\/v2\/posts\/71685\/revisions\/71688"}],"wp:attachment":[{"href":"http:\/\/www.24baires.com\/index.php?rest_route=%2Fwp%2Fv2%2Fmedia&parent=71685"}],"wp:term":[{"taxonomy":"category","embeddable":true,"href":"http:\/\/www.24baires.com\/index.php?rest_route=%2Fwp%2Fv2%2Fcategories&post=71685"},{"taxonomy":"post_tag","embeddable":true,"href":"http:\/\/www.24baires.com\/index.php?rest_route=%2Fwp%2Fv2%2Ftags&post=71685"}],"curies":[{"name":"wp","href":"https:\/\/api.w.org\/{rel}","templated":true}]}}