{"id":71682,"date":"2015-09-05T11:00:29","date_gmt":"2015-09-05T14:00:29","guid":{"rendered":"http:\/\/www.24baires.com\/?p=71682"},"modified":"2015-09-05T11:06:05","modified_gmt":"2015-09-05T14:06:05","slug":"la-defensa-de-niembro-destapa-una-olla-que-genera-mas-sospechas","status":"publish","type":"post","link":"http:\/\/www.24baires.com\/?p=71682","title":{"rendered":"\u00abLa defensa de Niembro destapa una olla que genera m\u00e1s sospechas\u00bb"},"content":{"rendered":"<p><img data-recalc-dims=\"1\" loading=\"lazy\" decoding=\"async\" class=\"aligncenter size-full wp-image-71593\" src=\"https:\/\/i0.wp.com\/www.24baires.com\/wp-content\/uploads\/2015\/09\/macri-niembro.jpg?resize=560%2C317\" alt=\"macri niembro\" width=\"560\" height=\"317\" srcset=\"https:\/\/i0.wp.com\/www.24baires.com\/wp-content\/uploads\/2015\/09\/macri-niembro.jpg?w=560 560w, https:\/\/i0.wp.com\/www.24baires.com\/wp-content\/uploads\/2015\/09\/macri-niembro.jpg?resize=300%2C170 300w\" sizes=\"auto, (max-width: 560px) 100vw, 560px\" \/>La legisladora del Frente para la Victoria (FpV), Gabriela Alegre, evalu\u00f3 hoy que la \u00abdefensa\u00bb del comentarista deportivo, referida a sus contratos con la Ciudad de Buenos Aires, \u00abno alcanza\u00bb y que lo conocido hasta el momento \u00abest\u00e1 destapando una olla que genera m\u00e1s sospechas\u00bb.<!--more--><\/p>\n<p>Alegre se refiri\u00f3, as\u00ed, a las 170 contrataciones que realiz\u00f3 la empresa fundada por el periodista, &#8216;La Usina Producciones&#8217;, con el gobierno porte\u00f1o entre 2012 y 2015, sobre los que los legisladores de la Ciudad presentaron un pedido de informes al tiempo que un abogado particular oficializ\u00f3 una denuncia en la Justicia.<\/p>\n<p>\u00ab&#8216;Hay alguna defensa que hace Niembro de s\u00ed mismo, pero tampoco alcanza\u00bb, manifest\u00f3 la legislador en di\u00e1logo con radio Diez.<\/p>\n<p>Alegre relat\u00f3 que la investigaci\u00f3n, que surgi\u00f3 como una denuncia period\u00edstica del diario Tiempo Argentino, deriv\u00f3 en que se observaron hechos concretos como la falta de publicaci\u00f3n oficial de los contratos y la modalidad de los mismos.<\/p>\n<p>\u00abLuego de la creaci\u00f3n de la productora, poquito tiempo despu\u00e9s, comienza a tener contratos por montos muy elevados. Habr\u00eda facturado 13 millones de pesos con el Gobierno de la Ciudad, y luego, se observa que NIembro cede esa empresa por 20.000 pesos\u00bb, argument\u00f3.<\/p>\n<p>Asimismo record\u00f3 que el periodista -actual candidato a diputado por el PRO- \u00absiempre ha promovido a Mauricio Macri, por lo que esto est\u00e1 destapando una olla que genera m\u00e1s sospechas\u00bb y hasta el momento \u00abno hubo ninguna respuesta de nadie\u00bb sobre el pedido de informes que se niega a tratar el macrismo en la Legislatura.<\/p>\n<p>No obstante, para Alegre, \u00abMacri deber\u00eda responder ante la denuncia\u00bb, concluy\u00f3.<\/p>\n","protected":false},"excerpt":{"rendered":"<p>La legisladora del Frente para la Victoria (FpV), Gabriela Alegre, evalu\u00f3 hoy que la \u00abdefensa\u00bb del comentarista deportivo, referida a sus contratos con la Ciudad de Buenos Aires, \u00abno alcanza\u00bb y que lo conocido hasta el momento \u00abest\u00e1 destapando una olla que genera m\u00e1s sospechas\u00bb.<\/p>\n","protected":false},"author":4,"featured_media":0,"comment_status":"open","ping_status":"open","sticky":false,"template":"","format":"standard","meta":{"_jetpack_newsletter_access":"","_jetpack_dont_email_post_to_subs":false,"_jetpack_newsletter_tier_id":0,"_jetpack_memberships_contains_paywalled_content":false,"_jetpack_memberships_contains_paid_content":false,"footnotes":""},"categories":[51],"tags":[],"class_list":["post-71682","post","type-post","status-publish","format-standard","hentry","category-politica"],"jetpack_shortlink":"https:\/\/wp.me\/p2JWE0-iEa","jetpack-related-posts":[{"id":93521,"url":"http:\/\/www.24baires.com\/?p=93521","url_meta":{"origin":71682,"position":0},"title":"Despu\u00e9s del esc\u00e1ndalo de corrupci\u00f3n, Niembro vuelve a la pol\u00edtica de la mano del PRO","author":"AF","date":"02\/04\/2017","format":false,"excerpt":"El periodista y denunciado contratista del PRO regresa a la arena pol\u00edtica para asesorar a Cambiemos con miras a las elecciones legislativas. A m\u00e1s de un a\u00f1o de su salida por la puerta trasera luego de un sonoro caso de corrupci\u00f3n, el periodista deportivo Fernando Niembro vuelve a la pol\u00edtica\u2026","rel":"","context":"En \u00abPol\u00edtica\u00bb","block_context":{"text":"Pol\u00edtica","link":"http:\/\/www.24baires.com\/?cat=51"},"img":{"alt_text":"","src":"https:\/\/i0.wp.com\/www.24baires.com\/wp-content\/uploads\/2015\/09\/niembro.jpg?resize=350%2C200","width":350,"height":200,"srcset":"https:\/\/i0.wp.com\/www.24baires.com\/wp-content\/uploads\/2015\/09\/niembro.jpg?resize=350%2C200 1x, https:\/\/i0.wp.com\/www.24baires.com\/wp-content\/uploads\/2015\/09\/niembro.jpg?resize=525%2C300 1.5x"},"classes":[]},{"id":71795,"url":"http:\/\/www.24baires.com\/?p=71795","url_meta":{"origin":71682,"position":1},"title":"Piden que Niembro baje su candidatura por el esc\u00e1ndalo de La Usina","author":"AF","date":"08\/09\/2015","format":false,"excerpt":"El legislador bonaerense, del FpV, Guido Lorenzino, consider\u00f3 que \"lo m\u00e1s digno ser\u00eda\" que el periodista y candidato a diputado nacional de la provincia de Buenos Aires por Cambiemos desista de su postulaci\u00f3n. As\u00ed se manifest\u00f3 Lorenzino en declaraciones a FM Delta, tras calificar dichos contratos como un \"esc\u00e1ndalo\", luego\u2026","rel":"","context":"En \u00abElecciones 2015\u00bb","block_context":{"text":"Elecciones 2015","link":"http:\/\/www.24baires.com\/?cat=74"},"img":{"alt_text":"","src":"https:\/\/i0.wp.com\/www.24baires.com\/wp-content\/uploads\/2015\/09\/niembro.jpg?resize=350%2C200","width":350,"height":200,"srcset":"https:\/\/i0.wp.com\/www.24baires.com\/wp-content\/uploads\/2015\/09\/niembro.jpg?resize=350%2C200 1x, https:\/\/i0.wp.com\/www.24baires.com\/wp-content\/uploads\/2015\/09\/niembro.jpg?resize=525%2C300 1.5x"},"classes":[]},{"id":95304,"url":"http:\/\/www.24baires.com\/?p=95304","url_meta":{"origin":71682,"position":2},"title":"Apelaron el sobreseimiento de Niembro","author":"GB","date":"19\/06\/2017","format":false,"excerpt":"A una semana de la coincidencia entre su retorno a la radio y la decisi\u00f3n judicial de dejarlo libre de culpa y cargo por las irregularidades en los millonarios contratos entre su productora y el gobierno porte\u00f1o, el fiscal de instrucci\u00f3n recurri\u00f3 la absoluci\u00f3n al considerarla \"prematura\" y basada s\u00f3lo\u2026","rel":"","context":"En \u00abPol\u00edtica\u00bb","block_context":{"text":"Pol\u00edtica","link":"http:\/\/www.24baires.com\/?cat=51"},"img":{"alt_text":"","src":"https:\/\/i0.wp.com\/www.24baires.com\/wp-content\/uploads\/2015\/09\/macri-niembro.jpg?resize=350%2C200","width":350,"height":200,"srcset":"https:\/\/i0.wp.com\/www.24baires.com\/wp-content\/uploads\/2015\/09\/macri-niembro.jpg?resize=350%2C200 1x, https:\/\/i0.wp.com\/www.24baires.com\/wp-content\/uploads\/2015\/09\/macri-niembro.jpg?resize=525%2C300 1.5x"},"classes":[]},{"id":71566,"url":"http:\/\/www.24baires.com\/?p=71566","url_meta":{"origin":71682,"position":3},"title":"\u00abNo satisfacen las explicaciones del gobierno porte\u00f1o sobre los contratos a Niembro\u00bb","author":"AF","date":"03\/09\/2015","format":false,"excerpt":"El jefe de Gabinete y candidato a gobernador bonaerense, An\u00edbal Fern\u00e1ndez, sostuvo que las autoridades del gobierno porte\u00f1o le recuerdan a Atahualpa Yupanqui, cuando dijo que \"'no aclaren que oscurece', y en \u00e9ste caso tratan de aclarar\", al referirse a la denuncia presentada contra el candidato a diputado de Cambiemos,\u2026","rel":"","context":"En \u00abPol\u00edtica\u00bb","block_context":{"text":"Pol\u00edtica","link":"http:\/\/www.24baires.com\/?cat=51"},"img":{"alt_text":"anibal","src":"https:\/\/i0.wp.com\/www.24baires.com\/wp-content\/uploads\/2015\/01\/anibal.jpg?resize=350%2C200","width":350,"height":200,"srcset":"https:\/\/i0.wp.com\/www.24baires.com\/wp-content\/uploads\/2015\/01\/anibal.jpg?resize=350%2C200 1x, https:\/\/i0.wp.com\/www.24baires.com\/wp-content\/uploads\/2015\/01\/anibal.jpg?resize=525%2C300 1.5x"},"classes":[]},{"id":71713,"url":"http:\/\/www.24baires.com\/?p=71713","url_meta":{"origin":71682,"position":4},"title":"Banco Ciudad y el gobierno porte\u00f1o, \u00fanicos clientes de La Usina Producciones","author":"GB","date":"06\/09\/2015","format":false,"excerpt":"La empresa vinculada al candidato a diputado del Pro Fernando Niembro le factur\u00f3 $21 millones al gobierno porte\u00f1o con procedimientos irregulares y firm\u00f3 un contrato con el banco para difundir publicidad. Hoy se conocieron m\u00e1s datos sobre los movimientos contractuales y facturaci\u00f3n de \"La Usina Producciones\", la empresa cuya titularidad\u2026","rel":"","context":"En \u00abPol\u00edtica\u00bb","block_context":{"text":"Pol\u00edtica","link":"http:\/\/www.24baires.com\/?cat=51"},"img":{"alt_text":"macri niembro","src":"https:\/\/i0.wp.com\/www.24baires.com\/wp-content\/uploads\/2015\/09\/macri-niembro.jpg?resize=350%2C200","width":350,"height":200,"srcset":"https:\/\/i0.wp.com\/www.24baires.com\/wp-content\/uploads\/2015\/09\/macri-niembro.jpg?resize=350%2C200 1x, https:\/\/i0.wp.com\/www.24baires.com\/wp-content\/uploads\/2015\/09\/macri-niembro.jpg?resize=525%2C300 1.5x"},"classes":[]},{"id":71842,"url":"http:\/\/www.24baires.com\/?p=71842","url_meta":{"origin":71682,"position":5},"title":"Niembro decidi\u00f3 no renunciar a su candidatura","author":"GB","date":"08\/09\/2015","format":false,"excerpt":"El periodista deportivo y candidato a diputado del PRO en Provincia, Fernando Niembro, consider\u00f3 a Radio 10 que la denuncia por supuestas contrataciones irregulares forma parte de una \"campa\u00f1a sucia\" que se hace contra \u00e9l y recalc\u00f3 que no va a renunciar a su candidatura. \"No tengo nada que ocultar\",\u2026","rel":"","context":"En \u00abElecciones 2015\u00bb","block_context":{"text":"Elecciones 2015","link":"http:\/\/www.24baires.com\/?cat=74"},"img":{"alt_text":"niembro","src":"https:\/\/i0.wp.com\/www.24baires.com\/wp-content\/uploads\/2015\/09\/niembro.jpg?resize=350%2C200","width":350,"height":200,"srcset":"https:\/\/i0.wp.com\/www.24baires.com\/wp-content\/uploads\/2015\/09\/niembro.jpg?resize=350%2C200 1x, https:\/\/i0.wp.com\/www.24baires.com\/wp-content\/uploads\/2015\/09\/niembro.jpg?resize=525%2C300 1.5x"},"classes":[]}],"jetpack_sharing_enabled":true,"jetpack_likes_enabled":true,"jetpack_featured_media_url":"","_links":{"self":[{"href":"http:\/\/www.24baires.com\/index.php?rest_route=\/wp\/v2\/posts\/71682","targetHints":{"allow":["GET"]}}],"collection":[{"href":"http:\/\/www.24baires.com\/index.php?rest_route=\/wp\/v2\/posts"}],"about":[{"href":"http:\/\/www.24baires.com\/index.php?rest_route=\/wp\/v2\/types\/post"}],"author":[{"embeddable":true,"href":"http:\/\/www.24baires.com\/index.php?rest_route=\/wp\/v2\/users\/4"}],"replies":[{"embeddable":true,"href":"http:\/\/www.24baires.com\/index.php?rest_route=%2Fwp%2Fv2%2Fcomments&post=71682"}],"version-history":[{"count":1,"href":"http:\/\/www.24baires.com\/index.php?rest_route=\/wp\/v2\/posts\/71682\/revisions"}],"predecessor-version":[{"id":71683,"href":"http:\/\/www.24baires.com\/index.php?rest_route=\/wp\/v2\/posts\/71682\/revisions\/71683"}],"wp:attachment":[{"href":"http:\/\/www.24baires.com\/index.php?rest_route=%2Fwp%2Fv2%2Fmedia&parent=71682"}],"wp:term":[{"taxonomy":"category","embeddable":true,"href":"http:\/\/www.24baires.com\/index.php?rest_route=%2Fwp%2Fv2%2Fcategories&post=71682"},{"taxonomy":"post_tag","embeddable":true,"href":"http:\/\/www.24baires.com\/index.php?rest_route=%2Fwp%2Fv2%2Ftags&post=71682"}],"curies":[{"name":"wp","href":"https:\/\/api.w.org\/{rel}","templated":true}]}}