{"id":71672,"date":"2015-09-04T21:30:53","date_gmt":"2015-09-05T00:30:53","guid":{"rendered":"http:\/\/www.24baires.com\/?p=71672"},"modified":"2015-09-04T20:34:08","modified_gmt":"2015-09-04T23:34:08","slug":"anses-devolvera-descuentos-de-ganancias-que-retuvo-por-error-a-jubilados","status":"publish","type":"post","link":"http:\/\/www.24baires.com\/?p=71672","title":{"rendered":"ANSES devolver\u00e1 descuentos de ganancias que retuvo por error a jubilados"},"content":{"rendered":"<p>De acuerdo a un comunicado, el organismo depositar\u00e1 lo retenido en la liquidaci\u00f3n de agosto a jubilados a los que se les detect\u00f3 una diferencia en la aplicaci\u00f3n de ese impuesto a las ganancias. A partir del lunes 7 de septiembre tendr\u00e1n depositado en sus cuentas habituales el monto. Bossio anunci\u00f3 que \u00abno va a ser necesario realizar ning\u00fan tr\u00e1mite ante la Anses\u00bb.<!--more--><\/p>\n<p>iones vigentes\u00bb.<\/p>\n<p>Adem\u00e1s se indic\u00f3 que \u00abcomo es habitual y producto de la consulta con otros organismos responsables, se considerar\u00e1 la situaci\u00f3n m\u00e1s beneficiosa para el jubilado\u00bb, y afirmaron que \u00ablas liquidaciones son realizadas de forma responsable y eficiente por \u00e1reas t\u00e9cnicas y de carrera del organismo\u00bb.<\/p>\n<p>En ese marco, el Titular de la Agencia, Diego Bossio expres\u00f3: \u00abQuiero informarles a los jubilados que tuvieron una diferencia en su liquidaci\u00f3n, que a partir del lunes (7 de septiembre) y de forma autom\u00e1tica van a tener depositada y resuelta su situaci\u00f3n, en sus cuentas bancarias\u00bb.<\/p>\n<p>Asimismo, Bossio remarc\u00f3 que dispuso que \u00abse les informe por medio de contactos telef\u00f3nicos individuales el monto depositado, para que cada jubilado pueda tener seguridad sobre su jubilaci\u00f3n\u00bb.<\/p>\n<p>La ANSES implement\u00f3 el martes \u00faltimo un sistema de consultas para que cualquier jubilado, que tenga dudas o inquietudes sobre el descuento de Ganancias, pueda formular el reclamo y en un plazo de 10 d\u00edas obtendr\u00e1 respuesta fehaciente sobre su caso.<\/p>\n<p>Dicho reclamo se puede realizar en las oficinas del organismo sin turno previo, llamando al 130, opci\u00f3n Reclamos, o bajando el formulario desde la web del organismo.<\/p>\n<p>&nbsp;<\/p>\n<p>&nbsp;<\/p>\n<p>&nbsp;<\/p>\n<p>&nbsp;<\/p>\n<p>&nbsp;<\/p>\n<p>&nbsp;<\/p>\n<p>&nbsp;<\/p>\n<p>&nbsp;<\/p>\n<p>&nbsp;<\/p>\n<p>&nbsp;<\/p>\n<p>&nbsp;<\/p>\n<p>&nbsp;<\/p>\n<p>&nbsp;<\/p>\n","protected":false},"excerpt":{"rendered":"<p>De acuerdo a un comunicado, el organismo depositar\u00e1 lo retenido en la liquidaci\u00f3n de agosto a jubilados a los que se les detect\u00f3 una diferencia en la aplicaci\u00f3n de ese impuesto a las ganancias. A partir del lunes 7 de septiembre tendr\u00e1n depositado en sus cuentas habituales el monto. Bossio anunci\u00f3 que \u00abno va a ser necesario realizar ning\u00fan tr\u00e1mite [&#8230;]<\/p>\n","protected":false},"author":8,"featured_media":0,"comment_status":"open","ping_status":"open","sticky":false,"template":"","format":"standard","meta":{"_jetpack_newsletter_access":"","_jetpack_dont_email_post_to_subs":false,"_jetpack_newsletter_tier_id":0,"_jetpack_memberships_contains_paywalled_content":false,"_jetpack_memberships_contains_paid_content":false,"footnotes":""},"categories":[51],"tags":[],"class_list":["post-71672","post","type-post","status-publish","format-standard","hentry","category-politica"],"jetpack_shortlink":"https:\/\/wp.me\/p2JWE0-iE0","jetpack-related-posts":[{"id":69466,"url":"http:\/\/www.24baires.com\/?p=69466","url_meta":{"origin":71672,"position":0},"title":"Bossio: \u00abEstamos pagando los juicios que Massa gener\u00f3 cuando estuvo en la ANSES\u00bb","author":"Grupo Sierra","date":"23\/07\/2015","format":false,"excerpt":"El actual titular de ANSES Diego Bossio se despach\u00f3 contra su antecesor y hoy opositor Sergio Massa luego que este prometiera asignar el 82 por ciento m\u00f3vil a los jubilados. El director ejecutivo de Anses, Diego Bossio, critic\u00f3 al precandidato presidencial del Frente Renovador, Sergio Massa, quien prometi\u00f3 que de\u2026","rel":"","context":"En \u00abPol\u00edtica\u00bb","block_context":{"text":"Pol\u00edtica","link":"http:\/\/www.24baires.com\/?cat=51"},"img":{"alt_text":"diego-bossio-anses","src":"https:\/\/i0.wp.com\/www.24baires.com\/wp-content\/uploads\/2014\/07\/diego-bossio-anses.jpg?resize=350%2C200","width":350,"height":200,"srcset":"https:\/\/i0.wp.com\/www.24baires.com\/wp-content\/uploads\/2014\/07\/diego-bossio-anses.jpg?resize=350%2C200 1x, https:\/\/i0.wp.com\/www.24baires.com\/wp-content\/uploads\/2014\/07\/diego-bossio-anses.jpg?resize=525%2C300 1.5x"},"classes":[]},{"id":55259,"url":"http:\/\/www.24baires.com\/?p=55259","url_meta":{"origin":71672,"position":1},"title":"\u00abHabr\u00e1 30.000 nuevos jubilados gracias a la nueva moratoria\u00bb","author":"Grupo Sierra","date":"12\/10\/2014","format":false,"excerpt":"As\u00ed lo adelant\u00f3 el director ejecutivo de la Administraci\u00f3n Nacional para la Seguridad Social (ANSES), Diego Bossio, y anticip\u00f3 que 420.000 personas ya sacaron turno para iniciar el tr\u00e1mite. \"La moratoria est\u00e1 funcionando muy bien, m\u00e1s de 420.000 argentinos sacaron turno para iniciar el tr\u00e1mite, lo cual advierte que hay\u2026","rel":"","context":"En \u00abSociedad\u00bb","block_context":{"text":"Sociedad","link":"http:\/\/www.24baires.com\/?cat=1"},"img":{"alt_text":"jubilados2","src":"https:\/\/i0.wp.com\/www.24baires.com\/wp-content\/uploads\/2014\/05\/jubilados2.jpg?resize=350%2C200","width":350,"height":200,"srcset":"https:\/\/i0.wp.com\/www.24baires.com\/wp-content\/uploads\/2014\/05\/jubilados2.jpg?resize=350%2C200 1x, https:\/\/i0.wp.com\/www.24baires.com\/wp-content\/uploads\/2014\/05\/jubilados2.jpg?resize=525%2C300 1.5x"},"classes":[]},{"id":62085,"url":"http:\/\/www.24baires.com\/?p=62085","url_meta":{"origin":71672,"position":2},"title":"Nuevos lotes de Procrear para Pehuaj\u00f3 y Trenque Lauquen","author":"Grupo Sierra","date":"21\/02\/2015","format":false,"excerpt":"Diego Bossio firm\u00f3 acuerdos para la generaci\u00f3n de tierras en ambas localidades. Adem\u00e1s entreg\u00f3 nuevas jubilaciones por moratoria en 9 de Julio. El Director Ejecutivo de la ANSES, Diego Bossio, visit\u00f3 los distritos de Pehuaj\u00f3, Trenque Lauquen y 9 de Julio, donde inaugur\u00f3 un nuevo edificio del organismo, firm\u00f3 convenios\u2026","rel":"","context":"En \u00abLocales\u00bb","block_context":{"text":"Locales","link":"http:\/\/www.24baires.com\/?cat=38"},"img":{"alt_text":"procrear","src":"https:\/\/i0.wp.com\/www.24baires.com\/wp-content\/uploads\/2013\/10\/procrear.jpg?resize=350%2C200","width":350,"height":200,"srcset":"https:\/\/i0.wp.com\/www.24baires.com\/wp-content\/uploads\/2013\/10\/procrear.jpg?resize=350%2C200 1x, https:\/\/i0.wp.com\/www.24baires.com\/wp-content\/uploads\/2013\/10\/procrear.jpg?resize=525%2C300 1.5x"},"classes":[]},{"id":75507,"url":"http:\/\/www.24baires.com\/?p=75507","url_meta":{"origin":71672,"position":3},"title":"Anses pagar\u00e1 el medio aguinaldo junto con el haber antes de las fiestas","author":"GB","date":"23\/11\/2015","format":false,"excerpt":"La Anses inform\u00f3 hoy que destinar\u00e1 m\u00e1s de 67,8 mil millones de pesos al pago del medio aguinaldo, junto con el haber, antes de las fiestas de fin de a\u00f1o. De esta forma, el calendario de pago para las m\u00e1s de ocho millones de jubilaciones y pensiones iniciar\u00e1 el primero\u2026","rel":"","context":"En \u00abSociedad\u00bb","block_context":{"text":"Sociedad","link":"http:\/\/www.24baires.com\/?cat=1"},"img":{"alt_text":"anses","src":"https:\/\/i0.wp.com\/www.24baires.com\/wp-content\/uploads\/2014\/05\/anses-300x199.jpg?resize=350%2C200","width":350,"height":200},"classes":[]},{"id":33644,"url":"http:\/\/www.24baires.com\/?p=33644","url_meta":{"origin":71672,"position":4},"title":"Para Bossio es una \u00abirresponsabilidad\u00bb la propuesta de Massa para los jubilados","author":"GB","date":"16\/10\/2013","format":false,"excerpt":"El titular de la ANSES consider\u00f3 como \"una irresponsabilidad\" la propuesta del candidato del Frente Renovador de dar una gratificaci\u00f3n anual a los jubilados. \"Es una irresponsabilidad porque se generan expectativas en los abuelos que no se pueden cumplir\", se\u00f1al\u00f3 al tiempo que sostuvo que no existen fondos suficientes para\u2026","rel":"","context":"En \u00abELECCIONES 2013\u00bb","block_context":{"text":"ELECCIONES 2013","link":"http:\/\/www.24baires.com\/?cat=72"},"img":{"alt_text":"","src":"","width":0,"height":0},"classes":[]},{"id":57512,"url":"http:\/\/www.24baires.com\/?p=57512","url_meta":{"origin":71672,"position":5},"title":"Bossio recorri\u00f3 obras de desarrollo urban\u00edstico de Procrear en Tandil","author":"GB","date":"21\/11\/2014","format":false,"excerpt":"El titular de la Anses, Diego Bossio recorri\u00f3 el desarrollo urban\u00edstico de Procrear, firm\u00f3 un convenio para implementar una plataforma online para estudiantes Progresar y entreg\u00f3 290 nuevas jubilaciones por la moratoria previsional. El organismo inform\u00f3 que Bossio recorri\u00f3 el predio donde se est\u00e1 construyendo 628 viviendas -296 departamentos de\u2026","rel":"","context":"En \u00abMunicipios\u00bb","block_context":{"text":"Municipios","link":"http:\/\/www.24baires.com\/?cat=44"},"img":{"alt_text":"bossio","src":"https:\/\/i0.wp.com\/www.24baires.com\/wp-content\/uploads\/2012\/11\/bossio-300x225.jpg?resize=350%2C200","width":350,"height":200},"classes":[]}],"jetpack_sharing_enabled":true,"jetpack_likes_enabled":true,"jetpack_featured_media_url":"","_links":{"self":[{"href":"http:\/\/www.24baires.com\/index.php?rest_route=\/wp\/v2\/posts\/71672","targetHints":{"allow":["GET"]}}],"collection":[{"href":"http:\/\/www.24baires.com\/index.php?rest_route=\/wp\/v2\/posts"}],"about":[{"href":"http:\/\/www.24baires.com\/index.php?rest_route=\/wp\/v2\/types\/post"}],"author":[{"embeddable":true,"href":"http:\/\/www.24baires.com\/index.php?rest_route=\/wp\/v2\/users\/8"}],"replies":[{"embeddable":true,"href":"http:\/\/www.24baires.com\/index.php?rest_route=%2Fwp%2Fv2%2Fcomments&post=71672"}],"version-history":[{"count":1,"href":"http:\/\/www.24baires.com\/index.php?rest_route=\/wp\/v2\/posts\/71672\/revisions"}],"predecessor-version":[{"id":71674,"href":"http:\/\/www.24baires.com\/index.php?rest_route=\/wp\/v2\/posts\/71672\/revisions\/71674"}],"wp:attachment":[{"href":"http:\/\/www.24baires.com\/index.php?rest_route=%2Fwp%2Fv2%2Fmedia&parent=71672"}],"wp:term":[{"taxonomy":"category","embeddable":true,"href":"http:\/\/www.24baires.com\/index.php?rest_route=%2Fwp%2Fv2%2Fcategories&post=71672"},{"taxonomy":"post_tag","embeddable":true,"href":"http:\/\/www.24baires.com\/index.php?rest_route=%2Fwp%2Fv2%2Ftags&post=71672"}],"curies":[{"name":"wp","href":"https:\/\/api.w.org\/{rel}","templated":true}]}}