{"id":71663,"date":"2015-09-04T20:00:55","date_gmt":"2015-09-04T23:00:55","guid":{"rendered":"http:\/\/www.24baires.com\/?p=71663"},"modified":"2015-09-04T19:19:27","modified_gmt":"2015-09-04T22:19:27","slug":"anibal-y-sabbatella-recorrieron-moron-junto-a-ghi","status":"publish","type":"post","link":"http:\/\/www.24baires.com\/?p=71663","title":{"rendered":"An\u00edbal y Sabbatella recorrieron Mor\u00f3n junto a Ghi"},"content":{"rendered":"<p><img data-recalc-dims=\"1\" loading=\"lazy\" decoding=\"async\" class=\"aligncenter size-full wp-image-67838\" src=\"https:\/\/i0.wp.com\/www.24baires.com\/wp-content\/uploads\/2015\/06\/anibal-sbattella.jpg?resize=560%2C313\" alt=\"anibal sbattella\" width=\"560\" height=\"313\" srcset=\"https:\/\/i0.wp.com\/www.24baires.com\/wp-content\/uploads\/2015\/06\/anibal-sbattella.jpg?w=560 560w, https:\/\/i0.wp.com\/www.24baires.com\/wp-content\/uploads\/2015\/06\/anibal-sbattella.jpg?resize=300%2C168 300w\" sizes=\"auto, (max-width: 560px) 100vw, 560px\" \/>El Jefe de Gabinete y candidato a gobernador de Buenos Aires por el FpV recorri\u00f3 Mor\u00f3n junto a su compa\u00f1ero de f\u00f3rmula y autoridades locales. Durante la reccorrida visitaron obras de cloacas, un t\u00fanel ferroviario que se construye debajo del ferrocarril San Mart\u00edn para mejorar la conectividad, y el barrio Carlos Gardel.<!--more--><\/p>\n<p>El Jefe de Gabinete y candidato a gobernador de Buenos Aires por el FpV, An\u00edbal Fern\u00e1ndez, recorri\u00f3 Mor\u00f3n junto al candidato a vicegobernador, Mart\u00edn Sabbatella, el intendente Lucas Ghi y el presidente del Concejo Deliberante y candidato a sucederlo en Mor\u00f3n, Hern\u00e1n Sabbatella, en el marco de una intensa actividad en la que visitaron obras de cloacas, un t\u00fanel ferroviario que se construye debajo del ferrocarril San Mart\u00edn para mejorar la conectividad, y el barrio Carlos Gardel en la localidad de El Palomar.<\/p>\n<p>En declaraciones a la prensa, An\u00edbal Fern\u00e1ndez resalt\u00f3 que \u201cse ha hecho much\u00edsima obra de agua y cloaca en toda la provincia y, en especial, en el conurbano\u00bb.<\/p>\n<p>Enseguida se\u00f1al\u00f3 que \u00aba\u00fan no est\u00e1n todos los distritos terminados y nosotros tenemos que avanzar en completar totalmente estas obras esenciales\u201d, las cuales \u00abaspiran al cuidado del hombre y de la mujer com\u00fan\u00bb por lo que tienen que \u00abir creciendo en todos los distritos\u00bb de la provincia de Buenos Aires.<\/p>\n<p>Asimismo, indic\u00f3 que \u00abel Estado tiene una responsabilidad promotora que no puede obviar, ni abandonar nunca\u00bb que es la de realizar este tipo de obras, por lo que subray\u00f3 que siguen creyendo \u00aben que la mejor forma es trabajar para que estas cosas existan\u00bb.<\/p>\n<p>Por su parte, el presidente de AFSCA y candidato a vicegobernador indic\u00f3 que \u201cal aumentar la calidad y la frecuencia del ferrocarril se necesita avanza con los t\u00faneles, \u00abporque as\u00ed no queda cortada la conectividad y mejora la circulaci\u00f3n en todo el conurbano\u201d, al referirse a la importante obra vehicular que atraviesa por debajo las v\u00edas del ferrocarril junto a la Estaci\u00f3n El Palomar, frente al ingreso a Campo de Mayo.<\/p>\n<p>Respecto a la extensi\u00f3n de la red de cloacas, Sabbatella manifest\u00f3: \u201cSabemos lo que significan las cloacas para todos los bonaerenses y en especial para y quienes viven en Mor\u00f3n; un Municipio que estuvo abandonado y retrasado con respecto al plan cloacal, a partir de la estafa que fue denunciada y organizada por el intendente anterior y por el actual Jefe de Gobierno de la Ciudad de Buenos Aires\u201d.<\/p>\n<p>\u201cHoy estamos avanzando, estamos llegando casi al 80 por ciento de cloacas cuando en Palomar arrancamos con el 3 por ciento fruto tambi\u00e9n de esa estafa y de esa desidia que pudimos frenar con la movilizaci\u00f3n de los vecinos y vecinas\u201d, agreg\u00f3 Sabbatella.<\/p>\n<p>Luego, los funcionarios nacionales y municipales se trasladaron hasta el Barrio Carlos Gardel, donde se realizaron importantes obras como la construcci\u00f3n de m\u00e1s de 400 viviendas, un moderno Centro de Atenci\u00f3n Primaria de Salud y un jard\u00edn municipal, entre otras.<\/p>\n<p>All\u00ed, el jefe de Gabinete An\u00edbal Fern\u00e1ndez destac\u00f3 \u00abel enorme desarrollo\u00bb que tuvo el barrio, al tiempo que expres\u00f3 que quieren tener \u00abuna pol\u00edtica de urbanizaci\u00f3n, hablando con los vecinos, acord\u00e1ndolo con ellos, promoviendo que participen activamente en un esquema de desarrollo, que es la mejor forma de poder hacerlo en t\u00e9rminos de viviendas sociales\u00bb.<\/p>\n","protected":false},"excerpt":{"rendered":"<p>El Jefe de Gabinete y candidato a gobernador de Buenos Aires por el FpV recorri\u00f3 Mor\u00f3n junto a su compa\u00f1ero de f\u00f3rmula y autoridades locales. Durante la reccorrida visitaron obras de cloacas, un t\u00fanel ferroviario que se construye debajo del ferrocarril San Mart\u00edn para mejorar la conectividad, y el barrio Carlos Gardel.<\/p>\n","protected":false},"author":8,"featured_media":0,"comment_status":"open","ping_status":"open","sticky":false,"template":"","format":"standard","meta":{"_jetpack_newsletter_access":"","_jetpack_dont_email_post_to_subs":false,"_jetpack_newsletter_tier_id":0,"_jetpack_memberships_contains_paywalled_content":false,"_jetpack_memberships_contains_paid_content":false,"footnotes":""},"categories":[51],"tags":[],"class_list":["post-71663","post","type-post","status-publish","format-standard","hentry","category-politica"],"jetpack_shortlink":"https:\/\/wp.me\/p2JWE0-iDR","jetpack-related-posts":[{"id":112325,"url":"http:\/\/www.24baires.com\/?p=112325","url_meta":{"origin":71663,"position":0},"title":"Kicillof pidi\u00f3 a Vidal que \u00absalga del blindaje\u00bb y hable de \u00abla realidad\u00bb provincial","author":"GB","date":"02\/10\/2019","format":false,"excerpt":"El candidato a gobernador bonaerense del Frente de Todos, Axel Kicillof, asegur\u00f3 hoy que el Gobierno de Mar\u00eda Eugenia Vidal est\u00e1 \"absolutamente ausente\" ante una \"econom\u00eda nacional que no ayuda para nada\". \"La crisis est\u00e1 afectando a todos los estratos de la sociedad. Todos han descendido un escal\u00f3n, o dos,\u2026","rel":"","context":"En \u00abProvincia\u00bb","block_context":{"text":"Provincia","link":"http:\/\/www.24baires.com\/?cat=40"},"img":{"alt_text":"","src":"https:\/\/i0.wp.com\/www.24baires.com\/wp-content\/uploads\/2019\/10\/kicillof-capa%C3%B1a-300x200.jpg?resize=350%2C200","width":350,"height":200},"classes":[]},{"id":123097,"url":"http:\/\/www.24baires.com\/?p=123097","url_meta":{"origin":71663,"position":1},"title":"El Concejo deliberante aprob\u00f3 la interpelaci\u00f3n al intendente Ghi","author":"GB","date":"29\/05\/2026","format":false,"excerpt":"La citaci\u00f3n para el jefe comunal fue aprobada por mayor\u00eda. La ahora exfuncionaria permanece pr\u00f3fuga. El Concejo Deliberante de Mor\u00f3n aprob\u00f3 la interpelaci\u00f3n del intendente Lucas Ghi en medio del esc\u00e1ndalo por la funcionaria municipal a la que le encontraron medio kilo de coca\u00edna en su vivienda. El jefe comunal\u2026","rel":"","context":"En \u00abProvincia\u00bb","block_context":{"text":"Provincia","link":"http:\/\/www.24baires.com\/?cat=40"},"img":{"alt_text":"","src":"https:\/\/i0.wp.com\/www.24baires.com\/wp-content\/uploads\/2026\/05\/ghi.webp?resize=350%2C200","width":350,"height":200,"srcset":"https:\/\/i0.wp.com\/www.24baires.com\/wp-content\/uploads\/2026\/05\/ghi.webp?resize=350%2C200 1x, https:\/\/i0.wp.com\/www.24baires.com\/wp-content\/uploads\/2026\/05\/ghi.webp?resize=525%2C300 1.5x, https:\/\/i0.wp.com\/www.24baires.com\/wp-content\/uploads\/2026\/05\/ghi.webp?resize=700%2C400 2x, https:\/\/i0.wp.com\/www.24baires.com\/wp-content\/uploads\/2026\/05\/ghi.webp?resize=1050%2C600 3x, https:\/\/i0.wp.com\/www.24baires.com\/wp-content\/uploads\/2026\/05\/ghi.webp?resize=1400%2C800 4x"},"classes":[]},{"id":112683,"url":"http:\/\/www.24baires.com\/?p=112683","url_meta":{"origin":71663,"position":2},"title":"Dirigente de Cambiemos rompi\u00f3 la veda y vandaliz\u00f3 negocios","author":"GB","date":"27\/10\/2019","format":false,"excerpt":"Un consejero escolar del intendente de Mor\u00f3n, Ramiro Tagliaferro, pint\u00f3 las vidrieras de locales comerciales con el frase \"Lucas Ghi 2019\". Intent\u00f3 ensuciar al candidato del Frente de Todos pero termin\u00f3 filmado y denunciado El Municipio de Mor\u00f3n vive un verdadero esc\u00e1ndalo a horas de las elecciones nacionales del domingo.\u2026","rel":"","context":"En \u00abMunicipios\u00bb","block_context":{"text":"Municipios","link":"http:\/\/www.24baires.com\/?cat=44"},"img":{"alt_text":"","src":"https:\/\/i0.wp.com\/www.24baires.com\/wp-content\/uploads\/2019\/10\/vidal-tagliaferro.jpg?resize=350%2C200","width":350,"height":200,"srcset":"https:\/\/i0.wp.com\/www.24baires.com\/wp-content\/uploads\/2019\/10\/vidal-tagliaferro.jpg?resize=350%2C200 1x, https:\/\/i0.wp.com\/www.24baires.com\/wp-content\/uploads\/2019\/10\/vidal-tagliaferro.jpg?resize=525%2C300 1.5x"},"classes":[]},{"id":120189,"url":"http:\/\/www.24baires.com\/?p=120189","url_meta":{"origin":71663,"position":3},"title":"Wado de Pedro encabeza acto en Mor\u00f3n","author":"GB","date":"15\/06\/2023","format":false,"excerpt":"Tras el cambio de nombre de la coalici\u00f3n oficialista, el Ministro del Interior de Alberto Fern\u00e1ndez y precandidato a Presidente desembarcar\u00e1 en Mor\u00f3n, donde estar\u00e1 acompa\u00f1ado por Lucas Ghi y Mart\u00edn Insaurralde. Tras la presentaci\u00f3n este mi\u00e9rcoles en el cierre para inscribir alianzas, Uni\u00f3n por la Patria (ex Frente de\u2026","rel":"","context":"En \u00abPol\u00edtica\u00bb","block_context":{"text":"Pol\u00edtica","link":"http:\/\/www.24baires.com\/?cat=51"},"img":{"alt_text":"","src":"https:\/\/i0.wp.com\/www.24baires.com\/wp-content\/uploads\/2023\/06\/wado-pedrojpg.jpg?resize=350%2C200","width":350,"height":200,"srcset":"https:\/\/i0.wp.com\/www.24baires.com\/wp-content\/uploads\/2023\/06\/wado-pedrojpg.jpg?resize=350%2C200 1x, https:\/\/i0.wp.com\/www.24baires.com\/wp-content\/uploads\/2023\/06\/wado-pedrojpg.jpg?resize=525%2C300 1.5x"},"classes":[]},{"id":68960,"url":"http:\/\/www.24baires.com\/?p=68960","url_meta":{"origin":71663,"position":4},"title":"An\u00edbal Fern\u00e1ndez recorri\u00f3 con su campa\u00f1a Ca\u00f1uelas y Almirante Brown","author":"AF","date":"12\/07\/2015","format":false,"excerpt":"El jefe de Gabinete y precandidato a gobernador bonaerense por el Frente para la Victoria (FpV), An\u00edbal Fern\u00e1ndez, afirm\u00f3 hoy que no est\u00e1 impostada ni es improvisada la f\u00f3rmula electoral que comparte con el titular de la Afsca, Mart\u00edn Sabbatella, para las PASO del 9 de agosto pr\u00f3ximo. \u201cLa sensaci\u00f3n\u2026","rel":"","context":"En \u00abElecciones 2015\u00bb","block_context":{"text":"Elecciones 2015","link":"http:\/\/www.24baires.com\/?cat=74"},"img":{"alt_text":"mariotto sabbatella fern\u00e1ndez insaurralde","src":"https:\/\/i0.wp.com\/www.24baires.com\/wp-content\/uploads\/2015\/07\/mariotto-sabbatella-fern%C3%A1ndez-insaurralde-300x199.jpg?resize=350%2C200","width":350,"height":200},"classes":[]},{"id":53109,"url":"http:\/\/www.24baires.com\/?p=53109","url_meta":{"origin":71663,"position":5},"title":"Nuevo Encuentro se mostr\u00f3 de la mano de Los Oktubres","author":"Grupo Sierra","date":"04\/09\/2014","format":false,"excerpt":"El grupo de intendentes bonaerenses que ya tiene por los menos dos candidatos a gobernador, se reuni\u00f3 con su par de Mor\u00f3n, Lucas Ghi. Del encuentro tambi\u00e9n particip\u00f3 Hern\u00e1n Sabbatella, el candidato a la intendencia moronense. Los jefes comunales de San Antonio de Areco, Francisco Dura\u00f1ona; Punta Indio, Hern\u00e1n Y\u2026","rel":"","context":"En \u00abPol\u00edtica\u00bb","block_context":{"text":"Pol\u00edtica","link":"http:\/\/www.24baires.com\/?cat=51"},"img":{"alt_text":"","src":"https:\/\/i0.wp.com\/www.24baires.com\/wp-content\/uploads\/2014\/09\/los-oktubres-nuevo-encuentro.jpg?resize=350%2C200","width":350,"height":200,"srcset":"https:\/\/i0.wp.com\/www.24baires.com\/wp-content\/uploads\/2014\/09\/los-oktubres-nuevo-encuentro.jpg?resize=350%2C200 1x, https:\/\/i0.wp.com\/www.24baires.com\/wp-content\/uploads\/2014\/09\/los-oktubres-nuevo-encuentro.jpg?resize=525%2C300 1.5x"},"classes":[]}],"jetpack_sharing_enabled":true,"jetpack_likes_enabled":true,"jetpack_featured_media_url":"","_links":{"self":[{"href":"http:\/\/www.24baires.com\/index.php?rest_route=\/wp\/v2\/posts\/71663","targetHints":{"allow":["GET"]}}],"collection":[{"href":"http:\/\/www.24baires.com\/index.php?rest_route=\/wp\/v2\/posts"}],"about":[{"href":"http:\/\/www.24baires.com\/index.php?rest_route=\/wp\/v2\/types\/post"}],"author":[{"embeddable":true,"href":"http:\/\/www.24baires.com\/index.php?rest_route=\/wp\/v2\/users\/8"}],"replies":[{"embeddable":true,"href":"http:\/\/www.24baires.com\/index.php?rest_route=%2Fwp%2Fv2%2Fcomments&post=71663"}],"version-history":[{"count":1,"href":"http:\/\/www.24baires.com\/index.php?rest_route=\/wp\/v2\/posts\/71663\/revisions"}],"predecessor-version":[{"id":71664,"href":"http:\/\/www.24baires.com\/index.php?rest_route=\/wp\/v2\/posts\/71663\/revisions\/71664"}],"wp:attachment":[{"href":"http:\/\/www.24baires.com\/index.php?rest_route=%2Fwp%2Fv2%2Fmedia&parent=71663"}],"wp:term":[{"taxonomy":"category","embeddable":true,"href":"http:\/\/www.24baires.com\/index.php?rest_route=%2Fwp%2Fv2%2Fcategories&post=71663"},{"taxonomy":"post_tag","embeddable":true,"href":"http:\/\/www.24baires.com\/index.php?rest_route=%2Fwp%2Fv2%2Ftags&post=71663"}],"curies":[{"name":"wp","href":"https:\/\/api.w.org\/{rel}","templated":true}]}}