{"id":71657,"date":"2015-09-04T19:01:54","date_gmt":"2015-09-04T22:01:54","guid":{"rendered":"http:\/\/www.24baires.com\/?p=71657"},"modified":"2015-09-05T11:04:22","modified_gmt":"2015-09-05T14:04:22","slug":"rio-turbio-es-mas-energia-para-los-argentinos-aseguro-cristina","status":"publish","type":"post","link":"http:\/\/www.24baires.com\/?p=71657","title":{"rendered":"\u00abR\u00edo Turbio es m\u00e1s energ\u00eda para los argentinos\u00bb, asegur\u00f3 Cristina"},"content":{"rendered":"<p><img data-recalc-dims=\"1\" loading=\"lazy\" decoding=\"async\" class=\"aligncenter size-full wp-image-71658\" src=\"https:\/\/i0.wp.com\/www.24baires.com\/wp-content\/uploads\/2015\/09\/cristina-energia.jpg?resize=560%2C373\" alt=\"cristina energia\" width=\"560\" height=\"373\" srcset=\"https:\/\/i0.wp.com\/www.24baires.com\/wp-content\/uploads\/2015\/09\/cristina-energia.jpg?w=560 560w, https:\/\/i0.wp.com\/www.24baires.com\/wp-content\/uploads\/2015\/09\/cristina-energia.jpg?resize=300%2C200 300w\" sizes=\"auto, (max-width: 560px) 100vw, 560px\" \/>La Presidenta puso en funcionamiento la Central Termoel\u00e9ctrica a Carb\u00f3n de R\u00edo Turbio y sostuvo que \u00ablos sue\u00f1os de miles y miles de argentinos\u00bb, al encabezar un acto en cadena nacional desde la localidad santacruce\u00f1a.<!--more--><\/p>\n<p>La presidenta Cristina Fern\u00e1ndez de Kirchner sostuvo hoy que la puesta en funcionamiento de la Central Termoel\u00e9ctrica a Carb\u00f3n de R\u00edo Turbio significa \u00abm\u00e1s energ\u00eda para los argentinos\u00bb y poner \u00aben marcha una usina\u00bb, pero tambi\u00e9n \u00ablos sue\u00f1os de miles y miles de argentinos\u00bb, al encabezar un acto en cadena nacional desde la localidad santacruce\u00f1a.<\/p>\n<p>\u00abVenimos a honrar la palabra, la historia y la memoria\u00bb, dijo la mandataria, y record\u00f3 el 22 de junio de 2007, cuando el ex presidente N\u00e9stor Kirchner se comprometi\u00f3 a \u00abtransformar el carb\u00f3n que est\u00e1 en las entra\u00f1as\u00bb de la provincia para \u00abhacer la primera turbina termoel\u00e9ctrica a carb\u00f3n de la Argentina\u00bb.<\/p>\n<p>\u00abHay 375 a\u00f1os de carb\u00f3n bajo la tierra y lo estamos sacando hecho energ\u00eda\u00bb, destac\u00f3 Cristina.<\/p>\n","protected":false},"excerpt":{"rendered":"<p>La Presidenta puso en funcionamiento la Central Termoel\u00e9ctrica a Carb\u00f3n de R\u00edo Turbio y sostuvo que \u00ablos sue\u00f1os de miles y miles de argentinos\u00bb, al encabezar un acto en cadena nacional desde la localidad santacruce\u00f1a.<\/p>\n","protected":false},"author":8,"featured_media":0,"comment_status":"open","ping_status":"open","sticky":false,"template":"","format":"standard","meta":{"_jetpack_newsletter_access":"","_jetpack_dont_email_post_to_subs":false,"_jetpack_newsletter_tier_id":0,"_jetpack_memberships_contains_paywalled_content":false,"_jetpack_memberships_contains_paid_content":false,"footnotes":""},"categories":[51],"tags":[],"class_list":["post-71657","post","type-post","status-publish","format-standard","hentry","category-politica"],"jetpack_shortlink":"https:\/\/wp.me\/p2JWE0-iDL","jetpack-related-posts":[{"id":31826,"url":"http:\/\/www.24baires.com\/?p=31826","url_meta":{"origin":71657,"position":0},"title":"La presidenta inaugurar\u00e1 la interconexi\u00f3n el\u00e9ctrica en R\u00edo Gallegos","author":"GB","date":"13\/09\/2013","format":false,"excerpt":"La presidenta Cristina Fern\u00e1ndez de Kirchner encabezar\u00e1 la ceremonia de incorporaci\u00f3n de R\u00edo Gallegos al Sistema Argentino Interconectado (SAI), que antes se denominaba Sistema Interconectado Nacional (SIN). La jefa de Estado partir\u00e1 pasado el mediod\u00eda desde el sector militar del aeroparque metropolitano, y previo al acto que encabezar\u00e1 por la\u2026","rel":"","context":"En \u00abPol\u00edtica\u00bb","block_context":{"text":"Pol\u00edtica","link":"http:\/\/www.24baires.com\/?cat=51"},"img":{"alt_text":"","src":"","width":0,"height":0},"classes":[]},{"id":61798,"url":"http:\/\/www.24baires.com\/?p=61798","url_meta":{"origin":71657,"position":1},"title":"\u00abSomos m\u00e1s importantes que los reflectores, las c\u00e1maras y lo que pueda decir un diario\u00bb","author":"Grupo Sierra","date":"15\/02\/2015","format":false,"excerpt":"Lo asegur\u00f3 la Presidenta al encabezar la ceremonia central del 138 aniversario del Lago Argentino en El Calafate, donde inaugur\u00f3 un hospital y entreg\u00f3 viviendas. Cristina formul\u00f3 estas declaraciones por cadena nacional en el marco del acto central por el 138 aniversario del Lago Argentino, en un discurso en el\u2026","rel":"","context":"En \u00abPol\u00edtica\u00bb","block_context":{"text":"Pol\u00edtica","link":"http:\/\/www.24baires.com\/?cat=51"},"img":{"alt_text":"","src":"https:\/\/i0.wp.com\/www.24baires.com\/wp-content\/uploads\/2015\/02\/cristina1.jpg?resize=350%2C200","width":350,"height":200,"srcset":"https:\/\/i0.wp.com\/www.24baires.com\/wp-content\/uploads\/2015\/02\/cristina1.jpg?resize=350%2C200 1x, https:\/\/i0.wp.com\/www.24baires.com\/wp-content\/uploads\/2015\/02\/cristina1.jpg?resize=525%2C300 1.5x"},"classes":[]},{"id":98488,"url":"http:\/\/www.24baires.com\/?p=98488","url_meta":{"origin":71657,"position":2},"title":"Macri privatizar\u00e1 la participaci\u00f3n estatal en las empresas energ\u00e9ticas","author":"AF","date":"01\/11\/2017","format":false,"excerpt":"Por medio de un decreto, el Presidente puso en venta las acciones que el Estado tiene en 12 empresas energ\u00e9ticas. Por medio del Decreto 882\/2017 publicado este mi\u00e9rcoles en el Bolet\u00edn Oficial, el presidente Mauricio Macri dispuso la creaci\u00f3n de la empresa Integraci\u00f3n Energ\u00e9tica Argentina SA que surgir\u00e1 de la\u2026","rel":"","context":"En \u00abLocales\u00bb","block_context":{"text":"Locales","link":"http:\/\/www.24baires.com\/?cat=38"},"img":{"alt_text":"","src":"","width":0,"height":0},"classes":[]},{"id":69893,"url":"http:\/\/www.24baires.com\/?p=69893","url_meta":{"origin":71657,"position":3},"title":"Cristina anunci\u00f3 la llegada de maquinaria para construir represas","author":"AF","date":"01\/08\/2015","format":false,"excerpt":"La presidenta Cristina Fern\u00e1ndez de Kirchner asegur\u00f3 que \"llegaron los sue\u00f1os de generaciones y generaciones de santacruce\u00f1os\" al anunciar por las redes sociales el desembarco de maquinaria pesada para la construcci\u00f3n de las represas N\u00e9stor Kirchner y Jorge Cepernic en Santa Cruz. La presidenta Cristina Fern\u00e1ndez de Kirchner destac\u00f3 hoy\u2026","rel":"","context":"En \u00abSociedad\u00bb","block_context":{"text":"Sociedad","link":"http:\/\/www.24baires.com\/?cat=1"},"img":{"alt_text":"","src":"https:\/\/i0.wp.com\/www.24baires.com\/wp-content\/uploads\/2015\/08\/2.jpg?resize=350%2C200","width":350,"height":200,"srcset":"https:\/\/i0.wp.com\/www.24baires.com\/wp-content\/uploads\/2015\/08\/2.jpg?resize=350%2C200 1x, https:\/\/i0.wp.com\/www.24baires.com\/wp-content\/uploads\/2015\/08\/2.jpg?resize=525%2C300 1.5x"},"classes":[]},{"id":105136,"url":"http:\/\/www.24baires.com\/?p=105136","url_meta":{"origin":71657,"position":4},"title":"En el aniversario de la muerte de Kirchner, M\u00e1ximo pidi\u00f3 \u00abreflexionar muy bien\u00bb a la hora de votar","author":"AF","date":"27\/10\/2018","format":false,"excerpt":"El diputado y l\u00edder de La C\u00e1mpora encabez\u00f3 un acto, rodeado de militantes y dirigentes, en Villa Palito en La Matanza. A ocho a\u00f1os de la muerte del ex presidente N\u00e9stor Kirchner, el l\u00edder de La C\u00e1mpora, M\u00e1ximo Kirchner, encabez\u00f3 un acto en Villa Palito en La Matanza y les\u2026","rel":"","context":"En \u00abPol\u00edtica\u00bb","block_context":{"text":"Pol\u00edtica","link":"http:\/\/www.24baires.com\/?cat=51"},"img":{"alt_text":"","src":"https:\/\/i0.wp.com\/www.24baires.com\/wp-content\/uploads\/2018\/10\/m%C3%A1ximo-kirchner.jpg?resize=350%2C200","width":350,"height":200,"srcset":"https:\/\/i0.wp.com\/www.24baires.com\/wp-content\/uploads\/2018\/10\/m%C3%A1ximo-kirchner.jpg?resize=350%2C200 1x, https:\/\/i0.wp.com\/www.24baires.com\/wp-content\/uploads\/2018\/10\/m%C3%A1ximo-kirchner.jpg?resize=525%2C300 1.5x"},"classes":[]},{"id":120266,"url":"http:\/\/www.24baires.com\/?p=120266","url_meta":{"origin":71657,"position":5},"title":"El Gasoducto N\u00e9stor Kirchner es la mayor obra energ\u00e9tica en 30 a\u00f1os","author":"GB","date":"10\/07\/2023","format":false,"excerpt":"Con la esperada foto de unidad, Cristina, Massa, Alberto y Rossi inauguraron la obra energ\u00e9tica m\u00e1s imponente e importante de las \u00faltimas d\u00e9cadas: el gasoducto presidente N\u00e9stor Kirchner. El presidente Alberto Fern\u00e1ndez, la vicepresidenta Cristina Fern\u00e1ndez de Kirchner y el ministro de Econom\u00eda y precandidato presidencial de Uni\u00f3n por la\u2026","rel":"","context":"En \u00abPol\u00edtica\u00bb","block_context":{"text":"Pol\u00edtica","link":"http:\/\/www.24baires.com\/?cat=51"},"img":{"alt_text":"","src":"https:\/\/i0.wp.com\/www.24baires.com\/wp-content\/uploads\/2023\/07\/gasoducto.jpeg?resize=350%2C200","width":350,"height":200,"srcset":"https:\/\/i0.wp.com\/www.24baires.com\/wp-content\/uploads\/2023\/07\/gasoducto.jpeg?resize=350%2C200 1x, https:\/\/i0.wp.com\/www.24baires.com\/wp-content\/uploads\/2023\/07\/gasoducto.jpeg?resize=525%2C300 1.5x, https:\/\/i0.wp.com\/www.24baires.com\/wp-content\/uploads\/2023\/07\/gasoducto.jpeg?resize=700%2C400 2x, https:\/\/i0.wp.com\/www.24baires.com\/wp-content\/uploads\/2023\/07\/gasoducto.jpeg?resize=1050%2C600 3x"},"classes":[]}],"jetpack_sharing_enabled":true,"jetpack_likes_enabled":true,"jetpack_featured_media_url":"","_links":{"self":[{"href":"http:\/\/www.24baires.com\/index.php?rest_route=\/wp\/v2\/posts\/71657","targetHints":{"allow":["GET"]}}],"collection":[{"href":"http:\/\/www.24baires.com\/index.php?rest_route=\/wp\/v2\/posts"}],"about":[{"href":"http:\/\/www.24baires.com\/index.php?rest_route=\/wp\/v2\/types\/post"}],"author":[{"embeddable":true,"href":"http:\/\/www.24baires.com\/index.php?rest_route=\/wp\/v2\/users\/8"}],"replies":[{"embeddable":true,"href":"http:\/\/www.24baires.com\/index.php?rest_route=%2Fwp%2Fv2%2Fcomments&post=71657"}],"version-history":[{"count":1,"href":"http:\/\/www.24baires.com\/index.php?rest_route=\/wp\/v2\/posts\/71657\/revisions"}],"predecessor-version":[{"id":71659,"href":"http:\/\/www.24baires.com\/index.php?rest_route=\/wp\/v2\/posts\/71657\/revisions\/71659"}],"wp:attachment":[{"href":"http:\/\/www.24baires.com\/index.php?rest_route=%2Fwp%2Fv2%2Fmedia&parent=71657"}],"wp:term":[{"taxonomy":"category","embeddable":true,"href":"http:\/\/www.24baires.com\/index.php?rest_route=%2Fwp%2Fv2%2Fcategories&post=71657"},{"taxonomy":"post_tag","embeddable":true,"href":"http:\/\/www.24baires.com\/index.php?rest_route=%2Fwp%2Fv2%2Ftags&post=71657"}],"curies":[{"name":"wp","href":"https:\/\/api.w.org\/{rel}","templated":true}]}}