{"id":71643,"date":"2015-09-04T15:00:30","date_gmt":"2015-09-04T18:00:30","guid":{"rendered":"http:\/\/www.24baires.com\/?p=71643"},"modified":"2015-09-05T11:04:17","modified_gmt":"2015-09-05T14:04:17","slug":"scioli-el-camino-del-pais-va-a-demandar-cada-vez-mas","status":"publish","type":"post","link":"http:\/\/www.24baires.com\/?p=71643","title":{"rendered":"Scioli: \u00abEl camino del pa\u00eds va a demandar cada vez m\u00e1s\u00bb"},"content":{"rendered":"<p><img data-recalc-dims=\"1\" loading=\"lazy\" decoding=\"async\" class=\"aligncenter size-full wp-image-70134\" src=\"https:\/\/i0.wp.com\/www.24baires.com\/wp-content\/uploads\/2015\/08\/scioli-cierre-campa%C3%B1a.jpg?resize=560%2C307\" alt=\"scioli cierre campa\u00f1a\" width=\"560\" height=\"307\" srcset=\"https:\/\/i0.wp.com\/www.24baires.com\/wp-content\/uploads\/2015\/08\/scioli-cierre-campa%C3%B1a.jpg?w=560 560w, https:\/\/i0.wp.com\/www.24baires.com\/wp-content\/uploads\/2015\/08\/scioli-cierre-campa%C3%B1a.jpg?resize=300%2C164 300w\" sizes=\"auto, (max-width: 560px) 100vw, 560px\" \/>En la apertura del 10\u00ba Encuentro Nacional de Ingenier\u00eda de la Universidad Tecnolog\u00eda Nacional, el gobernador bonaerense y candidato presidencial del FpV, Daniel Scioli, inst\u00f3 en Avellaneda a \u00abseguir profundizando las pol\u00edticas de inclusi\u00f3n\u00bb y se\u00f1al\u00f3 que se debe \u00abinvertir m\u00e1s en educaci\u00f3n\u00bb. \u00abLos j\u00f3venes no son el futuro, son el gran presente\u00bb, a\u00f1adi\u00f3.<!--more--><\/p>\n<p>Luego recorrer\u00e1 la muestra industrial \u00abExpoAvellaneda 2015\u00bb, acompa\u00f1ado por el intendente local, Jorge Ferraresi y el decano de la casa de Altos Estudios, Jorge Del Gener.<\/p>\n<p>Este encuentro, al igual que la Expo que se lleva adelante en el Alto Avellaneda Shopping Mall, se extender\u00e1 hasta el pr\u00f3ximo domingo y contar\u00e1 con la participaci\u00f3n de m\u00e1s de 1500 estudiantes de Ingenier\u00eda de 43 Facultades distribuidas a trav\u00e9s de 18 provincias en todo el pa\u00eds.<\/p>\n","protected":false},"excerpt":{"rendered":"<p>En la apertura del 10\u00ba Encuentro Nacional de Ingenier\u00eda de la Universidad Tecnolog\u00eda Nacional, el gobernador bonaerense y candidato presidencial del FpV, Daniel Scioli, inst\u00f3 en Avellaneda a \u00abseguir profundizando las pol\u00edticas de inclusi\u00f3n\u00bb y se\u00f1al\u00f3 que se debe \u00abinvertir m\u00e1s en educaci\u00f3n\u00bb. \u00abLos j\u00f3venes no son el futuro, son el gran presente\u00bb, a\u00f1adi\u00f3.<\/p>\n","protected":false},"author":4,"featured_media":0,"comment_status":"open","ping_status":"open","sticky":false,"template":"","format":"standard","meta":{"_jetpack_newsletter_access":"","_jetpack_dont_email_post_to_subs":false,"_jetpack_newsletter_tier_id":0,"_jetpack_memberships_contains_paywalled_content":false,"_jetpack_memberships_contains_paid_content":false,"footnotes":""},"categories":[51],"tags":[],"class_list":["post-71643","post","type-post","status-publish","format-standard","hentry","category-politica"],"jetpack_shortlink":"https:\/\/wp.me\/p2JWE0-iDx","jetpack-related-posts":[{"id":107651,"url":"http:\/\/www.24baires.com\/?p=107651","url_meta":{"origin":71643,"position":0},"title":"El peronismo se re\u00fane en Avellaneda","author":"AF","date":"13\/04\/2019","format":false,"excerpt":"Con la excusa de la inauguraci\u00f3n de una pileta ol\u00edmpica climatizada, el peronismo bonaerense busca cerrar filas en Avellaneda. El encuentro partidario se dio horas despu\u00e9s del decreto de Mauricio Macri que no permite las listas colectoras en las pr\u00f3ximas elecciones; y sirve, adem\u00e1s, para mostrar juntos a los dirigentes\u2026","rel":"","context":"En \u00abPol\u00edtica\u00bb","block_context":{"text":"Pol\u00edtica","link":"http:\/\/www.24baires.com\/?cat=51"},"img":{"alt_text":"","src":"https:\/\/i0.wp.com\/www.24baires.com\/wp-content\/uploads\/2019\/04\/peronismo.jpeg?resize=350%2C200","width":350,"height":200,"srcset":"https:\/\/i0.wp.com\/www.24baires.com\/wp-content\/uploads\/2019\/04\/peronismo.jpeg?resize=350%2C200 1x, https:\/\/i0.wp.com\/www.24baires.com\/wp-content\/uploads\/2019\/04\/peronismo.jpeg?resize=525%2C300 1.5x"},"classes":[]},{"id":28940,"url":"http:\/\/www.24baires.com\/?p=28940","url_meta":{"origin":71643,"position":1},"title":"Scioli e Insaurralde inauguraron un centro de monitoreo en Avellaneda","author":"Grupo Sierra","date":"25\/07\/2013","format":false,"excerpt":"El gobernador bonaerense y el precandidato a diputado nacional por el Frente para la Victoria estuvieron junto al intendente de Avellaneda, Jorge Ferraresi, en la inauguraci\u00f3n del Centro de Monitoreo del distrito. \u201cNos estamos ocupando de la seguridad porque preocupa a los ciudadanos\u201d, remarc\u00f3 Insaurralde. El gobernador de la Provincia\u2026","rel":"","context":"En \u00abPol\u00edtica\u00bb","block_context":{"text":"Pol\u00edtica","link":"http:\/\/www.24baires.com\/?cat=51"},"img":{"alt_text":"scioli insaurralde avellaneda","src":"https:\/\/i0.wp.com\/www.24baires.com\/wp-content\/uploads\/2013\/07\/scioli-insaurralde-avellaneda-300x180.jpg?resize=350%2C200","width":350,"height":200},"classes":[]},{"id":114128,"url":"http:\/\/www.24baires.com\/?p=114128","url_meta":{"origin":71643,"position":2},"title":"Alberto Fern\u00e1ndez llega a Hurlingham para inaugurar obras en la Unahur","author":"GB","date":"14\/02\/2020","format":false,"excerpt":"El Jefe de Estado participar\u00e1 de la actividad en la que se presentar\u00e1 un nuevo edificio de la casa de estudios. El presidente, Alberto Fern\u00e1ndez, encabezar\u00e1 este viernes un acto oficial para inaugurar obras en la Universidad Nacional de Hurlingham (Unahur). La casa de estudios, que participa activamente del Plan\u2026","rel":"","context":"En \u00abPol\u00edtica\u00bb","block_context":{"text":"Pol\u00edtica","link":"http:\/\/www.24baires.com\/?cat=51"},"img":{"alt_text":"","src":"https:\/\/i0.wp.com\/www.24baires.com\/wp-content\/uploads\/2019\/12\/alberto-fernandez.jpg?resize=350%2C200","width":350,"height":200,"srcset":"https:\/\/i0.wp.com\/www.24baires.com\/wp-content\/uploads\/2019\/12\/alberto-fernandez.jpg?resize=350%2C200 1x, https:\/\/i0.wp.com\/www.24baires.com\/wp-content\/uploads\/2019\/12\/alberto-fernandez.jpg?resize=525%2C300 1.5x"},"classes":[]},{"id":122596,"url":"http:\/\/www.24baires.com\/?p=122596","url_meta":{"origin":71643,"position":3},"title":"En Avellaneda, Kicillof denunci\u00f3 un \u201cplan deliberado de exterminio industrial\u201d del Gobierno nacional","author":"GB","date":"08\/10\/2025","format":false,"excerpt":"El gobernador de la provincia de Buenos Aires, Axel Kicillof, encabez\u00f3 este martes la apertura de la XXI Convenci\u00f3n Anual Pro Textil, donde lanz\u00f3 duras cr\u00edticas a las pol\u00edticas econ\u00f3micas del Gobierno nacional. En el Teatro Municipal Roma de Avellaneda, el mandatario advirti\u00f3 que \u201clas medidas de Javier Milei ponen\u2026","rel":"","context":"En \u00abProvincia\u00bb","block_context":{"text":"Provincia","link":"http:\/\/www.24baires.com\/?cat=40"},"img":{"alt_text":"","src":"https:\/\/i0.wp.com\/www.24baires.com\/wp-content\/uploads\/2025\/10\/axel-avellaneda.jpg?resize=350%2C200","width":350,"height":200,"srcset":"https:\/\/i0.wp.com\/www.24baires.com\/wp-content\/uploads\/2025\/10\/axel-avellaneda.jpg?resize=350%2C200 1x, https:\/\/i0.wp.com\/www.24baires.com\/wp-content\/uploads\/2025\/10\/axel-avellaneda.jpg?resize=525%2C300 1.5x, https:\/\/i0.wp.com\/www.24baires.com\/wp-content\/uploads\/2025\/10\/axel-avellaneda.jpg?resize=700%2C400 2x, https:\/\/i0.wp.com\/www.24baires.com\/wp-content\/uploads\/2025\/10\/axel-avellaneda.jpg?resize=1050%2C600 3x, https:\/\/i0.wp.com\/www.24baires.com\/wp-content\/uploads\/2025\/10\/axel-avellaneda.jpg?resize=1400%2C800 4x"},"classes":[]},{"id":80368,"url":"http:\/\/www.24baires.com\/?p=80368","url_meta":{"origin":71643,"position":4},"title":"El kirchnerismo se re\u00fane en Avellaneda","author":"GB","date":"19\/03\/2016","format":false,"excerpt":"El Frente para la Victoria realizar\u00e1 un plenario en Avellaneda para mostrarse unido frente al gobierno de Macri y ante el Partido Justicialista. El Frente para la Victoria realiza un plenario nacional en Avellaneda, donde el intendente Jorge Ferraresi recibir\u00e1 en la sede de UTN de Villa Dom\u00ednico a Alicia\u2026","rel":"","context":"En \u00abPol\u00edtica\u00bb","block_context":{"text":"Pol\u00edtica","link":"http:\/\/www.24baires.com\/?cat=51"},"img":{"alt_text":"scioli plataforma","src":"https:\/\/i0.wp.com\/www.24baires.com\/wp-content\/uploads\/2015\/11\/scioli-plataforma.jpg?resize=350%2C200","width":350,"height":200,"srcset":"https:\/\/i0.wp.com\/www.24baires.com\/wp-content\/uploads\/2015\/11\/scioli-plataforma.jpg?resize=350%2C200 1x, https:\/\/i0.wp.com\/www.24baires.com\/wp-content\/uploads\/2015\/11\/scioli-plataforma.jpg?resize=525%2C300 1.5x"},"classes":[]},{"id":57062,"url":"http:\/\/www.24baires.com\/?p=57062","url_meta":{"origin":71643,"position":5},"title":"Scioli: \u00abEl deporte es la contracara de la violencia\u00bb","author":"GB","date":"13\/11\/2014","format":false,"excerpt":"AVELLANEDA-El gobernador bonaerense pidi\u00f3 erradicar de las instituciones a aquellos individuos que \"se dicen hinchas de f\u00fatbol pero que son verdaderos delincuentes\". Sciolo lo dijo al inaugurar un complejo polideportivo en Dock Sud, en Avellaneda. El gobernador de la provincia de Buenos Aires, Daniel Scioli, afirm\u00f3 hoy que \"el deporte\u2026","rel":"","context":"En \u00abPol\u00edtica\u00bb","block_context":{"text":"Pol\u00edtica","link":"http:\/\/www.24baires.com\/?cat=51"},"img":{"alt_text":"scioli5","src":"https:\/\/i0.wp.com\/www.24baires.com\/wp-content\/uploads\/2014\/08\/scioli5.jpg?resize=350%2C200","width":350,"height":200,"srcset":"https:\/\/i0.wp.com\/www.24baires.com\/wp-content\/uploads\/2014\/08\/scioli5.jpg?resize=350%2C200 1x, https:\/\/i0.wp.com\/www.24baires.com\/wp-content\/uploads\/2014\/08\/scioli5.jpg?resize=525%2C300 1.5x"},"classes":[]}],"jetpack_sharing_enabled":true,"jetpack_likes_enabled":true,"jetpack_featured_media_url":"","_links":{"self":[{"href":"http:\/\/www.24baires.com\/index.php?rest_route=\/wp\/v2\/posts\/71643","targetHints":{"allow":["GET"]}}],"collection":[{"href":"http:\/\/www.24baires.com\/index.php?rest_route=\/wp\/v2\/posts"}],"about":[{"href":"http:\/\/www.24baires.com\/index.php?rest_route=\/wp\/v2\/types\/post"}],"author":[{"embeddable":true,"href":"http:\/\/www.24baires.com\/index.php?rest_route=\/wp\/v2\/users\/4"}],"replies":[{"embeddable":true,"href":"http:\/\/www.24baires.com\/index.php?rest_route=%2Fwp%2Fv2%2Fcomments&post=71643"}],"version-history":[{"count":1,"href":"http:\/\/www.24baires.com\/index.php?rest_route=\/wp\/v2\/posts\/71643\/revisions"}],"predecessor-version":[{"id":71644,"href":"http:\/\/www.24baires.com\/index.php?rest_route=\/wp\/v2\/posts\/71643\/revisions\/71644"}],"wp:attachment":[{"href":"http:\/\/www.24baires.com\/index.php?rest_route=%2Fwp%2Fv2%2Fmedia&parent=71643"}],"wp:term":[{"taxonomy":"category","embeddable":true,"href":"http:\/\/www.24baires.com\/index.php?rest_route=%2Fwp%2Fv2%2Fcategories&post=71643"},{"taxonomy":"post_tag","embeddable":true,"href":"http:\/\/www.24baires.com\/index.php?rest_route=%2Fwp%2Fv2%2Ftags&post=71643"}],"curies":[{"name":"wp","href":"https:\/\/api.w.org\/{rel}","templated":true}]}}