{"id":71622,"date":"2015-09-04T10:30:54","date_gmt":"2015-09-04T13:30:54","guid":{"rendered":"http:\/\/www.24baires.com\/?p=71622"},"modified":"2015-09-04T19:05:20","modified_gmt":"2015-09-04T22:05:20","slug":"macri-cree-que-el-y-sus-amigos-tienen-que-ser-mas-ricos-y-el-pueblo-pobre","status":"publish","type":"post","link":"http:\/\/www.24baires.com\/?p=71622","title":{"rendered":"\u00abMacri cree que \u00e9l y sus amigos tienen que ser m\u00e1s ricos y el pueblo pobre\u00bb"},"content":{"rendered":"<p><img data-recalc-dims=\"1\" loading=\"lazy\" decoding=\"async\" class=\"aligncenter size-full wp-image-70083\" src=\"https:\/\/i0.wp.com\/www.24baires.com\/wp-content\/uploads\/2015\/08\/an%C3%ADbal-cierre.jpg?resize=560%2C370\" alt=\"an\u00edbal cierre\" width=\"560\" height=\"370\" srcset=\"https:\/\/i0.wp.com\/www.24baires.com\/wp-content\/uploads\/2015\/08\/an%C3%ADbal-cierre.jpg?w=560 560w, https:\/\/i0.wp.com\/www.24baires.com\/wp-content\/uploads\/2015\/08\/an%C3%ADbal-cierre.jpg?resize=300%2C198 300w\" sizes=\"auto, (max-width: 560px) 100vw, 560px\" \/>El jefe de Gabinete se refiri\u00f3 de esta manera a las cr\u00edticas del jefe de Gobierno porte\u00f1o y candidato a presidente. Y record\u00f3 que Macri tiene varias cosas en su lomo, como denuncias de contrabando agravado y escuchas ilegales, entre otras.\u201dTiene unas cuantas cosas que son deplorables\u201d, enfatiz\u00f3.<!--more--><\/p>\n","protected":false},"excerpt":{"rendered":"<p>El jefe de Gabinete se refiri\u00f3 de esta manera a las cr\u00edticas del jefe de Gobierno porte\u00f1o y candidato a presidente. Y record\u00f3 que Macri tiene varias cosas en su lomo, como denuncias de contrabando agravado y escuchas ilegales, entre otras.\u201dTiene unas cuantas cosas que son deplorables\u201d, enfatiz\u00f3.<\/p>\n","protected":false},"author":4,"featured_media":0,"comment_status":"open","ping_status":"open","sticky":false,"template":"","format":"standard","meta":{"_jetpack_newsletter_access":"","_jetpack_dont_email_post_to_subs":false,"_jetpack_newsletter_tier_id":0,"_jetpack_memberships_contains_paywalled_content":false,"_jetpack_memberships_contains_paid_content":false,"footnotes":""},"categories":[51],"tags":[],"class_list":["post-71622","post","type-post","status-publish","format-standard","hentry","category-politica"],"jetpack_shortlink":"https:\/\/wp.me\/p2JWE0-iDc","jetpack-related-posts":[{"id":104574,"url":"http:\/\/www.24baires.com\/?p=104574","url_meta":{"origin":71622,"position":0},"title":"Vidal inaugura un puente entre Lan\u00fas y CABA junto a Macri y Larreta","author":"GB","date":"20\/09\/2018","format":false,"excerpt":"La Gobernadora participa junto al Presidente y al Jefe de Gobierno porte\u00f1o el Puente Ol\u00edmpico del Sur, que une la Capital Federal con el Sur del Conurbano bonaerense. La gobernadora Mar\u00eda Eugenia Vidal inaugur\u00f3 este mediod\u00eda, junto al presidente Mauricio Macri y al Jefe de Gobierno porte\u00f1o, Horacio Rodr\u00edguez Larreta,\u2026","rel":"","context":"En \u00abProvincia\u00bb","block_context":{"text":"Provincia","link":"http:\/\/www.24baires.com\/?cat=40"},"img":{"alt_text":"","src":"https:\/\/i0.wp.com\/www.24baires.com\/wp-content\/uploads\/2018\/09\/vidal-y-macri.jpg?resize=350%2C200","width":350,"height":200,"srcset":"https:\/\/i0.wp.com\/www.24baires.com\/wp-content\/uploads\/2018\/09\/vidal-y-macri.jpg?resize=350%2C200 1x, https:\/\/i0.wp.com\/www.24baires.com\/wp-content\/uploads\/2018\/09\/vidal-y-macri.jpg?resize=525%2C300 1.5x"},"classes":[]},{"id":106689,"url":"http:\/\/www.24baires.com\/?p=106689","url_meta":{"origin":71622,"position":1},"title":"Jorge Macri insiste en eliminar las PASO","author":"AF","date":"05\/02\/2019","format":false,"excerpt":"El intendente de Vicente L\u00f3pez, Jorge Macri, insisti\u00f3 en eliminar las Primarias, Abiertas, Simult\u00e1neas y Obligatorias (PASO) para \"ahorrar plata\" y pidi\u00f3 el compromiso de los partidos pol\u00edticos para avanzar en ese sentido de cara a los pr\u00f3ximos comicios. \"Me parece con los mismos argumentos que decidimos mantener unificadas las\u2026","rel":"","context":"En \u00abSociedad\u00bb","block_context":{"text":"Sociedad","link":"http:\/\/www.24baires.com\/?cat=1"},"img":{"alt_text":"","src":"https:\/\/i0.wp.com\/www.24baires.com\/wp-content\/uploads\/2013\/08\/urna3.jpg?resize=350%2C200","width":350,"height":200,"srcset":"https:\/\/i0.wp.com\/www.24baires.com\/wp-content\/uploads\/2013\/08\/urna3.jpg?resize=350%2C200 1x, https:\/\/i0.wp.com\/www.24baires.com\/wp-content\/uploads\/2013\/08\/urna3.jpg?resize=525%2C300 1.5x"},"classes":[]},{"id":112752,"url":"http:\/\/www.24baires.com\/?p=112752","url_meta":{"origin":71622,"position":2},"title":"Alberto Fern\u00e1ndez design\u00f3 el equipo que coordinar\u00e1 la transici\u00f3n","author":"AF","date":"28\/10\/2019","format":false,"excerpt":"El presidente electo Alberto Fern\u00e1ndez dispuso que Santiago Cafiero, Eduardo \"Wado\" De Pedro, Vilma Ibarra y Gustavo B\u00e9liz lideren la transici\u00f3n hasta su asunci\u00f3n. El presidente saliente Mauricio Macri recibi\u00f3 este lunes en Casa Rosada al presidente electo Alberto Fern\u00e1ndez para dar inicio al a transici\u00f3n que culminar\u00e1 el pr\u00f3ximo\u2026","rel":"","context":"En \u00abPol\u00edtica\u00bb","block_context":{"text":"Pol\u00edtica","link":"http:\/\/www.24baires.com\/?cat=51"},"img":{"alt_text":"","src":"https:\/\/i0.wp.com\/www.24baires.com\/wp-content\/uploads\/2019\/10\/equipo.jpg?resize=350%2C200","width":350,"height":200,"srcset":"https:\/\/i0.wp.com\/www.24baires.com\/wp-content\/uploads\/2019\/10\/equipo.jpg?resize=350%2C200 1x, https:\/\/i0.wp.com\/www.24baires.com\/wp-content\/uploads\/2019\/10\/equipo.jpg?resize=525%2C300 1.5x"},"classes":[]},{"id":104648,"url":"http:\/\/www.24baires.com\/?p=104648","url_meta":{"origin":71622,"position":3},"title":"Macri consider\u00f3 como \u00abun gesto patri\u00f3tico\u00bb la renuncia de Caputo","author":"GB","date":"26\/09\/2018","format":false,"excerpt":"El presidente Mauricio Macri minimiz\u00f3 el impacto de la renuncia del presidente del Banco Central, Luis Caputo, al sostener que era un movimiento previamente acordado, y asegur\u00f3 que su llegada al organismo fue \"un gesto patri\u00f3tico\" porque \"no ten\u00eda la vocaci\u00f3n de ejercerlo\". Tras su discurso ante la Asamblea General\u2026","rel":"","context":"En \u00abPol\u00edtica\u00bb","block_context":{"text":"Pol\u00edtica","link":"http:\/\/www.24baires.com\/?cat=51"},"img":{"alt_text":"","src":"https:\/\/i0.wp.com\/www.24baires.com\/wp-content\/uploads\/2018\/06\/dujovne-macri.jpg?resize=350%2C200","width":350,"height":200,"srcset":"https:\/\/i0.wp.com\/www.24baires.com\/wp-content\/uploads\/2018\/06\/dujovne-macri.jpg?resize=350%2C200 1x, https:\/\/i0.wp.com\/www.24baires.com\/wp-content\/uploads\/2018\/06\/dujovne-macri.jpg?resize=525%2C300 1.5x"},"classes":[]},{"id":111469,"url":"http:\/\/www.24baires.com\/?p=111469","url_meta":{"origin":71622,"position":4},"title":"\u00abMuero de ganas de debatir con Macri, pero no se va a animar\u00bb","author":"AF","date":"05\/08\/2019","format":false,"excerpt":"El precandidato del Frente de Todos desafi\u00f3 al Presidente a un debate, aunque descart\u00f3 que el primer mandatario vaya a participar. \"No tiene un logro para mostrar\", consider\u00f3. El precandidato presidencial del Frente de Todos, Alberto Fern\u00e1ndez, desafi\u00f3 a Mauricio Macri a participar de un debate, aunque asegur\u00f3 que el\u2026","rel":"","context":"En \u00abPol\u00edtica\u00bb","block_context":{"text":"Pol\u00edtica","link":"http:\/\/www.24baires.com\/?cat=51"},"img":{"alt_text":"","src":"https:\/\/i0.wp.com\/www.24baires.com\/wp-content\/uploads\/2019\/06\/alberto-fernandez.jpg?resize=350%2C200","width":350,"height":200,"srcset":"https:\/\/i0.wp.com\/www.24baires.com\/wp-content\/uploads\/2019\/06\/alberto-fernandez.jpg?resize=350%2C200 1x, https:\/\/i0.wp.com\/www.24baires.com\/wp-content\/uploads\/2019\/06\/alberto-fernandez.jpg?resize=525%2C300 1.5x"},"classes":[]},{"id":117553,"url":"http:\/\/www.24baires.com\/?p=117553","url_meta":{"origin":71622,"position":5},"title":"Cafiero: \u00abMientras los argentinos se arriesgan, otros aprovechan sus privilegios en Miami\u00bb","author":"AF","date":"11\/05\/2021","format":false,"excerpt":"El Jefe de Gabinete critic\u00f3 de este modo al ex presidente Mauricio Macri al poner en marcha una planta de tratamiento de residuos cloacales que cost\u00f3 79,6 millones de d\u00f3lares en Chaco. El jefe de Gabinete de Ministros, Santiago Cafiero, asegur\u00f3 este martes que \"mientras los argentinos se arriesgan combatiendo\u2026","rel":"","context":"En \u00abSociedad\u00bb","block_context":{"text":"Sociedad","link":"http:\/\/www.24baires.com\/?cat=1"},"img":{"alt_text":"","src":"https:\/\/i0.wp.com\/www.24baires.com\/wp-content\/uploads\/2021\/05\/609ace614d0e9_1004x565.jpg?resize=350%2C200","width":350,"height":200,"srcset":"https:\/\/i0.wp.com\/www.24baires.com\/wp-content\/uploads\/2021\/05\/609ace614d0e9_1004x565.jpg?resize=350%2C200 1x, https:\/\/i0.wp.com\/www.24baires.com\/wp-content\/uploads\/2021\/05\/609ace614d0e9_1004x565.jpg?resize=525%2C300 1.5x"},"classes":[]}],"jetpack_sharing_enabled":true,"jetpack_likes_enabled":true,"jetpack_featured_media_url":"","_links":{"self":[{"href":"http:\/\/www.24baires.com\/index.php?rest_route=\/wp\/v2\/posts\/71622","targetHints":{"allow":["GET"]}}],"collection":[{"href":"http:\/\/www.24baires.com\/index.php?rest_route=\/wp\/v2\/posts"}],"about":[{"href":"http:\/\/www.24baires.com\/index.php?rest_route=\/wp\/v2\/types\/post"}],"author":[{"embeddable":true,"href":"http:\/\/www.24baires.com\/index.php?rest_route=\/wp\/v2\/users\/4"}],"replies":[{"embeddable":true,"href":"http:\/\/www.24baires.com\/index.php?rest_route=%2Fwp%2Fv2%2Fcomments&post=71622"}],"version-history":[{"count":1,"href":"http:\/\/www.24baires.com\/index.php?rest_route=\/wp\/v2\/posts\/71622\/revisions"}],"predecessor-version":[{"id":71623,"href":"http:\/\/www.24baires.com\/index.php?rest_route=\/wp\/v2\/posts\/71622\/revisions\/71623"}],"wp:attachment":[{"href":"http:\/\/www.24baires.com\/index.php?rest_route=%2Fwp%2Fv2%2Fmedia&parent=71622"}],"wp:term":[{"taxonomy":"category","embeddable":true,"href":"http:\/\/www.24baires.com\/index.php?rest_route=%2Fwp%2Fv2%2Fcategories&post=71622"},{"taxonomy":"post_tag","embeddable":true,"href":"http:\/\/www.24baires.com\/index.php?rest_route=%2Fwp%2Fv2%2Ftags&post=71622"}],"curies":[{"name":"wp","href":"https:\/\/api.w.org\/{rel}","templated":true}]}}